{"id":233,"date":"2012-07-12T21:06:16","date_gmt":"2012-07-12T21:06:16","guid":{"rendered":"http:\/\/www.unioviedo.es\/CCOO\/?p=233"},"modified":"2012-07-12T21:06:16","modified_gmt":"2012-07-12T21:06:16","slug":"concentraciones-viernes-13-de-julio-en-los-centros-de-trabajo","status":"publish","type":"post","link":"https:\/\/www.unioviedo.es\/CCOO\/?p=233","title":{"rendered":"Concentraciones viernes 13 de julio en los centros de trabajo"},"content":{"rendered":"<table border=\"0\" cellspacing=\"0\" cellpadding=\"0\">\n<tbody>\n<tr>\n<td style=\"text-align: center;\" valign=\"top\" width=\"578\">\n<p style=\"text-align: center;\">\u00a0<strong>CCOO INFORMA<\/strong><\/p>\n<p style=\"text-align: center;\"><strong>Tras el plante a Beteta se convocan concentraciones el viernes en todos los centros de trabajo<\/strong><\/p>\n<\/td>\n<\/tr>\n<tr>\n<td valign=\"top\" width=\"578\"><em><strong>\u00a0T<\/strong>ras la frustrada reuni\u00f3n de ayer de la Mesa General de Negociaci\u00f3n de las Administraciones P\u00fablicas, se preparan concentraciones en todo el Estado espa\u00f1ol.<\/em><\/p>\n<p><em>\u00a0CCOO se dirigir\u00e1 ma\u00f1ana al resto de los sindicatos de la Funci\u00f3n P\u00fablica para organizar una Plataforma de defensa del empleo p\u00fablico y convoca a todos los empleados p\u00fablicos a protestar el viernes por la ma\u00f1ana por los recortes<\/em><\/td>\n<\/tr>\n<tr>\n<td valign=\"top\" width=\"578\">\n<p align=\"right\">Madrid, 11 de julio de 2012<\/p>\n<\/td>\n<\/tr>\n<\/tbody>\n<\/table>\n<p style=\"text-align: justify;\">\u00a0El \u00c1rea P\u00fablica de Comisiones Obreras \u2014formada por las Federaciones de Servicios a la Ciudadan\u00eda, Ense\u00f1anza y Sanidad y Sectores Sociosanitarios\u2014, as\u00ed como el resto de sindicatos de la Funci\u00f3n P\u00fablica, que se neg\u00f3 ayer a asistir a la reuni\u00f3n convocada para por Antonio Beteta, secretario de Estado de Administraciones P\u00fablicas, expresa su rechazo m\u00e1s absoluto a los recortes anunciados ayer en el Congreso por el presidente del Gobierno, que afectar\u00e1n gravemente a los desempleados, personas dependientes y, de manera significativa, al conjunto de los empleados p\u00fablicos, as\u00ed como a la ciudadan\u00eda en general.<\/p>\n<p style=\"text-align: justify;\">\u00a0Por otra parte, el sindicato afirma que los datos que da el Gobierno sobre empleo p\u00fablico no son ciertos y se\u00f1ala que desde el inicio de la crisis se ha perdido un 9,6% de empleo en el sector p\u00fablico y concretamente desde finales de 2010 se han destruido mas de 100.000 puestos de trabajo. Adem\u00e1s este sector sufri\u00f3 una rebaja salarial del 5% de media en 2010 y dos congelaciones sucesivas en 2011 y 2012, lo que supone que desde 2006 las retribuciones de las personas que trabajan para las Administraciones P\u00fablicas han perdido un 8,7% de capacidad adquisitiva. Y ahora a estos recortes se le suma la supresi\u00f3n de la paga extraordinaria de Navidad, lo que implicar\u00e1 una p\u00e9rdida adicional de retribuciones de entre el 6,2% y el 7,1%, y la reducci\u00f3n de los d\u00edas de libre disposici\u00f3n, m\u00e1s conocidos como \u201cmoscosos\u201d.<\/p>\n<p style=\"text-align: justify;\"><strong>Ante esta situaci\u00f3n, el \u00c1rea P\u00fablica de CCOO, ha decidido ponerse en contacto a lo largo del d\u00eda de hoy con el resto de sindicatos de la Funci\u00f3n P\u00fablica para articular una Plataforma de defensa del empleo p\u00fablico y convocar a todos los empleados p\u00fablicos a protestar el viernes en la hora del desayuno por los recortes.<\/strong><\/p>\n<p style=\"text-align: justify;\"><strong>\u00a0<\/strong>Tras los recortes anunciados, CCOO considera que el Gobierno est\u00e1 desmontando no solo el ya maltrecho Estado de bienestar sino el Estado \u201ccon may\u00fasculas\u201d por medio de la imposici\u00f3n de recortes, de enga\u00f1ar a la ciudadan\u00eda ejecutando un programa radicalmente diferente al que hab\u00edan anunciado y recuperando formas autoritarias y antidemocr\u00e1ticas. En este sentido, tanto CCOO como UGT ya han anunciado su intenci\u00f3n de celebrar en los pr\u00f3ximos meses una consulta a la ciudadan\u00eda para que \u00e9sta se pronuncie sobre los recortes sociales y laborales.<\/p>\n<p style=\"text-align: justify;\">\n","protected":false},"excerpt":{"rendered":"<p>\u00a0CCOO INFORMA Tras el plante a Beteta se convocan concentraciones el viernes en todos los centros de trabajo \u00a0Tras la frustrada reuni\u00f3n de ayer de la Mesa General de Negociaci\u00f3n de las Administraciones P\u00fablicas, se preparan concentraciones en todo el &hellip; <a href=\"https:\/\/www.unioviedo.es\/CCOO\/?p=233\">Sigue leyendo <span class=\"meta-nav\">&rarr;<\/span><\/a><\/p>\n","protected":false},"author":1,"featured_media":0,"comment_status":"closed","ping_status":"open","sticky":false,"template":"","format":"gallery","meta":{"footnotes":""},"categories":[5],"tags":[],"_links":{"self":[{"href":"https:\/\/www.unioviedo.es\/CCOO\/index.php?rest_route=\/wp\/v2\/posts\/233"}],"collection":[{"href":"https:\/\/www.unioviedo.es\/CCOO\/index.php?rest_route=\/wp\/v2\/posts"}],"about":[{"href":"https:\/\/www.unioviedo.es\/CCOO\/index.php?rest_route=\/wp\/v2\/types\/post"}],"author":[{"embeddable":true,"href":"https:\/\/www.unioviedo.es\/CCOO\/index.php?rest_route=\/wp\/v2\/users\/1"}],"replies":[{"embeddable":true,"href":"https:\/\/www.unioviedo.es\/CCOO\/index.php?rest_route=%2Fwp%2Fv2%2Fcomments&post=233"}],"version-history":[{"count":1,"href":"https:\/\/www.unioviedo.es\/CCOO\/index.php?rest_route=\/wp\/v2\/posts\/233\/revisions"}],"predecessor-version":[{"id":234,"href":"https:\/\/www.unioviedo.es\/CCOO\/index.php?rest_route=\/wp\/v2\/posts\/233\/revisions\/234"}],"wp:attachment":[{"href":"https:\/\/www.unioviedo.es\/CCOO\/index.php?rest_route=%2Fwp%2Fv2%2Fmedia&parent=233"}],"wp:term":[{"taxonomy":"category","embeddable":true,"href":"https:\/\/www.unioviedo.es\/CCOO\/index.php?rest_route=%2Fwp%2Fv2%2Fcategories&post=233"},{"taxonomy":"post_tag","embeddable":true,"href":"https:\/\/www.unioviedo.es\/CCOO\/index.php?rest_route=%2Fwp%2Fv2%2Ftags&post=233"}],"curies":[{"name":"wp","href":"https:\/\/api.w.org\/{rel}","templated":true}]}}