{"id":2116,"date":"2022-12-13T16:43:28","date_gmt":"2022-12-13T15:43:28","guid":{"rendered":"https:\/\/www.unioviedo.es\/IUOPA\/?p=2116"},"modified":"2023-03-06T14:58:02","modified_gmt":"2023-03-06T13:58:02","slug":"os-mismos-de-sempre-repiten-su-gala-solidaria-de-verano-el-sabado-17-2","status":"publish","type":"post","link":"https:\/\/www.unioviedo.es\/IUOPA\/en\/os-mismos-de-sempre-repiten-su-gala-solidaria-de-verano-el-sabado-17-2\/","title":{"rendered":"Os Mismos de Sempre repiten su gala solidaria de verano el s\u00e1bado 17"},"content":{"rendered":"<p><div class=\"fusion-fullwidth fullwidth-box fusion-builder-row-1 fusion-flex-container nonhundred-percent-fullwidth non-hundred-percent-height-scrolling\" style=\"background-color: rgba(255,255,255,0);background-position: center center;background-repeat: no-repeat;border-width: 0px 0px 0px 0px;border-color:#eae9e9;border-style:solid;\" ><div class=\"fusion-builder-row fusion-row fusion-flex-align-items-flex-start fusion-flex-justify-content-center\" style=\"max-width:1216.8px;margin-left: calc(-4% \/ 2 );margin-right: calc(-4% \/ 2 );\"><div class=\"fusion-layout-column fusion_builder_column fusion-builder-column-0 fusion_builder_column_1_1 1_1 fusion-flex-column\"><div class=\"fusion-column-wrapper fusion-flex-justify-content-flex-start fusion-content-layout-column\" style=\"background-position:left top;background-repeat:no-repeat;-webkit-background-size:cover;-moz-background-size:cover;-o-background-size:cover;background-size:cover;padding: 0px 0px 0px 0px;\"><style type=\"text\/css\">@media only screen and (max-width:1024px) {.fusion-title.fusion-title-1{margin-top:0px!important; margin-right:0px!important;margin-bottom:20px!important;margin-left:0px!important;}}@media only screen and (max-width:640px) {.fusion-title.fusion-title-1{margin-top:0px!important; margin-right:0px!important;margin-bottom:20px!important; margin-left:0px!important;}}<\/style><div class=\"fusion-title title fusion-title-1 fusion-sep-none fusion-title-text fusion-title-size-one\" style=\"font-size:30px;margin-top:0px;margin-right:0px;margin-bottom:20px;margin-left:0px;\"><h1 class=\"title-heading-left fusion-responsive-typography-calculated\" style=\"margin:0;font-size:1em;--fontSize:30;line-height:1.1;\">Os Mismos de Sempre repiten su gala solidaria de verano el s\u00e1bado 17<\/h1><\/div><div ><span class=\" fusion-imageframe imageframe-none imageframe-1 hover-type-zoomin\"><a href=\"https:\/\/www.unioviedo.es\/IUOPA\/wp-content\/uploads\/2022\/12\/Os-mismos-de-sempre.jpg\" class=\"fusion-lightbox\" data-rel=\"iLightbox[b21dab9ccee6ef5ffe7]\" data-title=\"Os-mismos-de-sempre\" title=\"Os-mismos-de-sempre\"><img decoding=\"async\" width=\"800\" height=\"539\" src=\"https:\/\/www.unioviedo.es\/IUOPA\/wp-content\/uploads\/2022\/12\/Os-mismos-de-sempre.jpg\" data-orig-src=\"https:\/\/www.unioviedo.es\/IUOPA\/wp-content\/uploads\/2022\/12\/Os-mismos-de-sempre.jpg\" alt class=\"lazyload img-responsive wp-image-2114\" srcset=\"data:image\/svg+xml,%3Csvg%20xmlns%3D%27http%3A%2F%2Fwww.w3.org%2F2000%2Fsvg%27%20width%3D%27800%27%20height%3D%27539%27%20viewBox%3D%270%200%20800%20539%27%3E%3Crect%20width%3D%27800%27%20height%3D%27539%27%20fill-opacity%3D%220%22%2F%3E%3C%2Fsvg%3E\" data-srcset=\"https:\/\/www.unioviedo.es\/IUOPA\/wp-content\/uploads\/2022\/12\/Os-mismos-de-sempre-200x135.jpg 200w, https:\/\/www.unioviedo.es\/IUOPA\/wp-content\/uploads\/2022\/12\/Os-mismos-de-sempre-400x270.jpg 400w, https:\/\/www.unioviedo.es\/IUOPA\/wp-content\/uploads\/2022\/12\/Os-mismos-de-sempre-600x404.jpg 600w, https:\/\/www.unioviedo.es\/IUOPA\/wp-content\/uploads\/2022\/12\/Os-mismos-de-sempre.jpg 800w\" data-sizes=\"auto\" data-orig-sizes=\"(max-width: 1024px) 100vw, (max-width: 640px) 100vw, 800px\" \/><\/a><\/span><\/div><div class=\"fusion-separator fusion-full-width-sep\" style=\"align-self: center;margin-left: auto;margin-right: auto;margin-top:40px;width:100%;\"><\/div><style type=\"text\/css\">@media only screen and (max-width:1024px) {.fusion-title.fusion-title-2{margin-top:0px!important; margin-right:0px!important;margin-bottom:31px!important;margin-left:0px!important;}}@media only screen and (max-width:640px) {.fusion-title.fusion-title-2{margin-top:0px!important; margin-right:0px!important;margin-bottom:20px!important; margin-left:0px!important;}}<\/style><div class=\"fusion-title title fusion-title-2 fusion-sep-none fusion-title-text fusion-title-size-two\" style=\"font-size:20px;margin-top:0px;margin-right:0px;margin-bottom:31px;margin-left:0px;\"><h2 class=\"title-heading-left fusion-responsive-typography-calculated\" style=\"margin:0;font-size:1em;letter-spacing:0px;--fontSize:20;--minFontSize:20px;line-height:1.3;\"><span style=\"font-family: Roboto Slab;\">La recaudaci\u00f3n del espect\u00e1culo musical se destinar\u00e1 a la investigaci\u00f3n contra el c\u00e1ncer<\/span><\/h2><\/div><div class=\"fusion-text fusion-text-1\"><p class=\"article-body__text article-body__text--entry article-body__text-middle\">El pr\u00f3ximo s\u00e1bado 17 de diciembre los tapiegos y quien decida acercarse a Tapia de Casariego tendr\u00e1n la oportunidad de volver a disfrutar de la gala solidaria preparada por la asociaci\u00f3n ben\u00e9fico cultural \u00abOs Mismos de Sempre\u00bb en verano para recaudar fondos para la investigaci\u00f3n contra el c\u00e1ncer. Por petici\u00f3n popular, el colectivo volver\u00e1 a poner sobre el escenario del auditorio de la Casa de Cultura tapiega su espect\u00e1culo musical y de humor, siendo esta la primera vez que repite una gala. Por ese motivo, las entradas bajan de precio a los 10 euros; lo que se mantiene es el destino de la recaudaci\u00f3n, que se entregar\u00e1 al Instituto Universitario de Oncolog\u00eda del Principado. \u00abEstamos inmersos en la preparaci\u00f3n de la carroza de Carnaval y no nos daba tiempo a crear otra gala para Navidad, pero la gente nos ped\u00eda hacer algo en invierno, as\u00ed que decidimos repetirla para dar la posibilidad de verla a quien no pudo y porque hay gente que tiene ganas de volver a verla\u00bb, explica la presidenta, Isabel Cuervo.<\/p>\n<div class=\"article-body--seo-closed\">\n<p class=\"article-body__text \">Los integrantes de este colectivo vecinal, que fue distinguido como \u00abAsturiano del mes\u00bb en julio por LA NUEVA ESPA\u00d1A, se encargan de hacer todo lo referente a su gala, incluso actuar, esp\u00edritu que tambi\u00e9n llevan a los Carnavales en los que participan.<\/p>\n<p><strong>Fuente: La Nueva Espa\u00f1a<\/strong> &#8211; <a href=\"https:\/\/www.lne.es\/occidente\/2022\/12\/09\/sempre-repiten-gala-solidaria-verano-79727780.html\">Leer noticia completa<\/a><\/p>\n<\/div>\n<\/div><div class=\"fusion-separator fusion-full-width-sep\" style=\"align-self: center;margin-left: auto;margin-right: auto;margin-top:40px;width:100%;\"><\/div><\/div><style type=\"text\/css\">.fusion-body .fusion-builder-column-0{width:100% !important;margin-top : 0px;margin-bottom : 0px;}.fusion-builder-column-0 > .fusion-column-wrapper {padding-top : 0px !important;padding-right : 0px !important;margin-right : 1.92%;padding-bottom : 0px !important;padding-left : 0px !important;margin-left : 1.92%;}@media only screen and (max-width:1024px) {.fusion-body .fusion-builder-column-0{width:75% !important;order : 0;}.fusion-builder-column-0 > .fusion-column-wrapper {margin-right : 2.56%;margin-left : 2.56%;}}@media only screen and (max-width:640px) {.fusion-body .fusion-builder-column-0{width:100% !important;order : 0;}.fusion-builder-column-0 > .fusion-column-wrapper {margin-right : 1.92%;margin-left : 1.92%;}}<\/style><\/div><\/div><style type=\"text\/css\">.fusion-body .fusion-flex-container.fusion-builder-row-1{ padding-top : 0px;margin-top : 0px;padding-right : 30px;padding-bottom : 0px;margin-bottom : 0px;padding-left : 30px;}@media only screen and (max-width:1024px) {.fusion-body .fusion-flex-container.fusion-builder-row-1{ padding-top : 80px;}}<\/style><\/div><div class=\"fusion-fullwidth fullwidth-box fusion-builder-row-2 fusion-flex-container nonhundred-percent-fullwidth non-hundred-percent-height-scrolling\" style=\"background-color: rgba(255,255,255,0);background-position: center center;background-repeat: no-repeat;border-width: 0px 0px 0px 0px;border-color:#eae9e9;border-style:solid;\" ><div class=\"fusion-builder-row fusion-row fusion-flex-align-items-flex-start\" style=\"max-width:1216.8px;margin-left: calc(-4% \/ 2 );margin-right: calc(-4% \/ 2 );\"><div class=\"fusion-layout-column fusion_builder_column fusion-builder-column-1 fusion_builder_column_1_1 1_1 fusion-flex-column\"><div class=\"fusion-column-wrapper fusion-flex-justify-content-flex-start fusion-content-layout-column\" style=\"background-position:left top;background-repeat:no-repeat;-webkit-background-size:cover;-moz-background-size:cover;-o-background-size:cover;background-size:cover;padding: 20px 0px 20px 0px;\"><div class=\"fusion-sharing-box fusion-sharing-box-1\" style=\"background-color:#f6f6f6;margin-top:60px;\" data-title=\"Os Mismos de Sempre repiten su gala solidaria de verano el s\u00e1bado 17\" data-description=\"La recaudaci\u00f3n del espect\u00e1culo musical se destinar\u00e1 a la investigaci\u00f3n contra el c\u00e1ncer \r\nEl pr\u00f3ximo s\u00e1bado 17 de diciembre los tapiegos y quien decida acercarse a Tapia de Casariego tendr\u00e1n la oportunidad de volver a disfrutar de la gala solidaria preparada por la asociaci\u00f3n ben\u00e9fico cultural &quot;Os\" data-link=\"https:\/\/www.unioviedo.es\/IUOPA\/en\/os-mismos-de-sempre-repiten-su-gala-solidaria-de-verano-el-sabado-17-2\/\"><h4 class=\"tagline\" style=\"color:#2f2f2f;\">Compartir noticia<\/h4><div class=\"fusion-social-networks sharingbox-shortcode-icon-wrapper sharingbox-shortcode-icon-wrapper-1\"><span><a href=\"https:\/\/www.facebook.com\/sharer.php?u=https%3A%2F%2Fwww.unioviedo.es%2FIUOPA%2Fen%2Fos-mismos-de-sempre-repiten-su-gala-solidaria-de-verano-el-sabado-17-2%2F&amp;t=Os%20Mismos%20de%20Sempre%20repiten%20su%20gala%20solidaria%20de%20verano%20el%20s%C3%A1bado%2017\" target=\"_blank\" rel=\"noreferrer\" title=\"Facebook\" aria-label=\"Facebook\"><i class=\"fusion-social-network-icon fusion-tooltip fusion-facebook awb-icon-facebook\" style=\"color:#76b5ae;\" aria-hidden=\"true\"><\/i><\/a><\/span><span><a href=\"https:\/\/twitter.com\/share?text=Os%20Mismos%20de%20Sempre%20repiten%20su%20gala%20solidaria%20de%20verano%20el%20s%C3%A1bado%2017&amp;url=https%3A%2F%2Fwww.unioviedo.es%2FIUOPA%2Fen%2Fos-mismos-de-sempre-repiten-su-gala-solidaria-de-verano-el-sabado-17-2%2F\" target=\"_blank\" rel=\"noopener noreferrer\" title=\"Twitter\" aria-label=\"Twitter\"><i class=\"fusion-social-network-icon fusion-tooltip fusion-twitter awb-icon-twitter\" style=\"color:#76b5ae;\" aria-hidden=\"true\"><\/i><\/a><\/span><span><a href=\"https:\/\/www.linkedin.com\/shareArticle?mini=true&amp;url=https%3A%2F%2Fwww.unioviedo.es%2FIUOPA%2Fen%2Fos-mismos-de-sempre-repiten-su-gala-solidaria-de-verano-el-sabado-17-2%2F&amp;title=Os%20Mismos%20de%20Sempre%20repiten%20su%20gala%20solidaria%20de%20verano%20el%20s%C3%A1bado%2017&amp;summary=La%20recaudaci%C3%B3n%20del%20espect%C3%A1culo%20musical%20se%20destinar%C3%A1%20a%20la%20investigaci%C3%B3n%20contra%20el%20c%C3%A1ncer%20%0D%0AEl%20pr%C3%B3ximo%20s%C3%A1bado%2017%20de%20diciembre%20los%20tapiegos%20y%20quien%20decida%20acercarse%20a%20Tapia%20de%20Casariego%20tendr%C3%A1n%20la%20oportunidad%20de%20volver%20a%20disfrutar%20de%20la%20gala%20solidaria%20preparada%20por%20la%20asociaci%C3%B3n%20ben%C3%A9fico%20cultural%20%26quot%3BOs\" target=\"_blank\" rel=\"noopener noreferrer\" title=\"LinkedIn\" aria-label=\"LinkedIn\"><i class=\"fusion-social-network-icon fusion-tooltip fusion-linkedin awb-icon-linkedin\" style=\"color:#76b5ae;\" aria-hidden=\"true\"><\/i><\/a><\/span><span><a href=\"mailto:?subject=Os%20Mismos%20de%20Sempre%20repiten%20su%20gala%20solidaria%20de%20verano%20el%20s%C3%A1bado%2017&amp;body=https%3A%2F%2Fwww.unioviedo.es%2FIUOPA%2Fen%2Fos-mismos-de-sempre-repiten-su-gala-solidaria-de-verano-el-sabado-17-2%2F\" target=\"_self\" title=\"Correo electr\u00f3nico\" aria-label=\"Correo electr\u00f3nico\"><i class=\"fusion-social-network-icon fusion-tooltip fusion-mail awb-icon-mail\" style=\"color:#76b5ae;\" aria-hidden=\"true\"><\/i><\/a><\/span><\/div><\/div><style type=\"text\/css\">.fusion-sharing-box-1 h4{margin-bottom:0 !important;}.fusion-sharing-box-1{flex-direction:row !important;padding-top:20px !important;padding-bottom:20px !important;}.sharingbox-shortcode-icon-wrapper-1 span.sharingbox-shortcode-icon-separator{border-right-width:0px !important;}@media only screen and (max-width:1024px){.fusion-sharing-box-1 h4{margin-right:0.5em !important;margin-bottom:0 !important;}.sharingbox-shortcode-icon-wrapper-1{width:auto !important;justify-content:flex-end !important;}.fusion-sharing-box-1{align-items:center !important;} }@media only screen and (max-width:640px){.fusion-sharing-box-1{flex-direction: column !important;align-items:center !important;}.fusion-sharing-box-1 h4{margin-bottom:revert !important;}.sharingbox-shortcode-icon-wrapper-1{width:100% !important;justify-content:space-between !important;} }<\/style><\/div><style type=\"text\/css\">.fusion-body .fusion-builder-column-1{width:100% !important;margin-top : 0px;margin-bottom : 0px;}.fusion-builder-column-1 > .fusion-column-wrapper {padding-top : 20px !important;padding-right : 0px !important;margin-right : 1.92%;padding-bottom : 20px !important;padding-left : 0px !important;margin-left : 1.92%;}@media only screen and (max-width:1024px) {.fusion-body .fusion-builder-column-1{width:100% !important;order : 0;}.fusion-builder-column-1 > .fusion-column-wrapper {margin-right : 1.92%;margin-left : 1.92%;}}@media only screen and (max-width:640px) {.fusion-body .fusion-builder-column-1{width:100% !important;order : 0;}.fusion-builder-column-1 > .fusion-column-wrapper {margin-right : 1.92%;margin-left : 1.92%;}}<\/style><\/div><\/div><style type=\"text\/css\">.fusion-body .fusion-flex-container.fusion-builder-row-2{ padding-top : 0px;margin-top : 0px;padding-right : 30px;padding-bottom : 0px;margin-bottom : 0px;padding-left : 30px;}<\/style><\/div><\/p>\n","protected":false},"excerpt":{"rendered":"","protected":false},"author":1,"featured_media":2114,"comment_status":"open","ping_status":"open","sticky":false,"template":"","format":"standard","meta":{"footnotes":""},"categories":[78],"tags":[162],"class_list":["post-2116","post","type-post","status-publish","format-standard","has-post-thumbnail","hentry","category-events-en","tag-actualidad-iuopa-en"],"_links":{"self":[{"href":"https:\/\/www.unioviedo.es\/IUOPA\/wp-json\/wp\/v2\/posts\/2116","targetHints":{"allow":["GET"]}}],"collection":[{"href":"https:\/\/www.unioviedo.es\/IUOPA\/wp-json\/wp\/v2\/posts"}],"about":[{"href":"https:\/\/www.unioviedo.es\/IUOPA\/wp-json\/wp\/v2\/types\/post"}],"author":[{"embeddable":true,"href":"https:\/\/www.unioviedo.es\/IUOPA\/wp-json\/wp\/v2\/users\/1"}],"replies":[{"embeddable":true,"href":"https:\/\/www.unioviedo.es\/IUOPA\/wp-json\/wp\/v2\/comments?post=2116"}],"version-history":[{"count":1,"href":"https:\/\/www.unioviedo.es\/IUOPA\/wp-json\/wp\/v2\/posts\/2116\/revisions"}],"predecessor-version":[{"id":2117,"href":"https:\/\/www.unioviedo.es\/IUOPA\/wp-json\/wp\/v2\/posts\/2116\/revisions\/2117"}],"wp:featuredmedia":[{"embeddable":true,"href":"https:\/\/www.unioviedo.es\/IUOPA\/wp-json\/wp\/v2\/media\/2114"}],"wp:attachment":[{"href":"https:\/\/www.unioviedo.es\/IUOPA\/wp-json\/wp\/v2\/media?parent=2116"}],"wp:term":[{"taxonomy":"category","embeddable":true,"href":"https:\/\/www.unioviedo.es\/IUOPA\/wp-json\/wp\/v2\/categories?post=2116"},{"taxonomy":"post_tag","embeddable":true,"href":"https:\/\/www.unioviedo.es\/IUOPA\/wp-json\/wp\/v2\/tags?post=2116"}],"curies":[{"name":"wp","href":"https:\/\/api.w.org\/{rel}","templated":true}]}}