{"id":2154,"date":"2023-02-01T17:13:27","date_gmt":"2023-02-01T16:13:27","guid":{"rendered":"https:\/\/www.unioviedo.es\/IUOPA\/?p=2154"},"modified":"2023-03-09T14:52:37","modified_gmt":"2023-03-09T13:52:37","slug":"el-nalon-se-remonta-contra-el-cancer-2","status":"publish","type":"post","link":"https:\/\/www.unioviedo.es\/IUOPA\/en\/el-nalon-se-remonta-contra-el-cancer-2\/","title":{"rendered":"El Nal\u00f3n se remonta contra el c\u00e1ncer"},"content":{"rendered":"<p><div class=\"fusion-fullwidth fullwidth-box fusion-builder-row-1 fusion-flex-container nonhundred-percent-fullwidth non-hundred-percent-height-scrolling\" style=\"background-color: rgba(255,255,255,0);background-position: center center;background-repeat: no-repeat;border-width: 0px 0px 0px 0px;border-color:#eae9e9;border-style:solid;\" ><div class=\"fusion-builder-row fusion-row fusion-flex-align-items-flex-start fusion-flex-justify-content-center\" style=\"max-width:1216.8px;margin-left: calc(-4% \/ 2 );margin-right: calc(-4% \/ 2 );\"><div class=\"fusion-layout-column fusion_builder_column fusion-builder-column-0 fusion_builder_column_1_1 1_1 fusion-flex-column\"><div class=\"fusion-column-wrapper fusion-flex-justify-content-flex-start fusion-content-layout-column\" style=\"background-position:left top;background-repeat:no-repeat;-webkit-background-size:cover;-moz-background-size:cover;-o-background-size:cover;background-size:cover;padding: 0px 0px 0px 0px;\"><style type=\"text\/css\">@media only screen and (max-width:1024px) {.fusion-title.fusion-title-1{margin-top:0px!important; margin-right:0px!important;margin-bottom:20px!important;margin-left:0px!important;}}@media only screen and (max-width:640px) {.fusion-title.fusion-title-1{margin-top:0px!important; margin-right:0px!important;margin-bottom:20px!important; margin-left:0px!important;}}<\/style><div class=\"fusion-title title fusion-title-1 fusion-sep-none fusion-title-text fusion-title-size-one\" style=\"font-size:30px;margin-top:0px;margin-right:0px;margin-bottom:20px;margin-left:0px;\"><h1 class=\"title-heading-left fusion-responsive-typography-calculated\" style=\"margin:0;font-size:1em;--fontSize:30;line-height:1.1;\">El Nal\u00f3n se remonta contra el c\u00e1ncer<\/h1><\/div><div ><span class=\" fusion-imageframe imageframe-none imageframe-1 hover-type-zoomin\"><a href=\"https:\/\/www.unioviedo.es\/IUOPA\/wp-content\/uploads\/2023\/02\/hectorMoro.jpg\" class=\"fusion-lightbox\" data-rel=\"iLightbox[2af0a5b07c4263e5ddc]\" data-title=\"hectorMoro\" title=\"hectorMoro\"><img decoding=\"async\" width=\"800\" height=\"457\" src=\"https:\/\/www.unioviedo.es\/IUOPA\/wp-content\/uploads\/2023\/02\/hectorMoro.jpg\" data-orig-src=\"https:\/\/www.unioviedo.es\/IUOPA\/wp-content\/uploads\/2023\/02\/hectorMoro.jpg\" alt class=\"lazyload img-responsive wp-image-2152\" srcset=\"data:image\/svg+xml,%3Csvg%20xmlns%3D%27http%3A%2F%2Fwww.w3.org%2F2000%2Fsvg%27%20width%3D%27800%27%20height%3D%27457%27%20viewBox%3D%270%200%20800%20457%27%3E%3Crect%20width%3D%27800%27%20height%3D%27457%27%20fill-opacity%3D%220%22%2F%3E%3C%2Fsvg%3E\" data-srcset=\"https:\/\/www.unioviedo.es\/IUOPA\/wp-content\/uploads\/2023\/02\/hectorMoro-200x114.jpg 200w, https:\/\/www.unioviedo.es\/IUOPA\/wp-content\/uploads\/2023\/02\/hectorMoro-400x229.jpg 400w, https:\/\/www.unioviedo.es\/IUOPA\/wp-content\/uploads\/2023\/02\/hectorMoro-600x343.jpg 600w, https:\/\/www.unioviedo.es\/IUOPA\/wp-content\/uploads\/2023\/02\/hectorMoro.jpg 800w\" data-sizes=\"auto\" data-orig-sizes=\"(max-width: 1024px) 100vw, (max-width: 640px) 100vw, 800px\" \/><\/a><\/span><\/div><div class=\"fusion-separator fusion-full-width-sep\" style=\"align-self: center;margin-left: auto;margin-right: auto;margin-top:40px;width:100%;\"><\/div><style type=\"text\/css\">@media only screen and (max-width:1024px) {.fusion-title.fusion-title-2{margin-top:0px!important; margin-right:0px!important;margin-bottom:31px!important;margin-left:0px!important;}}@media only screen and (max-width:640px) {.fusion-title.fusion-title-2{margin-top:0px!important; margin-right:0px!important;margin-bottom:20px!important; margin-left:0px!important;}}<\/style><div class=\"fusion-title title fusion-title-2 fusion-sep-none fusion-title-text fusion-title-size-two\" style=\"font-size:20px;margin-top:0px;margin-right:0px;margin-bottom:31px;margin-left:0px;\"><h2 class=\"title-heading-left fusion-responsive-typography-calculated\" style=\"margin:0;font-size:1em;letter-spacing:0px;--fontSize:20;--minFontSize:20px;line-height:1.3;\"><span style=\"font-family: Roboto Slab;\">H\u00e9ctor Moro correr\u00e1 el s\u00e1bado 70 kil\u00f3metros entre Frieres (Langreo) y el puerto de Tarna para recaudar dinero para investigaci\u00f3n oncol\u00f3gica<\/span><\/h2><\/div><div class=\"fusion-text fusion-text-1\"><p>En agosto de 2012, el atleta lavian\u00e9s H\u00e9ctor Moro subi\u00f3 hasta la fuente de La Nalona, a 1.433 metros de altitud y a cien del Puerto de Tarna, para depositar en el entorno parte de las cenizas de su padre, que hab\u00eda fallecido de c\u00e1ncer. Aquel d\u00eda H\u00e9ctor baj\u00f3 corriendo hasta su casa, en Pola de Laviana.<\/p>\n<p>Este s\u00e1bado, d\u00eda mundial contra el c\u00e1ncer, volver\u00e1 a tener en mente a su padre, pero tambi\u00e9n a otros allegados que han fallecido por la misma causa y a todos los que sufren la enfermedad. \u00abSupongo que por gen\u00e9tica el \u2018bicho\u2019 me acabar\u00e1 pillando alg\u00fan d\u00eda por mucho que corra\u00bb, dice el atleta, pero seguir\u00e1 corriendo contra el c\u00e1ncer y este fin de semana lo har\u00e1 remontando todo el valle del Nal\u00f3n. El deportista recorrer\u00e1 los 70 kil\u00f3metros que unen Frieres, el l\u00edmite del concejo<br \/>\nde Langreo con el de Oviedo, con el puerto de Tarna, el l\u00edmite con la provincia de Le\u00f3n. Atravesar\u00e1 todos los concejos de la cuenca del Nal\u00f3n. Langreo, San Mart\u00edn del Rey Aurelio, Laviana, Sobrescobio y Caso. Nada menos que 1.575 metros de desnivel. Ese es su reto personal, pero hay otro colectivo: H\u00e9ctor Moro propone que cada uno de esos 1.575 metros tengan un padrino que pague tres euros. Todo el dinero recaudado ser\u00e1 entregado al Instituto Universitario<br \/>\nde Oncolog\u00eda del Principado de Asturias. Para participar se pueden apadrinar los metros a trav\u00e9s de una cuenta bancaria abierta para la ocasi\u00f3n (ES41 3059 0074 4134 9830 6020) o con la aplicaci\u00f3n Bizum en los tel\u00e9fonos 672 36 64 34 y 684 62 58 00, siempre con el concepto \u00ab195 metros\u00bb, que es el nombre de todos los restos solidarios de Moro.<\/p>\n<p>El lavian\u00e9s apela a la solidaridad. El pondr\u00e1 sus piernas para una carrera que sabe que va a ser dura, \u00abporque es todo subida y adem\u00e1s har\u00e1 fr\u00edo\u00bb, dice. \u00abYo pongo mi esfuerzo f\u00edsico y espero que la gente apadrine metros\u00bb, a\u00f1ade.<\/p>\n<p>El deportista saldr\u00e1 de Frieres a las nueve de la ma\u00f1ana. Correr\u00e1 hasta Laviana por el paseo fluvial del Nal\u00f3n y continuar\u00e1 por la carretera. Ir\u00e1 con veh\u00edculo de apoyo y un par de amigos le acompa\u00f1ar\u00e1n en bicicleta. \u00abEs necesario apoyar la investigaci\u00f3n contra el c\u00e1ncer, es fundamental para los enfermos y para el<br \/>\nfuturo de todos\u00bb, insiste el deportista.<\/p>\n<p>H\u00e9ctor Moro ya subi\u00f3 corriendo El Angliru el 14 de este mes de enero en otro proyecto solidario. Ahora ascender\u00e1 nada menos que hasta Tarna, y seguro que ya tiene algo en mente para m\u00e1s adelante.<\/p>\n<\/div><div class=\"fusion-separator fusion-full-width-sep\" style=\"align-self: center;margin-left: auto;margin-right: auto;margin-top:40px;width:100%;\"><\/div><\/div><style type=\"text\/css\">.fusion-body .fusion-builder-column-0{width:100% !important;margin-top : 0px;margin-bottom : 0px;}.fusion-builder-column-0 > .fusion-column-wrapper {padding-top : 0px !important;padding-right : 0px !important;margin-right : 1.92%;padding-bottom : 0px !important;padding-left : 0px !important;margin-left : 1.92%;}@media only screen and (max-width:1024px) {.fusion-body .fusion-builder-column-0{width:75% !important;order : 0;}.fusion-builder-column-0 > .fusion-column-wrapper {margin-right : 2.56%;margin-left : 2.56%;}}@media only screen and (max-width:640px) {.fusion-body .fusion-builder-column-0{width:100% !important;order : 0;}.fusion-builder-column-0 > .fusion-column-wrapper {margin-right : 1.92%;margin-left : 1.92%;}}<\/style><\/div><\/div><style type=\"text\/css\">.fusion-body .fusion-flex-container.fusion-builder-row-1{ padding-top : 0px;margin-top : 0px;padding-right : 30px;padding-bottom : 0px;margin-bottom : 0px;padding-left : 30px;}@media only screen and (max-width:1024px) {.fusion-body .fusion-flex-container.fusion-builder-row-1{ padding-top : 80px;}}<\/style><\/div><div class=\"fusion-fullwidth fullwidth-box fusion-builder-row-2 fusion-flex-container nonhundred-percent-fullwidth non-hundred-percent-height-scrolling\" style=\"background-color: rgba(255,255,255,0);background-position: center center;background-repeat: no-repeat;border-width: 0px 0px 0px 0px;border-color:#eae9e9;border-style:solid;\" ><div class=\"fusion-builder-row fusion-row fusion-flex-align-items-flex-start\" style=\"max-width:1216.8px;margin-left: calc(-4% \/ 2 );margin-right: calc(-4% \/ 2 );\"><div class=\"fusion-layout-column fusion_builder_column fusion-builder-column-1 fusion_builder_column_1_1 1_1 fusion-flex-column\"><div class=\"fusion-column-wrapper fusion-flex-justify-content-flex-start fusion-content-layout-column\" style=\"background-position:left top;background-repeat:no-repeat;-webkit-background-size:cover;-moz-background-size:cover;-o-background-size:cover;background-size:cover;padding: 20px 0px 20px 0px;\"><div class=\"fusion-sharing-box fusion-sharing-box-1\" style=\"background-color:#f6f6f6;margin-top:60px;\" data-title=\"El Nal\u00f3n se remonta contra el c\u00e1ncer\" data-description=\"H\u00e9ctor Moro correr\u00e1 el s\u00e1bado 70 kil\u00f3metros entre Frieres (Langreo) y el puerto de Tarna para recaudar dinero para investigaci\u00f3n oncol\u00f3gica \r\n\r\nEn agosto de 2012, el atleta lavian\u00e9s H\u00e9ctor Moro subi\u00f3 hasta la fuente de La Nalona, a 1.433 metros de altitud y a cien del Puerto de Tarna, para\" data-link=\"https:\/\/www.unioviedo.es\/IUOPA\/en\/el-nalon-se-remonta-contra-el-cancer-2\/\"><h4 class=\"tagline\" style=\"color:#2f2f2f;\">Compartir noticia<\/h4><div class=\"fusion-social-networks sharingbox-shortcode-icon-wrapper sharingbox-shortcode-icon-wrapper-1\"><span><a href=\"https:\/\/www.facebook.com\/sharer.php?u=https%3A%2F%2Fwww.unioviedo.es%2FIUOPA%2Fen%2Fel-nalon-se-remonta-contra-el-cancer-2%2F&amp;t=El%20Nal%C3%B3n%20se%20remonta%20contra%20el%20c%C3%A1ncer\" target=\"_blank\" rel=\"noreferrer\" title=\"Facebook\" aria-label=\"Facebook\"><i class=\"fusion-social-network-icon fusion-tooltip fusion-facebook awb-icon-facebook\" style=\"color:#76b5ae;\" aria-hidden=\"true\"><\/i><\/a><\/span><span><a href=\"https:\/\/twitter.com\/share?text=El%20Nal%C3%B3n%20se%20remonta%20contra%20el%20c%C3%A1ncer&amp;url=https%3A%2F%2Fwww.unioviedo.es%2FIUOPA%2Fen%2Fel-nalon-se-remonta-contra-el-cancer-2%2F\" target=\"_blank\" rel=\"noopener noreferrer\" title=\"Twitter\" aria-label=\"Twitter\"><i class=\"fusion-social-network-icon fusion-tooltip fusion-twitter awb-icon-twitter\" style=\"color:#76b5ae;\" aria-hidden=\"true\"><\/i><\/a><\/span><span><a href=\"https:\/\/www.linkedin.com\/shareArticle?mini=true&amp;url=https%3A%2F%2Fwww.unioviedo.es%2FIUOPA%2Fen%2Fel-nalon-se-remonta-contra-el-cancer-2%2F&amp;title=El%20Nal%C3%B3n%20se%20remonta%20contra%20el%20c%C3%A1ncer&amp;summary=H%C3%A9ctor%20Moro%20correr%C3%A1%20el%20s%C3%A1bado%2070%20kil%C3%B3metros%20entre%20Frieres%20%28Langreo%29%20y%20el%20puerto%20de%20Tarna%20para%20recaudar%20dinero%20para%20investigaci%C3%B3n%20oncol%C3%B3gica%20%0D%0A%0D%0AEn%20agosto%20de%202012%2C%20el%20atleta%20lavian%C3%A9s%20H%C3%A9ctor%20Moro%20subi%C3%B3%20hasta%20la%20fuente%20de%20La%20Nalona%2C%20a%201.433%20metros%20de%20altitud%20y%20a%20cien%20del%20Puerto%20de%20Tarna%2C%20para\" target=\"_blank\" rel=\"noopener noreferrer\" title=\"LinkedIn\" aria-label=\"LinkedIn\"><i class=\"fusion-social-network-icon fusion-tooltip fusion-linkedin awb-icon-linkedin\" style=\"color:#76b5ae;\" aria-hidden=\"true\"><\/i><\/a><\/span><span><a href=\"mailto:?subject=El%20Nal%C3%B3n%20se%20remonta%20contra%20el%20c%C3%A1ncer&amp;body=https%3A%2F%2Fwww.unioviedo.es%2FIUOPA%2Fen%2Fel-nalon-se-remonta-contra-el-cancer-2%2F\" target=\"_self\" title=\"Correo electr\u00f3nico\" aria-label=\"Correo electr\u00f3nico\"><i class=\"fusion-social-network-icon fusion-tooltip fusion-mail awb-icon-mail\" style=\"color:#76b5ae;\" aria-hidden=\"true\"><\/i><\/a><\/span><\/div><\/div><style type=\"text\/css\">.fusion-sharing-box-1 h4{margin-bottom:0 !important;}.fusion-sharing-box-1{flex-direction:row !important;padding-top:20px !important;padding-bottom:20px !important;}.sharingbox-shortcode-icon-wrapper-1 span.sharingbox-shortcode-icon-separator{border-right-width:0px !important;}@media only screen and (max-width:1024px){.fusion-sharing-box-1 h4{margin-right:0.5em !important;margin-bottom:0 !important;}.sharingbox-shortcode-icon-wrapper-1{width:auto !important;justify-content:flex-end !important;}.fusion-sharing-box-1{align-items:center !important;} }@media only screen and (max-width:640px){.fusion-sharing-box-1{flex-direction: column !important;align-items:center !important;}.fusion-sharing-box-1 h4{margin-bottom:revert !important;}.sharingbox-shortcode-icon-wrapper-1{width:100% !important;justify-content:space-between !important;} }<\/style><\/div><style type=\"text\/css\">.fusion-body .fusion-builder-column-1{width:100% !important;margin-top : 0px;margin-bottom : 0px;}.fusion-builder-column-1 > .fusion-column-wrapper {padding-top : 20px !important;padding-right : 0px !important;margin-right : 1.92%;padding-bottom : 20px !important;padding-left : 0px !important;margin-left : 1.92%;}@media only screen and (max-width:1024px) {.fusion-body .fusion-builder-column-1{width:100% !important;order : 0;}.fusion-builder-column-1 > .fusion-column-wrapper {margin-right : 1.92%;margin-left : 1.92%;}}@media only screen and (max-width:640px) {.fusion-body .fusion-builder-column-1{width:100% !important;order : 0;}.fusion-builder-column-1 > .fusion-column-wrapper {margin-right : 1.92%;margin-left : 1.92%;}}<\/style><\/div><\/div><style type=\"text\/css\">.fusion-body .fusion-flex-container.fusion-builder-row-2{ padding-top : 0px;margin-top : 0px;padding-right : 30px;padding-bottom : 0px;margin-bottom : 0px;padding-left : 30px;}<\/style><\/div><\/p>\n","protected":false},"excerpt":{"rendered":"","protected":false},"author":1,"featured_media":2152,"comment_status":"open","ping_status":"open","sticky":false,"template":"","format":"standard","meta":{"footnotes":""},"categories":[243],"tags":[162,172],"class_list":["post-2154","post","type-post","status-publish","format-standard","has-post-thumbnail","hentry","category-last-news-en","tag-actualidad-iuopa-en","tag-colaboraciones-contra-el-cancer-en"],"_links":{"self":[{"href":"https:\/\/www.unioviedo.es\/IUOPA\/wp-json\/wp\/v2\/posts\/2154","targetHints":{"allow":["GET"]}}],"collection":[{"href":"https:\/\/www.unioviedo.es\/IUOPA\/wp-json\/wp\/v2\/posts"}],"about":[{"href":"https:\/\/www.unioviedo.es\/IUOPA\/wp-json\/wp\/v2\/types\/post"}],"author":[{"embeddable":true,"href":"https:\/\/www.unioviedo.es\/IUOPA\/wp-json\/wp\/v2\/users\/1"}],"replies":[{"embeddable":true,"href":"https:\/\/www.unioviedo.es\/IUOPA\/wp-json\/wp\/v2\/comments?post=2154"}],"version-history":[{"count":1,"href":"https:\/\/www.unioviedo.es\/IUOPA\/wp-json\/wp\/v2\/posts\/2154\/revisions"}],"predecessor-version":[{"id":2155,"href":"https:\/\/www.unioviedo.es\/IUOPA\/wp-json\/wp\/v2\/posts\/2154\/revisions\/2155"}],"wp:featuredmedia":[{"embeddable":true,"href":"https:\/\/www.unioviedo.es\/IUOPA\/wp-json\/wp\/v2\/media\/2152"}],"wp:attachment":[{"href":"https:\/\/www.unioviedo.es\/IUOPA\/wp-json\/wp\/v2\/media?parent=2154"}],"wp:term":[{"taxonomy":"category","embeddable":true,"href":"https:\/\/www.unioviedo.es\/IUOPA\/wp-json\/wp\/v2\/categories?post=2154"},{"taxonomy":"post_tag","embeddable":true,"href":"https:\/\/www.unioviedo.es\/IUOPA\/wp-json\/wp\/v2\/tags?post=2154"}],"curies":[{"name":"wp","href":"https:\/\/api.w.org\/{rel}","templated":true}]}}