{"id":2165,"date":"2023-02-08T09:28:17","date_gmt":"2023-02-08T08:28:17","guid":{"rendered":"https:\/\/www.unioviedo.es\/IUOPA\/?p=2165"},"modified":"2023-02-08T09:28:17","modified_gmt":"2023-02-08T08:28:17","slug":"la-marcha-naranja-sera-el-12-de-febrero-y-aspira-a-recaudar-100-000-euros-para-luchar-contra-el-cancer-infantil-2","status":"publish","type":"post","link":"https:\/\/www.unioviedo.es\/IUOPA\/en\/la-marcha-naranja-sera-el-12-de-febrero-y-aspira-a-recaudar-100-000-euros-para-luchar-contra-el-cancer-infantil-2\/","title":{"rendered":"La \u00abMarcha Naranja\u00bb ser\u00e1 el 12 de febrero y aspira a recaudar 100.000 euros para luchar contra el c\u00e1ncer infantil"},"content":{"rendered":"<p><div class=\"fusion-fullwidth fullwidth-box fusion-builder-row-1 fusion-flex-container nonhundred-percent-fullwidth non-hundred-percent-height-scrolling\" style=\"background-color: rgba(255,255,255,0);background-position: center center;background-repeat: no-repeat;border-width: 0px 0px 0px 0px;border-color:#eae9e9;border-style:solid;\" ><div class=\"fusion-builder-row fusion-row fusion-flex-align-items-flex-start fusion-flex-justify-content-center\" style=\"max-width:1216.8px;margin-left: calc(-4% \/ 2 );margin-right: calc(-4% \/ 2 );\"><div class=\"fusion-layout-column fusion_builder_column fusion-builder-column-0 fusion_builder_column_1_1 1_1 fusion-flex-column\"><div class=\"fusion-column-wrapper fusion-flex-justify-content-flex-start fusion-content-layout-column\" style=\"background-position:left top;background-repeat:no-repeat;-webkit-background-size:cover;-moz-background-size:cover;-o-background-size:cover;background-size:cover;padding: 0px 0px 0px 0px;\"><style type=\"text\/css\">@media only screen and (max-width:1024px) {.fusion-title.fusion-title-1{margin-top:0px!important; margin-right:0px!important;margin-bottom:20px!important;margin-left:0px!important;}}@media only screen and (max-width:640px) {.fusion-title.fusion-title-1{margin-top:0px!important; margin-right:0px!important;margin-bottom:20px!important; margin-left:0px!important;}}<\/style><div class=\"fusion-title title fusion-title-1 fusion-sep-none fusion-title-text fusion-title-size-one\" style=\"font-size:30px;margin-top:0px;margin-right:0px;margin-bottom:20px;margin-left:0px;\"><h1 class=\"title-heading-left fusion-responsive-typography-calculated\" style=\"margin:0;font-size:1em;--fontSize:30;line-height:1.1;\">La \u00abMarcha Naranja\u00bb ser\u00e1 el 12 de febrero y aspira a recaudar 100.000 euros para luchar contra el c\u00e1ncer infantil<\/h1><\/div><div ><span class=\" fusion-imageframe imageframe-none imageframe-1 hover-type-zoomin\"><a href=\"https:\/\/www.unioviedo.es\/IUOPA\/wp-content\/uploads\/2023\/02\/128172_1_thumb.jpg\" class=\"fusion-lightbox\" data-rel=\"iLightbox[b7e4b7aa2042dcb95b6]\" data-title=\"128172_1_thumb\" title=\"128172_1_thumb\"><img decoding=\"async\" width=\"770\" height=\"380\" src=\"https:\/\/www.unioviedo.es\/IUOPA\/wp-content\/uploads\/2023\/02\/128172_1_thumb.jpg\" data-orig-src=\"https:\/\/www.unioviedo.es\/IUOPA\/wp-content\/uploads\/2023\/02\/128172_1_thumb.jpg\" alt class=\"lazyload img-responsive wp-image-2163\" srcset=\"data:image\/svg+xml,%3Csvg%20xmlns%3D%27http%3A%2F%2Fwww.w3.org%2F2000%2Fsvg%27%20width%3D%27770%27%20height%3D%27380%27%20viewBox%3D%270%200%20770%20380%27%3E%3Crect%20width%3D%27770%27%20height%3D%27380%27%20fill-opacity%3D%220%22%2F%3E%3C%2Fsvg%3E\" data-srcset=\"https:\/\/www.unioviedo.es\/IUOPA\/wp-content\/uploads\/2023\/02\/128172_1_thumb-200x99.jpg 200w, https:\/\/www.unioviedo.es\/IUOPA\/wp-content\/uploads\/2023\/02\/128172_1_thumb-400x197.jpg 400w, https:\/\/www.unioviedo.es\/IUOPA\/wp-content\/uploads\/2023\/02\/128172_1_thumb-600x296.jpg 600w, https:\/\/www.unioviedo.es\/IUOPA\/wp-content\/uploads\/2023\/02\/128172_1_thumb.jpg 770w\" data-sizes=\"auto\" data-orig-sizes=\"(max-width: 1024px) 100vw, (max-width: 640px) 100vw, 770px\" \/><\/a><\/span><\/div><div class=\"fusion-separator fusion-full-width-sep\" style=\"align-self: center;margin-left: auto;margin-right: auto;margin-top:40px;width:100%;\"><\/div><style type=\"text\/css\">@media only screen and (max-width:1024px) {.fusion-title.fusion-title-2{margin-top:0px!important; margin-right:0px!important;margin-bottom:31px!important;margin-left:0px!important;}}@media only screen and (max-width:640px) {.fusion-title.fusion-title-2{margin-top:0px!important; margin-right:0px!important;margin-bottom:20px!important; margin-left:0px!important;}}<\/style><div class=\"fusion-title title fusion-title-2 fusion-sep-none fusion-title-text fusion-title-size-two\" style=\"font-size:20px;margin-top:0px;margin-right:0px;margin-bottom:31px;margin-left:0px;\"><h2 class=\"title-heading-left fusion-responsive-typography-calculated\" style=\"margin:0;font-size:1em;letter-spacing:0px;--fontSize:20;--minFontSize:20px;line-height:1.3;\"><span style=\"font-family: Roboto Slab;\">Oviedo, 6 de febrero de 2022.- A falta de 6 d\u00edas, ya hay m\u00e1s de 13.000 personas inscritas para la V edici\u00f3n de la Carrera-Marcha solidaria \u201cCorre contra el c\u00e1ncer infantil\u201d que organiza Galb\u00e1n.<\/span><\/h2><\/div><div class=\"fusion-text fusion-text-1\"><p>La Asociaci\u00f3n de Familias de Ni\u00f1os con C\u00e1ncer del Principado de Asturias, aspira este a\u00f1o a recaudar m\u00e1s de 100.000 \u20ac y superar los 30.000 participantes que correr\u00e1n de manera simult\u00e1nea en m\u00e1s de 60 concejos del Principado de Asturias el pr\u00f3ximo domingo 12 de febrero.<\/p>\n<p>Ren\u00e9 Rodr\u00edguez, jefe de grupo del laboratorio Sarcomas y Terapias Experimentales del Instituto de Investigaci\u00f3n Sanitaria del Principado de Asturias e Instituto Universitario de Oncolog\u00eda del Principado de Asturias, junto con la jefa de proyectos de Galb\u00e1n, Paula Rodr\u00edguez, voluntarios de la Asociaci\u00f3n y Gabriel Mu\u00f1oz, director de El Corte Ingl\u00e9s en Oviedo, han estado esta ma\u00f1ana apoyando la inscripci\u00f3n de la \u201cmarcha naranja\u201d.<\/p>\n<p>El Corte Ingl\u00e9s, que colabora con Galb\u00e1n habitualmente, es punto de inscripci\u00f3n y recogida de camisetas hasta el 11 de febrero en horario de 10:00 a 22:00 en los departamentos de Deportes en Oviedo, Gij\u00f3n y Avil\u00e9s. En Pola de Siero, el Outlet de El Corte Ingl\u00e9s tambi\u00e9n acoge la inscripci\u00f3n y recogida de camisetas los d\u00edas 8 y 9 de febrero de 18:00 a 20:00 h., el 10 de febrero de 12:30 a 13:30 y de 17 a 20:30 h, y el 11 de febrero de 12:00 a 13:30 h y de 17:00 a 20:30 h.<\/p>\n<p>El importe del dorsal para participar es de 5 \u20ac, pudi\u00e9ndose sumar a esta cantidad un donativo en el momento de la inscripci\u00f3n. Aquellas personas que no puedan participar y quieran colaborar podr\u00e1n hacerlo adquiriendo el dorsal \u201cfila 0\u201d disponible en la web de la organizaci\u00f3n: www.asociaciongalban.org<\/p>\n<p>El 100% de los beneficios obtenidos se destinar\u00e1n a la investigaci\u00f3n del c\u00e1ncer infantil y a cubrir las necesidades del HUCA, Hospital Universitario Central de Asturias, para mejorar la atenci\u00f3n sanitaria y la calidad de vida de nuestros ni\u00f1os y adolescentes.<\/p>\n<p>En los \u00faltimos a\u00f1os y gracias a este evento se consolida el Programa de Apoyo a la Investigaci\u00f3n que actualmente, a trav\u00e9s del convenio de colaboraci\u00f3n Finba-Ispa, est\u00e1 desarrollando seis proyectos muy importantes para Asturias. Entre ellos destacan el estudio de la edad epigen\u00e9tica en largos supervivientes de c\u00e1ncer pedi\u00e1trico y su utilidad cl\u00ednica y el desarrollo de nuevas estrategias inmunoterap\u00e9uticas en la leucemia linfobl\u00e1stica aguda infantil.<\/p>\n<div class=\"voc-detail__cmp voc-detail__cmp--pad-lr \">\n<div class=\"voc-ficha-detail__wrapper\">\n<section class=\"voc-ficha-detail\">\n<div class=\"voc-list__wrapper\">\n<p><a href=\"https:\/\/www.asturiasmundial.com\/noticia\/128172\/marcha-naranja-sera-12-febrero-aspira-recaudar-100000-euros-luchar-cancer-infantil\/\" target=\"_blank\" rel=\"noopener\">Fuente: Asturias Mundial<\/a><\/p>\n<\/div>\n<\/section>\n<\/div>\n<\/div>\n<\/div><div class=\"fusion-separator fusion-full-width-sep\" style=\"align-self: center;margin-left: auto;margin-right: auto;margin-top:40px;width:100%;\"><\/div><\/div><style type=\"text\/css\">.fusion-body .fusion-builder-column-0{width:100% !important;margin-top : 0px;margin-bottom : 0px;}.fusion-builder-column-0 > .fusion-column-wrapper {padding-top : 0px !important;padding-right : 0px !important;margin-right : 1.92%;padding-bottom : 0px !important;padding-left : 0px !important;margin-left : 1.92%;}@media only screen and (max-width:1024px) {.fusion-body .fusion-builder-column-0{width:75% !important;order : 0;}.fusion-builder-column-0 > .fusion-column-wrapper {margin-right : 2.56%;margin-left : 2.56%;}}@media only screen and (max-width:640px) {.fusion-body .fusion-builder-column-0{width:100% !important;order : 0;}.fusion-builder-column-0 > .fusion-column-wrapper {margin-right : 1.92%;margin-left : 1.92%;}}<\/style><\/div><\/div><style type=\"text\/css\">.fusion-body .fusion-flex-container.fusion-builder-row-1{ padding-top : 0px;margin-top : 0px;padding-right : 30px;padding-bottom : 0px;margin-bottom : 0px;padding-left : 30px;}@media only screen and (max-width:1024px) {.fusion-body .fusion-flex-container.fusion-builder-row-1{ padding-top : 80px;}}<\/style><\/div><div class=\"fusion-fullwidth fullwidth-box fusion-builder-row-2 fusion-flex-container nonhundred-percent-fullwidth non-hundred-percent-height-scrolling\" style=\"background-color: rgba(255,255,255,0);background-position: center center;background-repeat: no-repeat;border-width: 0px 0px 0px 0px;border-color:#eae9e9;border-style:solid;\" ><div class=\"fusion-builder-row fusion-row fusion-flex-align-items-flex-start\" style=\"max-width:1216.8px;margin-left: calc(-4% \/ 2 );margin-right: calc(-4% \/ 2 );\"><div class=\"fusion-layout-column fusion_builder_column fusion-builder-column-1 fusion_builder_column_1_1 1_1 fusion-flex-column\"><div class=\"fusion-column-wrapper fusion-flex-justify-content-flex-start fusion-content-layout-column\" style=\"background-position:left top;background-repeat:no-repeat;-webkit-background-size:cover;-moz-background-size:cover;-o-background-size:cover;background-size:cover;padding: 20px 0px 20px 0px;\"><div class=\"fusion-sharing-box fusion-sharing-box-1\" style=\"background-color:#f6f6f6;margin-top:60px;\" data-title=\"La \u00abMarcha Naranja\u00bb ser\u00e1 el 12 de febrero y aspira a recaudar 100.000 euros para luchar contra el c\u00e1ncer infantil\" data-description=\"Oviedo, 6 de febrero de 2022.- A falta de 6 d\u00edas, ya hay m\u00e1s de 13.000 personas inscritas para la V edici\u00f3n de la Carrera-Marcha solidaria \u201cCorre contra el c\u00e1ncer infantil\u201d que organiza Galb\u00e1n. \r\n\r\nLa Asociaci\u00f3n de Familias de Ni\u00f1os con C\u00e1ncer del Principado de Asturias, aspira este a\u00f1o a\" data-link=\"https:\/\/www.unioviedo.es\/IUOPA\/en\/la-marcha-naranja-sera-el-12-de-febrero-y-aspira-a-recaudar-100-000-euros-para-luchar-contra-el-cancer-infantil-2\/\"><h4 class=\"tagline\" style=\"color:#2f2f2f;\">Compartir noticia<\/h4><div class=\"fusion-social-networks sharingbox-shortcode-icon-wrapper sharingbox-shortcode-icon-wrapper-1\"><span><a href=\"https:\/\/www.facebook.com\/sharer.php?u=https%3A%2F%2Fwww.unioviedo.es%2FIUOPA%2Fen%2Fla-marcha-naranja-sera-el-12-de-febrero-y-aspira-a-recaudar-100-000-euros-para-luchar-contra-el-cancer-infantil-2%2F&amp;t=La%20%C2%ABMarcha%20Naranja%C2%BB%20ser%C3%A1%20el%2012%20de%20febrero%20y%20aspira%20a%20recaudar%20100.000%20euros%20para%20luchar%20contra%20el%20c%C3%A1ncer%20infantil\" target=\"_blank\" rel=\"noreferrer\" title=\"Facebook\" aria-label=\"Facebook\"><i class=\"fusion-social-network-icon fusion-tooltip fusion-facebook awb-icon-facebook\" style=\"color:#76b5ae;\" aria-hidden=\"true\"><\/i><\/a><\/span><span><a href=\"https:\/\/twitter.com\/share?text=La%20%C2%ABMarcha%20Naranja%C2%BB%20ser%C3%A1%20el%2012%20de%20febrero%20y%20aspira%20a%20recaudar%20100.000%20euros%20para%20luchar%20contra%20el%20c%C3%A1ncer%20infantil&amp;url=https%3A%2F%2Fwww.unioviedo.es%2FIUOPA%2Fen%2Fla-marcha-naranja-sera-el-12-de-febrero-y-aspira-a-recaudar-100-000-euros-para-luchar-contra-el-cancer-infantil-2%2F\" target=\"_blank\" rel=\"noopener noreferrer\" title=\"Twitter\" aria-label=\"Twitter\"><i class=\"fusion-social-network-icon fusion-tooltip fusion-twitter awb-icon-twitter\" style=\"color:#76b5ae;\" aria-hidden=\"true\"><\/i><\/a><\/span><span><a href=\"https:\/\/www.linkedin.com\/shareArticle?mini=true&amp;url=https%3A%2F%2Fwww.unioviedo.es%2FIUOPA%2Fen%2Fla-marcha-naranja-sera-el-12-de-febrero-y-aspira-a-recaudar-100-000-euros-para-luchar-contra-el-cancer-infantil-2%2F&amp;title=La%20%C2%ABMarcha%20Naranja%C2%BB%20ser%C3%A1%20el%2012%20de%20febrero%20y%20aspira%20a%20recaudar%20100.000%20euros%20para%20luchar%20contra%20el%20c%C3%A1ncer%20infantil&amp;summary=Oviedo%2C%206%20de%20febrero%20de%202022.-%20A%20falta%20de%206%20d%C3%ADas%2C%20ya%20hay%20m%C3%A1s%20de%2013.000%20personas%20inscritas%20para%20la%20V%20edici%C3%B3n%20de%20la%20Carrera-Marcha%20solidaria%20%E2%80%9CCorre%20contra%20el%20c%C3%A1ncer%20infantil%E2%80%9D%20que%20organiza%20Galb%C3%A1n.%20%0D%0A%0D%0ALa%20Asociaci%C3%B3n%20de%20Familias%20de%20Ni%C3%B1os%20con%20C%C3%A1ncer%20del%20Principado%20de%20Asturias%2C%20aspira%20este%20a%C3%B1o%20a\" target=\"_blank\" rel=\"noopener noreferrer\" title=\"LinkedIn\" aria-label=\"LinkedIn\"><i class=\"fusion-social-network-icon fusion-tooltip fusion-linkedin awb-icon-linkedin\" style=\"color:#76b5ae;\" aria-hidden=\"true\"><\/i><\/a><\/span><span><a href=\"mailto:?subject=La%20%C2%ABMarcha%20Naranja%C2%BB%20ser%C3%A1%20el%2012%20de%20febrero%20y%20aspira%20a%20recaudar%20100.000%20euros%20para%20luchar%20contra%20el%20c%C3%A1ncer%20infantil&amp;body=https%3A%2F%2Fwww.unioviedo.es%2FIUOPA%2Fen%2Fla-marcha-naranja-sera-el-12-de-febrero-y-aspira-a-recaudar-100-000-euros-para-luchar-contra-el-cancer-infantil-2%2F\" target=\"_self\" title=\"Correo electr\u00f3nico\" aria-label=\"Correo electr\u00f3nico\"><i class=\"fusion-social-network-icon fusion-tooltip fusion-mail awb-icon-mail\" style=\"color:#76b5ae;\" aria-hidden=\"true\"><\/i><\/a><\/span><\/div><\/div><style type=\"text\/css\">.fusion-sharing-box-1 h4{margin-bottom:0 !important;}.fusion-sharing-box-1{flex-direction:row !important;padding-top:20px !important;padding-bottom:20px !important;}.sharingbox-shortcode-icon-wrapper-1 span.sharingbox-shortcode-icon-separator{border-right-width:0px !important;}@media only screen and (max-width:1024px){.fusion-sharing-box-1 h4{margin-right:0.5em !important;margin-bottom:0 !important;}.sharingbox-shortcode-icon-wrapper-1{width:auto !important;justify-content:flex-end !important;}.fusion-sharing-box-1{align-items:center !important;} }@media only screen and (max-width:640px){.fusion-sharing-box-1{flex-direction: column !important;align-items:center !important;}.fusion-sharing-box-1 h4{margin-bottom:revert !important;}.sharingbox-shortcode-icon-wrapper-1{width:100% !important;justify-content:space-between !important;} }<\/style><\/div><style type=\"text\/css\">.fusion-body .fusion-builder-column-1{width:100% !important;margin-top : 0px;margin-bottom : 0px;}.fusion-builder-column-1 > .fusion-column-wrapper {padding-top : 20px !important;padding-right : 0px !important;margin-right : 1.92%;padding-bottom : 20px !important;padding-left : 0px !important;margin-left : 1.92%;}@media only screen and (max-width:1024px) {.fusion-body .fusion-builder-column-1{width:100% !important;order : 0;}.fusion-builder-column-1 > .fusion-column-wrapper {margin-right : 1.92%;margin-left : 1.92%;}}@media only screen and (max-width:640px) {.fusion-body .fusion-builder-column-1{width:100% !important;order : 0;}.fusion-builder-column-1 > .fusion-column-wrapper {margin-right : 1.92%;margin-left : 1.92%;}}<\/style><\/div><\/div><style type=\"text\/css\">.fusion-body .fusion-flex-container.fusion-builder-row-2{ padding-top : 0px;margin-top : 0px;padding-right : 30px;padding-bottom : 0px;margin-bottom : 0px;padding-left : 30px;}<\/style><\/div><\/p>\n","protected":false},"excerpt":{"rendered":"","protected":false},"author":1,"featured_media":2163,"comment_status":"open","ping_status":"open","sticky":false,"template":"","format":"standard","meta":{"footnotes":""},"categories":[78],"tags":[172],"class_list":["post-2165","post","type-post","status-publish","format-standard","has-post-thumbnail","hentry","category-events-en","tag-colaboraciones-contra-el-cancer-en"],"_links":{"self":[{"href":"https:\/\/www.unioviedo.es\/IUOPA\/wp-json\/wp\/v2\/posts\/2165","targetHints":{"allow":["GET"]}}],"collection":[{"href":"https:\/\/www.unioviedo.es\/IUOPA\/wp-json\/wp\/v2\/posts"}],"about":[{"href":"https:\/\/www.unioviedo.es\/IUOPA\/wp-json\/wp\/v2\/types\/post"}],"author":[{"embeddable":true,"href":"https:\/\/www.unioviedo.es\/IUOPA\/wp-json\/wp\/v2\/users\/1"}],"replies":[{"embeddable":true,"href":"https:\/\/www.unioviedo.es\/IUOPA\/wp-json\/wp\/v2\/comments?post=2165"}],"version-history":[{"count":1,"href":"https:\/\/www.unioviedo.es\/IUOPA\/wp-json\/wp\/v2\/posts\/2165\/revisions"}],"predecessor-version":[{"id":2166,"href":"https:\/\/www.unioviedo.es\/IUOPA\/wp-json\/wp\/v2\/posts\/2165\/revisions\/2166"}],"wp:featuredmedia":[{"embeddable":true,"href":"https:\/\/www.unioviedo.es\/IUOPA\/wp-json\/wp\/v2\/media\/2163"}],"wp:attachment":[{"href":"https:\/\/www.unioviedo.es\/IUOPA\/wp-json\/wp\/v2\/media?parent=2165"}],"wp:term":[{"taxonomy":"category","embeddable":true,"href":"https:\/\/www.unioviedo.es\/IUOPA\/wp-json\/wp\/v2\/categories?post=2165"},{"taxonomy":"post_tag","embeddable":true,"href":"https:\/\/www.unioviedo.es\/IUOPA\/wp-json\/wp\/v2\/tags?post=2165"}],"curies":[{"name":"wp","href":"https:\/\/api.w.org\/{rel}","templated":true}]}}