{"id":2189,"date":"2023-02-20T15:45:50","date_gmt":"2023-02-20T14:45:50","guid":{"rendered":"https:\/\/www.unioviedo.es\/IUOPA\/?p=2189"},"modified":"2023-03-06T14:35:20","modified_gmt":"2023-03-06T13:35:20","slug":"hector-moro-correra-desde-laviana-a-los-lagos-de-covadonga-para-recaudar-dinero-contra-el-cancer-2","status":"publish","type":"post","link":"https:\/\/www.unioviedo.es\/IUOPA\/hector-moro-correra-desde-laviana-a-los-lagos-de-covadonga-para-recaudar-dinero-contra-el-cancer-2\/","title":{"rendered":"H\u00e9ctor Moro correr\u00e1 desde Laviana a los Lagos de Covadonga para recaudar dinero contra el c\u00e1ncer"},"content":{"rendered":"<p><div class=\"fusion-fullwidth fullwidth-box fusion-builder-row-1 fusion-flex-container nonhundred-percent-fullwidth non-hundred-percent-height-scrolling\" style=\"background-color: rgba(255,255,255,0);background-position: center center;background-repeat: no-repeat;border-width: 0px 0px 0px 0px;border-color:#eae9e9;border-style:solid;\" ><div class=\"fusion-builder-row fusion-row fusion-flex-align-items-flex-start fusion-flex-justify-content-center\" style=\"max-width:1216.8px;margin-left: calc(-4% \/ 2 );margin-right: calc(-4% \/ 2 );\"><div class=\"fusion-layout-column fusion_builder_column fusion-builder-column-0 fusion_builder_column_1_1 1_1 fusion-flex-column\"><div class=\"fusion-column-wrapper fusion-flex-justify-content-flex-start fusion-content-layout-column\" style=\"background-position:left top;background-repeat:no-repeat;-webkit-background-size:cover;-moz-background-size:cover;-o-background-size:cover;background-size:cover;padding: 0px 0px 0px 0px;\"><style type=\"text\/css\">@media only screen and (max-width:1024px) {.fusion-title.fusion-title-1{margin-top:0px!important; margin-right:0px!important;margin-bottom:20px!important;margin-left:0px!important;}}@media only screen and (max-width:640px) {.fusion-title.fusion-title-1{margin-top:0px!important; margin-right:0px!important;margin-bottom:20px!important; margin-left:0px!important;}}<\/style><div class=\"fusion-title title fusion-title-1 fusion-sep-none fusion-title-text fusion-title-size-one\" style=\"font-size:30px;margin-top:0px;margin-right:0px;margin-bottom:20px;margin-left:0px;\"><h1 class=\"title-heading-left fusion-responsive-typography-calculated\" style=\"margin:0;font-size:1em;--fontSize:30;line-height:1.1;\">H\u00e9ctor Moro correr\u00e1 desde Laviana a los Lagos de Covadonga para recaudar dinero contra el c\u00e1ncer<\/h1><\/div><div ><span class=\" fusion-imageframe imageframe-none imageframe-1 hover-type-zoomin\"><a href=\"https:\/\/www.unioviedo.es\/IUOPA\/wp-content\/uploads\/2023\/02\/f16599ac-83be-4652-9f4b-5777d93fbd21_16-9-aspect-ratio_default_0.jpg\" class=\"fusion-lightbox\" data-rel=\"iLightbox[bf60280a1a281821fcd]\" data-title=\"f16599ac-83be-4652-9f4b-5777d93fbd21_16-9-aspect-ratio_default_0\" title=\"f16599ac-83be-4652-9f4b-5777d93fbd21_16-9-aspect-ratio_default_0\"><img decoding=\"async\" width=\"880\" height=\"495\" src=\"https:\/\/www.unioviedo.es\/IUOPA\/wp-content\/uploads\/2023\/02\/f16599ac-83be-4652-9f4b-5777d93fbd21_16-9-aspect-ratio_default_0.jpg\" data-orig-src=\"https:\/\/www.unioviedo.es\/IUOPA\/wp-content\/uploads\/2023\/02\/f16599ac-83be-4652-9f4b-5777d93fbd21_16-9-aspect-ratio_default_0.jpg\" alt class=\"lazyload img-responsive wp-image-2187\" srcset=\"data:image\/svg+xml,%3Csvg%20xmlns%3D%27http%3A%2F%2Fwww.w3.org%2F2000%2Fsvg%27%20width%3D%27880%27%20height%3D%27495%27%20viewBox%3D%270%200%20880%20495%27%3E%3Crect%20width%3D%27880%27%20height%3D%27495%27%20fill-opacity%3D%220%22%2F%3E%3C%2Fsvg%3E\" data-srcset=\"https:\/\/www.unioviedo.es\/IUOPA\/wp-content\/uploads\/2023\/02\/f16599ac-83be-4652-9f4b-5777d93fbd21_16-9-aspect-ratio_default_0-200x113.jpg 200w, https:\/\/www.unioviedo.es\/IUOPA\/wp-content\/uploads\/2023\/02\/f16599ac-83be-4652-9f4b-5777d93fbd21_16-9-aspect-ratio_default_0-400x225.jpg 400w, https:\/\/www.unioviedo.es\/IUOPA\/wp-content\/uploads\/2023\/02\/f16599ac-83be-4652-9f4b-5777d93fbd21_16-9-aspect-ratio_default_0-600x338.jpg 600w, https:\/\/www.unioviedo.es\/IUOPA\/wp-content\/uploads\/2023\/02\/f16599ac-83be-4652-9f4b-5777d93fbd21_16-9-aspect-ratio_default_0-800x450.jpg 800w, https:\/\/www.unioviedo.es\/IUOPA\/wp-content\/uploads\/2023\/02\/f16599ac-83be-4652-9f4b-5777d93fbd21_16-9-aspect-ratio_default_0.jpg 880w\" data-sizes=\"auto\" data-orig-sizes=\"(max-width: 1024px) 100vw, (max-width: 640px) 100vw, 880px\" \/><\/a><\/span><\/div><div class=\"fusion-separator fusion-full-width-sep\" style=\"align-self: center;margin-left: auto;margin-right: auto;margin-top:40px;width:100%;\"><\/div><style type=\"text\/css\">@media only screen and (max-width:1024px) {.fusion-title.fusion-title-2{margin-top:0px!important; margin-right:0px!important;margin-bottom:31px!important;margin-left:0px!important;}}@media only screen and (max-width:640px) {.fusion-title.fusion-title-2{margin-top:0px!important; margin-right:0px!important;margin-bottom:20px!important; margin-left:0px!important;}}<\/style><div class=\"fusion-title title fusion-title-2 fusion-sep-none fusion-title-text fusion-title-size-two\" style=\"font-size:20px;margin-top:0px;margin-right:0px;margin-bottom:31px;margin-left:0px;\"><h2 class=\"title-heading-left fusion-responsive-typography-calculated\" style=\"margin:0;font-size:1em;letter-spacing:0px;--fontSize:20;--minFontSize:20px;line-height:1.3;\"><span style=\"font-family: Roboto Slab;\">El atleta recorrer\u00e1 90 kil\u00f3metros con un desnivel positivo acumulado de 1.699 metros<\/span><\/h2><\/div><div class=\"fusion-text fusion-text-1\"><p>H\u00e9ctor Moro vuelve a la carretera. El atleta solidario lavian\u00e9s sigue con sus retos deportivos para lograr financiaci\u00f3n para la investigaci\u00f3n contra el c\u00e1ncer. El pr\u00f3ximo ser\u00e1 correr desde la plaza del Ayuntamiento de Laviana hasta los Lagos de Covadonga, \u201cpasando por la Bas\u00edlica y la Santa Cueva\u201d, apunta. Son un total de 90 kil\u00f3metros con un desnivel positivo acumulado de 1.699 metros. Todo se enmarca dentro del proyecto \u201c195Metros\u201d que ha ya llevado a Moro a subir el Angliru o recorrer todo el valle del Nal\u00f3n, desde Frieres (Langreo) hasta el puerto de Tarna (Caso), \u201cun proyecto con el que pretendo aportar mi granito de arena a la sociedad\u201d, dice Moro, que est\u00e1 convencido de que \u00abcuanto mayor es la\u00a0investigaci\u00f3n, mayor es la superviviencia en c\u00e1ncer\u201d.<\/p>\n<div class=\"voc-detail__cmp voc-detail__cmp--pad-lr \">\n<div class=\"voc-ficha-detail__wrapper\">\n<section class=\"voc-ficha-detail\">\n<div class=\"voc-list__wrapper\"><a href=\"https:\/\/www.lne.es\/cuencas\/2023\/02\/17\/hector-moro-correra-laviana-lagos-83106282.html\" target=\"_blank\" rel=\"noopener\">Fuente: LNE<\/a><\/div>\n<\/section>\n<\/div>\n<\/div>\n<\/div><div class=\"fusion-separator fusion-full-width-sep\" style=\"align-self: center;margin-left: auto;margin-right: auto;margin-top:40px;width:100%;\"><\/div><\/div><style type=\"text\/css\">.fusion-body .fusion-builder-column-0{width:100% !important;margin-top : 0px;margin-bottom : 0px;}.fusion-builder-column-0 > .fusion-column-wrapper {padding-top : 0px !important;padding-right : 0px !important;margin-right : 1.92%;padding-bottom : 0px !important;padding-left : 0px !important;margin-left : 1.92%;}@media only screen and (max-width:1024px) {.fusion-body .fusion-builder-column-0{width:75% !important;order : 0;}.fusion-builder-column-0 > .fusion-column-wrapper {margin-right : 2.56%;margin-left : 2.56%;}}@media only screen and (max-width:640px) {.fusion-body .fusion-builder-column-0{width:100% !important;order : 0;}.fusion-builder-column-0 > .fusion-column-wrapper {margin-right : 1.92%;margin-left : 1.92%;}}<\/style><\/div><\/div><style type=\"text\/css\">.fusion-body .fusion-flex-container.fusion-builder-row-1{ padding-top : 0px;margin-top : 0px;padding-right : 30px;padding-bottom : 0px;margin-bottom : 0px;padding-left : 30px;}@media only screen and (max-width:1024px) {.fusion-body .fusion-flex-container.fusion-builder-row-1{ padding-top : 80px;}}<\/style><\/div><div class=\"fusion-fullwidth fullwidth-box fusion-builder-row-2 fusion-flex-container nonhundred-percent-fullwidth non-hundred-percent-height-scrolling\" style=\"background-color: rgba(255,255,255,0);background-position: center center;background-repeat: no-repeat;border-width: 0px 0px 0px 0px;border-color:#eae9e9;border-style:solid;\" ><div class=\"fusion-builder-row fusion-row fusion-flex-align-items-flex-start\" style=\"max-width:1216.8px;margin-left: calc(-4% \/ 2 );margin-right: calc(-4% \/ 2 );\"><div class=\"fusion-layout-column fusion_builder_column fusion-builder-column-1 fusion_builder_column_1_1 1_1 fusion-flex-column\"><div class=\"fusion-column-wrapper fusion-flex-justify-content-flex-start fusion-content-layout-column\" style=\"background-position:left top;background-repeat:no-repeat;-webkit-background-size:cover;-moz-background-size:cover;-o-background-size:cover;background-size:cover;padding: 20px 0px 20px 0px;\"><div class=\"fusion-sharing-box fusion-sharing-box-1\" style=\"background-color:#f6f6f6;margin-top:60px;\" data-title=\"H\u00e9ctor Moro correr\u00e1 desde Laviana a los Lagos de Covadonga para recaudar dinero contra el c\u00e1ncer\" data-description=\"El atleta recorrer\u00e1 90 kil\u00f3metros con un desnivel positivo acumulado de 1.699 metros \r\n\r\nH\u00e9ctor Moro vuelve a la carretera. El atleta solidario lavian\u00e9s sigue con sus retos deportivos para lograr financiaci\u00f3n para la investigaci\u00f3n contra el c\u00e1ncer. El pr\u00f3ximo ser\u00e1 correr desde la plaza del Ayuntamiento de Laviana hasta los\" data-link=\"https:\/\/www.unioviedo.es\/IUOPA\/hector-moro-correra-desde-laviana-a-los-lagos-de-covadonga-para-recaudar-dinero-contra-el-cancer-2\/\"><h4 class=\"tagline\" style=\"color:#2f2f2f;\">Compartir noticia<\/h4><div class=\"fusion-social-networks sharingbox-shortcode-icon-wrapper sharingbox-shortcode-icon-wrapper-1\"><span><a href=\"https:\/\/www.facebook.com\/sharer.php?u=https%3A%2F%2Fwww.unioviedo.es%2FIUOPA%2Fhector-moro-correra-desde-laviana-a-los-lagos-de-covadonga-para-recaudar-dinero-contra-el-cancer-2%2F&amp;t=H%C3%A9ctor%20Moro%20correr%C3%A1%20desde%20Laviana%20a%20los%20Lagos%20de%20Covadonga%20para%20recaudar%20dinero%20contra%20el%20c%C3%A1ncer\" target=\"_blank\" rel=\"noreferrer\" title=\"Facebook\" aria-label=\"Facebook\"><i class=\"fusion-social-network-icon fusion-tooltip fusion-facebook awb-icon-facebook\" style=\"color:#76b5ae;\" aria-hidden=\"true\"><\/i><\/a><\/span><span><a href=\"https:\/\/twitter.com\/share?text=H%C3%A9ctor%20Moro%20correr%C3%A1%20desde%20Laviana%20a%20los%20Lagos%20de%20Covadonga%20para%20recaudar%20dinero%20contra%20el%20c%C3%A1ncer&amp;url=https%3A%2F%2Fwww.unioviedo.es%2FIUOPA%2Fhector-moro-correra-desde-laviana-a-los-lagos-de-covadonga-para-recaudar-dinero-contra-el-cancer-2%2F\" target=\"_blank\" rel=\"noopener noreferrer\" title=\"Twitter\" aria-label=\"Twitter\"><i class=\"fusion-social-network-icon fusion-tooltip fusion-twitter awb-icon-twitter\" style=\"color:#76b5ae;\" aria-hidden=\"true\"><\/i><\/a><\/span><span><a href=\"https:\/\/www.linkedin.com\/shareArticle?mini=true&amp;url=https%3A%2F%2Fwww.unioviedo.es%2FIUOPA%2Fhector-moro-correra-desde-laviana-a-los-lagos-de-covadonga-para-recaudar-dinero-contra-el-cancer-2%2F&amp;title=H%C3%A9ctor%20Moro%20correr%C3%A1%20desde%20Laviana%20a%20los%20Lagos%20de%20Covadonga%20para%20recaudar%20dinero%20contra%20el%20c%C3%A1ncer&amp;summary=El%20atleta%20recorrer%C3%A1%2090%20kil%C3%B3metros%20con%20un%20desnivel%20positivo%20acumulado%20de%201.699%20metros%20%0D%0A%0D%0AH%C3%A9ctor%20Moro%20vuelve%20a%20la%20carretera.%20El%20atleta%20solidario%20lavian%C3%A9s%20sigue%20con%20sus%20retos%20deportivos%20para%20lograr%20financiaci%C3%B3n%20para%20la%20investigaci%C3%B3n%20contra%20el%20c%C3%A1ncer.%20El%20pr%C3%B3ximo%20ser%C3%A1%20correr%20desde%20la%20plaza%20del%20Ayuntamiento%20de%20Laviana%20hasta%20los\" target=\"_blank\" rel=\"noopener noreferrer\" title=\"LinkedIn\" aria-label=\"LinkedIn\"><i class=\"fusion-social-network-icon fusion-tooltip fusion-linkedin awb-icon-linkedin\" style=\"color:#76b5ae;\" aria-hidden=\"true\"><\/i><\/a><\/span><span><a href=\"mailto:?subject=H%C3%A9ctor%20Moro%20correr%C3%A1%20desde%20Laviana%20a%20los%20Lagos%20de%20Covadonga%20para%20recaudar%20dinero%20contra%20el%20c%C3%A1ncer&amp;body=https%3A%2F%2Fwww.unioviedo.es%2FIUOPA%2Fhector-moro-correra-desde-laviana-a-los-lagos-de-covadonga-para-recaudar-dinero-contra-el-cancer-2%2F\" target=\"_self\" title=\"Correo electr\u00f3nico\" aria-label=\"Correo electr\u00f3nico\"><i class=\"fusion-social-network-icon fusion-tooltip fusion-mail awb-icon-mail\" style=\"color:#76b5ae;\" aria-hidden=\"true\"><\/i><\/a><\/span><\/div><\/div><style type=\"text\/css\">.fusion-sharing-box-1 h4{margin-bottom:0 !important;}.fusion-sharing-box-1{flex-direction:row !important;padding-top:20px !important;padding-bottom:20px !important;}.sharingbox-shortcode-icon-wrapper-1 span.sharingbox-shortcode-icon-separator{border-right-width:0px !important;}@media only screen and (max-width:1024px){.fusion-sharing-box-1 h4{margin-right:0.5em !important;margin-bottom:0 !important;}.sharingbox-shortcode-icon-wrapper-1{width:auto !important;justify-content:flex-end !important;}.fusion-sharing-box-1{align-items:center !important;} }@media only screen and (max-width:640px){.fusion-sharing-box-1{flex-direction: column !important;align-items:center !important;}.fusion-sharing-box-1 h4{margin-bottom:revert !important;}.sharingbox-shortcode-icon-wrapper-1{width:100% !important;justify-content:space-between !important;} }<\/style><\/div><style type=\"text\/css\">.fusion-body .fusion-builder-column-1{width:100% !important;margin-top : 0px;margin-bottom : 0px;}.fusion-builder-column-1 > .fusion-column-wrapper {padding-top : 20px !important;padding-right : 0px !important;margin-right : 1.92%;padding-bottom : 20px !important;padding-left : 0px !important;margin-left : 1.92%;}@media only screen and (max-width:1024px) {.fusion-body .fusion-builder-column-1{width:100% !important;order : 0;}.fusion-builder-column-1 > .fusion-column-wrapper {margin-right : 1.92%;margin-left : 1.92%;}}@media only screen and (max-width:640px) {.fusion-body .fusion-builder-column-1{width:100% !important;order : 0;}.fusion-builder-column-1 > .fusion-column-wrapper {margin-right : 1.92%;margin-left : 1.92%;}}<\/style><\/div><\/div><style type=\"text\/css\">.fusion-body .fusion-flex-container.fusion-builder-row-2{ padding-top : 0px;margin-top : 0px;padding-right : 30px;padding-bottom : 0px;margin-bottom : 0px;padding-left : 30px;}<\/style><\/div><\/p>\n","protected":false},"excerpt":{"rendered":"","protected":false},"author":1,"featured_media":2187,"comment_status":"open","ping_status":"open","sticky":false,"template":"","format":"standard","meta":{"footnotes":""},"categories":[15],"tags":[170],"class_list":["post-2189","post","type-post","status-publish","format-standard","has-post-thumbnail","hentry","category-eventos","tag-colaboraciones-contra-el-cancer"],"_links":{"self":[{"href":"https:\/\/www.unioviedo.es\/IUOPA\/wp-json\/wp\/v2\/posts\/2189","targetHints":{"allow":["GET"]}}],"collection":[{"href":"https:\/\/www.unioviedo.es\/IUOPA\/wp-json\/wp\/v2\/posts"}],"about":[{"href":"https:\/\/www.unioviedo.es\/IUOPA\/wp-json\/wp\/v2\/types\/post"}],"author":[{"embeddable":true,"href":"https:\/\/www.unioviedo.es\/IUOPA\/wp-json\/wp\/v2\/users\/1"}],"replies":[{"embeddable":true,"href":"https:\/\/www.unioviedo.es\/IUOPA\/wp-json\/wp\/v2\/comments?post=2189"}],"version-history":[{"count":1,"href":"https:\/\/www.unioviedo.es\/IUOPA\/wp-json\/wp\/v2\/posts\/2189\/revisions"}],"predecessor-version":[{"id":2190,"href":"https:\/\/www.unioviedo.es\/IUOPA\/wp-json\/wp\/v2\/posts\/2189\/revisions\/2190"}],"wp:featuredmedia":[{"embeddable":true,"href":"https:\/\/www.unioviedo.es\/IUOPA\/wp-json\/wp\/v2\/media\/2187"}],"wp:attachment":[{"href":"https:\/\/www.unioviedo.es\/IUOPA\/wp-json\/wp\/v2\/media?parent=2189"}],"wp:term":[{"taxonomy":"category","embeddable":true,"href":"https:\/\/www.unioviedo.es\/IUOPA\/wp-json\/wp\/v2\/categories?post=2189"},{"taxonomy":"post_tag","embeddable":true,"href":"https:\/\/www.unioviedo.es\/IUOPA\/wp-json\/wp\/v2\/tags?post=2189"}],"curies":[{"name":"wp","href":"https:\/\/api.w.org\/{rel}","templated":true}]}}