{"id":2629,"date":"2023-06-06T11:38:51","date_gmt":"2023-06-06T09:38:51","guid":{"rendered":"https:\/\/www.unioviedo.es\/IUOPA\/?p=2629"},"modified":"2023-06-06T11:38:51","modified_gmt":"2023-06-06T09:38:51","slug":"un-millar-de-atletas-tomaran-parte-en-la-carrera-aviles-10k","status":"publish","type":"post","link":"https:\/\/www.unioviedo.es\/IUOPA\/en\/un-millar-de-atletas-tomaran-parte-en-la-carrera-aviles-10k\/","title":{"rendered":"Un millar de atletas tomar\u00e1n parte en la carrera Avil\u00e9s 10K"},"content":{"rendered":"<p><div class=\"fusion-fullwidth fullwidth-box fusion-builder-row-1 fusion-flex-container nonhundred-percent-fullwidth non-hundred-percent-height-scrolling\" style=\"background-color: rgba(255,255,255,0);background-position: center center;background-repeat: no-repeat;border-width: 0px 0px 0px 0px;border-color:#eae9e9;border-style:solid;\" ><div class=\"fusion-builder-row fusion-row fusion-flex-align-items-flex-start fusion-flex-justify-content-center\" style=\"max-width:1216.8px;margin-left: calc(-4% \/ 2 );margin-right: calc(-4% \/ 2 );\"><div class=\"fusion-layout-column fusion_builder_column fusion-builder-column-0 fusion_builder_column_1_1 1_1 fusion-flex-column\"><div class=\"fusion-column-wrapper fusion-flex-justify-content-flex-start fusion-content-layout-column\" style=\"background-position:left top;background-repeat:no-repeat;-webkit-background-size:cover;-moz-background-size:cover;-o-background-size:cover;background-size:cover;padding: 0px 0px 0px 0px;\"><style type=\"text\/css\">@media only screen and (max-width:1024px) {.fusion-title.fusion-title-1{margin-top:0px!important; margin-right:0px!important;margin-bottom:20px!important;margin-left:0px!important;}}@media only screen and (max-width:640px) {.fusion-title.fusion-title-1{margin-top:0px!important; margin-right:0px!important;margin-bottom:20px!important; margin-left:0px!important;}}<\/style><div class=\"fusion-title title fusion-title-1 fusion-sep-none fusion-title-text fusion-title-size-one\" style=\"font-size:30px;margin-top:0px;margin-right:0px;margin-bottom:20px;margin-left:0px;\"><h1 class=\"title-heading-left fusion-responsive-typography-calculated\" style=\"margin:0;font-size:1em;--fontSize:30;line-height:1.1;\">Un millar de atletas tomar\u00e1n parte en la carrera Avil\u00e9s 10K<\/h1><\/div><div ><span class=\" fusion-imageframe imageframe-none imageframe-1 hover-type-zoomin\"><a href=\"https:\/\/www.unioviedo.es\/IUOPA\/wp-content\/uploads\/2023\/06\/capturaLNE-scaled.jpg\" class=\"fusion-lightbox\" data-rel=\"iLightbox[9b93a19cffd64c85bfc]\" data-title=\"capturaLNE\" title=\"capturaLNE\"><img decoding=\"async\" width=\"2560\" height=\"1983\" src=\"https:\/\/www.unioviedo.es\/IUOPA\/wp-content\/uploads\/2023\/06\/capturaLNE-scaled.jpg\" data-orig-src=\"https:\/\/www.unioviedo.es\/IUOPA\/wp-content\/uploads\/2023\/06\/capturaLNE-scaled.jpg\" alt class=\"lazyload img-responsive wp-image-2630\" srcset=\"data:image\/svg+xml,%3Csvg%20xmlns%3D%27http%3A%2F%2Fwww.w3.org%2F2000%2Fsvg%27%20width%3D%272560%27%20height%3D%271983%27%20viewBox%3D%270%200%202560%201983%27%3E%3Crect%20width%3D%272560%27%20height%3D%271983%27%20fill-opacity%3D%220%22%2F%3E%3C%2Fsvg%3E\" data-srcset=\"https:\/\/www.unioviedo.es\/IUOPA\/wp-content\/uploads\/2023\/06\/capturaLNE-200x155.jpg 200w, https:\/\/www.unioviedo.es\/IUOPA\/wp-content\/uploads\/2023\/06\/capturaLNE-400x310.jpg 400w, https:\/\/www.unioviedo.es\/IUOPA\/wp-content\/uploads\/2023\/06\/capturaLNE-600x465.jpg 600w, https:\/\/www.unioviedo.es\/IUOPA\/wp-content\/uploads\/2023\/06\/capturaLNE-800x620.jpg 800w, https:\/\/www.unioviedo.es\/IUOPA\/wp-content\/uploads\/2023\/06\/capturaLNE-1200x929.jpg 1200w, https:\/\/www.unioviedo.es\/IUOPA\/wp-content\/uploads\/2023\/06\/capturaLNE-scaled.jpg 2560w\" data-sizes=\"auto\" data-orig-sizes=\"(max-width: 1024px) 100vw, (max-width: 640px) 100vw, 1200px\" \/><\/a><\/span><\/div><div class=\"fusion-separator fusion-full-width-sep\" style=\"align-self: center;margin-left: auto;margin-right: auto;margin-top:40px;width:100%;\"><\/div><style type=\"text\/css\">@media only screen and (max-width:1024px) {.fusion-title.fusion-title-2{margin-top:0px!important; margin-right:0px!important;margin-bottom:31px!important;margin-left:0px!important;}}@media only screen and (max-width:640px) {.fusion-title.fusion-title-2{margin-top:0px!important; margin-right:0px!important;margin-bottom:20px!important; margin-left:0px!important;}}<\/style><div class=\"fusion-title title fusion-title-2 fusion-sep-none fusion-title-text fusion-title-size-two\" style=\"font-size:20px;margin-top:0px;margin-right:0px;margin-bottom:31px;margin-left:0px;\"><h2 class=\"title-heading-left fusion-responsive-typography-calculated\" style=\"margin:0;font-size:1em;letter-spacing:0px;--fontSize:20;--minFontSize:20px;line-height:1.3;\"><span style=\"font-family: Roboto Slab;\">Atletismo &#8211; Avil\u00e9s<\/span><\/h2><\/div><div class=\"fusion-text fusion-text-1\"><p>La Villa del Adelantado espera la participaci\u00f3n de un millar de atletas ma\u00f1ana con motivo de la carrera Avil\u00e9s 10K, Gran Premio TSK \u00abMemorial Garc\u00eda Bola\u00f1os\u00bb, una cita deportiva que cumple 9 ediciones y que volver\u00e1 a contar con dos pruebas, la infantil (hasta 15 a\u00f1os) con salida a las 16:00 horas y la absoluta, de 16 a\u00f1os en adelante, que partir\u00e1 a las 18:00.<\/p>\n<p><b>Fuente LNE<\/b><\/p>\n<p><img decoding=\"async\" class=\"lazyload wp-image-2630 size-large aligncenter\" src=\"https:\/\/www.unioviedo.es\/IUOPA\/wp-content\/uploads\/2023\/06\/capturaLNE-1024x793.jpg\" data-orig-src=\"https:\/\/www.unioviedo.es\/IUOPA\/wp-content\/uploads\/2023\/06\/capturaLNE-1024x793.jpg\" alt=\"\" width=\"1024\" height=\"793\" srcset=\"data:image\/svg+xml,%3Csvg%20xmlns%3D%27http%3A%2F%2Fwww.w3.org%2F2000%2Fsvg%27%20width%3D%271024%27%20height%3D%27793%27%20viewBox%3D%270%200%201024%20793%27%3E%3Crect%20width%3D%271024%27%20height%3D%27793%27%20fill-opacity%3D%220%22%2F%3E%3C%2Fsvg%3E\" data-srcset=\"https:\/\/www.unioviedo.es\/IUOPA\/wp-content\/uploads\/2023\/06\/capturaLNE-200x155.jpg 200w, https:\/\/www.unioviedo.es\/IUOPA\/wp-content\/uploads\/2023\/06\/capturaLNE-300x232.jpg 300w, https:\/\/www.unioviedo.es\/IUOPA\/wp-content\/uploads\/2023\/06\/capturaLNE-400x310.jpg 400w, https:\/\/www.unioviedo.es\/IUOPA\/wp-content\/uploads\/2023\/06\/capturaLNE-600x465.jpg 600w, https:\/\/www.unioviedo.es\/IUOPA\/wp-content\/uploads\/2023\/06\/capturaLNE-768x595.jpg 768w, https:\/\/www.unioviedo.es\/IUOPA\/wp-content\/uploads\/2023\/06\/capturaLNE-800x620.jpg 800w, https:\/\/www.unioviedo.es\/IUOPA\/wp-content\/uploads\/2023\/06\/capturaLNE-1024x793.jpg 1024w, https:\/\/www.unioviedo.es\/IUOPA\/wp-content\/uploads\/2023\/06\/capturaLNE-1200x929.jpg 1200w, https:\/\/www.unioviedo.es\/IUOPA\/wp-content\/uploads\/2023\/06\/capturaLNE-1536x1190.jpg 1536w\" data-sizes=\"auto\" data-orig-sizes=\"(max-width: 1024px) 100vw, 1024px\" \/><\/p>\n<\/div><div class=\"fusion-separator fusion-full-width-sep\" style=\"align-self: center;margin-left: auto;margin-right: auto;margin-top:40px;width:100%;\"><\/div><\/div><style type=\"text\/css\">.fusion-body .fusion-builder-column-0{width:100% !important;margin-top : 0px;margin-bottom : 0px;}.fusion-builder-column-0 > .fusion-column-wrapper {padding-top : 0px !important;padding-right : 0px !important;margin-right : 1.92%;padding-bottom : 0px !important;padding-left : 0px !important;margin-left : 1.92%;}@media only screen and (max-width:1024px) {.fusion-body .fusion-builder-column-0{width:75% !important;order : 0;}.fusion-builder-column-0 > .fusion-column-wrapper {margin-right : 2.56%;margin-left : 2.56%;}}@media only screen and (max-width:640px) {.fusion-body .fusion-builder-column-0{width:100% !important;order : 0;}.fusion-builder-column-0 > .fusion-column-wrapper {margin-right : 1.92%;margin-left : 1.92%;}}<\/style><\/div><\/div><style type=\"text\/css\">.fusion-body .fusion-flex-container.fusion-builder-row-1{ padding-top : 0px;margin-top : 0px;padding-right : 30px;padding-bottom : 0px;margin-bottom : 0px;padding-left : 30px;}@media only screen and (max-width:1024px) {.fusion-body .fusion-flex-container.fusion-builder-row-1{ padding-top : 80px;}}<\/style><\/div><div class=\"fusion-fullwidth fullwidth-box fusion-builder-row-2 fusion-flex-container nonhundred-percent-fullwidth non-hundred-percent-height-scrolling\" style=\"background-color: rgba(255,255,255,0);background-position: center center;background-repeat: no-repeat;border-width: 0px 0px 0px 0px;border-color:#eae9e9;border-style:solid;\" ><div class=\"fusion-builder-row fusion-row fusion-flex-align-items-flex-start\" style=\"max-width:1216.8px;margin-left: calc(-4% \/ 2 );margin-right: calc(-4% \/ 2 );\"><div class=\"fusion-layout-column fusion_builder_column fusion-builder-column-1 fusion_builder_column_1_1 1_1 fusion-flex-column\"><div class=\"fusion-column-wrapper fusion-flex-justify-content-flex-start fusion-content-layout-column\" style=\"background-position:left top;background-repeat:no-repeat;-webkit-background-size:cover;-moz-background-size:cover;-o-background-size:cover;background-size:cover;padding: 20px 0px 20px 0px;\"><div class=\"fusion-sharing-box fusion-sharing-box-1\" style=\"background-color:#f6f6f6;margin-top:60px;\" data-title=\"Un millar de atletas tomar\u00e1n parte en la carrera Avil\u00e9s 10K\" data-description=\"Atletismo - Avil\u00e9s \r\n\r\nLa Villa del Adelantado espera la participaci\u00f3n de un millar de atletas ma\u00f1ana con motivo de la carrera Avil\u00e9s 10K, Gran Premio TSK &quot;Memorial Garc\u00eda Bola\u00f1os&quot;, una cita deportiva que cumple 9 ediciones y que volver\u00e1 a contar con dos pruebas, la infantil (hasta 15 a\u00f1os) con\" data-link=\"https:\/\/www.unioviedo.es\/IUOPA\/en\/un-millar-de-atletas-tomaran-parte-en-la-carrera-aviles-10k\/\"><h4 class=\"tagline\" style=\"color:#2f2f2f;\">Compartir noticia<\/h4><div class=\"fusion-social-networks sharingbox-shortcode-icon-wrapper sharingbox-shortcode-icon-wrapper-1\"><span><a href=\"https:\/\/www.facebook.com\/sharer.php?u=https%3A%2F%2Fwww.unioviedo.es%2FIUOPA%2Fen%2Fun-millar-de-atletas-tomaran-parte-en-la-carrera-aviles-10k%2F&amp;t=Un%20millar%20de%20atletas%20tomar%C3%A1n%20parte%20en%20la%20carrera%20Avil%C3%A9s%2010K\" target=\"_blank\" rel=\"noreferrer\" title=\"Facebook\" aria-label=\"Facebook\"><i class=\"fusion-social-network-icon fusion-tooltip fusion-facebook awb-icon-facebook\" style=\"color:#76b5ae;\" aria-hidden=\"true\"><\/i><\/a><\/span><span><a href=\"https:\/\/twitter.com\/share?text=Un%20millar%20de%20atletas%20tomar%C3%A1n%20parte%20en%20la%20carrera%20Avil%C3%A9s%2010K&amp;url=https%3A%2F%2Fwww.unioviedo.es%2FIUOPA%2Fen%2Fun-millar-de-atletas-tomaran-parte-en-la-carrera-aviles-10k%2F\" target=\"_blank\" rel=\"noopener noreferrer\" title=\"Twitter\" aria-label=\"Twitter\"><i class=\"fusion-social-network-icon fusion-tooltip fusion-twitter awb-icon-twitter\" style=\"color:#76b5ae;\" aria-hidden=\"true\"><\/i><\/a><\/span><span><a href=\"https:\/\/www.linkedin.com\/shareArticle?mini=true&amp;url=https%3A%2F%2Fwww.unioviedo.es%2FIUOPA%2Fen%2Fun-millar-de-atletas-tomaran-parte-en-la-carrera-aviles-10k%2F&amp;title=Un%20millar%20de%20atletas%20tomar%C3%A1n%20parte%20en%20la%20carrera%20Avil%C3%A9s%2010K&amp;summary=Atletismo%20-%20Avil%C3%A9s%20%0D%0A%0D%0ALa%20Villa%20del%20Adelantado%20espera%20la%20participaci%C3%B3n%20de%20un%20millar%20de%20atletas%20ma%C3%B1ana%20con%20motivo%20de%20la%20carrera%20Avil%C3%A9s%2010K%2C%20Gran%20Premio%20TSK%20%26quot%3BMemorial%20Garc%C3%ADa%20Bola%C3%B1os%26quot%3B%2C%20una%20cita%20deportiva%20que%20cumple%209%20ediciones%20y%20que%20volver%C3%A1%20a%20contar%20con%20dos%20pruebas%2C%20la%20infantil%20%28hasta%2015%20a%C3%B1os%29%20con\" target=\"_blank\" rel=\"noopener noreferrer\" title=\"LinkedIn\" aria-label=\"LinkedIn\"><i class=\"fusion-social-network-icon fusion-tooltip fusion-linkedin awb-icon-linkedin\" style=\"color:#76b5ae;\" aria-hidden=\"true\"><\/i><\/a><\/span><span><a href=\"mailto:?subject=Un%20millar%20de%20atletas%20tomar%C3%A1n%20parte%20en%20la%20carrera%20Avil%C3%A9s%2010K&amp;body=https%3A%2F%2Fwww.unioviedo.es%2FIUOPA%2Fen%2Fun-millar-de-atletas-tomaran-parte-en-la-carrera-aviles-10k%2F\" target=\"_self\" title=\"Correo electr\u00f3nico\" aria-label=\"Correo electr\u00f3nico\"><i class=\"fusion-social-network-icon fusion-tooltip fusion-mail awb-icon-mail\" style=\"color:#76b5ae;\" aria-hidden=\"true\"><\/i><\/a><\/span><\/div><\/div><style type=\"text\/css\">.fusion-sharing-box-1 h4{margin-bottom:0 !important;}.fusion-sharing-box-1{flex-direction:row !important;padding-top:20px !important;padding-bottom:20px !important;}.sharingbox-shortcode-icon-wrapper-1 span.sharingbox-shortcode-icon-separator{border-right-width:0px !important;}@media only screen and (max-width:1024px){.fusion-sharing-box-1 h4{margin-right:0.5em !important;margin-bottom:0 !important;}.sharingbox-shortcode-icon-wrapper-1{width:auto !important;justify-content:flex-end !important;}.fusion-sharing-box-1{align-items:center !important;} }@media only screen and (max-width:640px){.fusion-sharing-box-1{flex-direction: column !important;align-items:center !important;}.fusion-sharing-box-1 h4{margin-bottom:revert !important;}.sharingbox-shortcode-icon-wrapper-1{width:100% !important;justify-content:space-between !important;} }<\/style><\/div><style type=\"text\/css\">.fusion-body .fusion-builder-column-1{width:100% !important;margin-top : 0px;margin-bottom : 0px;}.fusion-builder-column-1 > .fusion-column-wrapper {padding-top : 20px !important;padding-right : 0px !important;margin-right : 1.92%;padding-bottom : 20px !important;padding-left : 0px !important;margin-left : 1.92%;}@media only screen and (max-width:1024px) {.fusion-body .fusion-builder-column-1{width:100% !important;order : 0;}.fusion-builder-column-1 > .fusion-column-wrapper {margin-right : 1.92%;margin-left : 1.92%;}}@media only screen and (max-width:640px) {.fusion-body .fusion-builder-column-1{width:100% !important;order : 0;}.fusion-builder-column-1 > .fusion-column-wrapper {margin-right : 1.92%;margin-left : 1.92%;}}<\/style><\/div><\/div><style type=\"text\/css\">.fusion-body .fusion-flex-container.fusion-builder-row-2{ padding-top : 0px;margin-top : 0px;padding-right : 30px;padding-bottom : 0px;margin-bottom : 0px;padding-left : 30px;}<\/style><\/div><\/p>\n","protected":false},"excerpt":{"rendered":"","protected":false},"author":1,"featured_media":2630,"comment_status":"open","ping_status":"open","sticky":false,"template":"","format":"standard","meta":{"footnotes":""},"categories":[243],"tags":[162],"class_list":["post-2629","post","type-post","status-publish","format-standard","has-post-thumbnail","hentry","category-last-news-en","tag-actualidad-iuopa-en"],"_links":{"self":[{"href":"https:\/\/www.unioviedo.es\/IUOPA\/wp-json\/wp\/v2\/posts\/2629","targetHints":{"allow":["GET"]}}],"collection":[{"href":"https:\/\/www.unioviedo.es\/IUOPA\/wp-json\/wp\/v2\/posts"}],"about":[{"href":"https:\/\/www.unioviedo.es\/IUOPA\/wp-json\/wp\/v2\/types\/post"}],"author":[{"embeddable":true,"href":"https:\/\/www.unioviedo.es\/IUOPA\/wp-json\/wp\/v2\/users\/1"}],"replies":[{"embeddable":true,"href":"https:\/\/www.unioviedo.es\/IUOPA\/wp-json\/wp\/v2\/comments?post=2629"}],"version-history":[{"count":1,"href":"https:\/\/www.unioviedo.es\/IUOPA\/wp-json\/wp\/v2\/posts\/2629\/revisions"}],"predecessor-version":[{"id":2631,"href":"https:\/\/www.unioviedo.es\/IUOPA\/wp-json\/wp\/v2\/posts\/2629\/revisions\/2631"}],"wp:featuredmedia":[{"embeddable":true,"href":"https:\/\/www.unioviedo.es\/IUOPA\/wp-json\/wp\/v2\/media\/2630"}],"wp:attachment":[{"href":"https:\/\/www.unioviedo.es\/IUOPA\/wp-json\/wp\/v2\/media?parent=2629"}],"wp:term":[{"taxonomy":"category","embeddable":true,"href":"https:\/\/www.unioviedo.es\/IUOPA\/wp-json\/wp\/v2\/categories?post=2629"},{"taxonomy":"post_tag","embeddable":true,"href":"https:\/\/www.unioviedo.es\/IUOPA\/wp-json\/wp\/v2\/tags?post=2629"}],"curies":[{"name":"wp","href":"https:\/\/api.w.org\/{rel}","templated":true}]}}