{"id":2828,"date":"2023-09-06T11:54:49","date_gmt":"2023-09-06T09:54:49","guid":{"rendered":"https:\/\/www.unioviedo.es\/IUOPA\/?p=2828"},"modified":"2023-09-12T12:37:21","modified_gmt":"2023-09-12T10:37:21","slug":"mario-fernandez-fraga-premio-investigador-distinguido-de-la-academia-de-ciencia-2","status":"publish","type":"post","link":"https:\/\/www.unioviedo.es\/IUOPA\/mario-fernandez-fraga-premio-investigador-distinguido-de-la-academia-de-ciencia-2\/","title":{"rendered":"Mario Fern\u00e1ndez Fraga, premio \u00abInvestigador Distinguido\u00bb de la Academia de Ciencia"},"content":{"rendered":"<p><div class=\"fusion-fullwidth fullwidth-box fusion-builder-row-1 fusion-flex-container nonhundred-percent-fullwidth non-hundred-percent-height-scrolling\" style=\"background-color: rgba(255,255,255,0);background-position: center center;background-repeat: no-repeat;border-width: 0px 0px 0px 0px;border-color:#eae9e9;border-style:solid;\" ><div class=\"fusion-builder-row fusion-row fusion-flex-align-items-flex-start fusion-flex-justify-content-center\" style=\"max-width:1216.8px;margin-left: calc(-4% \/ 2 );margin-right: calc(-4% \/ 2 );\"><div class=\"fusion-layout-column fusion_builder_column fusion-builder-column-0 fusion_builder_column_1_1 1_1 fusion-flex-column\"><div class=\"fusion-column-wrapper fusion-flex-justify-content-flex-start fusion-content-layout-column\" style=\"background-position:left top;background-repeat:no-repeat;-webkit-background-size:cover;-moz-background-size:cover;-o-background-size:cover;background-size:cover;padding: 0px 0px 0px 0px;\"><style type=\"text\/css\">@media only screen and (max-width:1024px) {.fusion-title.fusion-title-1{margin-top:0px!important; margin-right:0px!important;margin-bottom:20px!important;margin-left:0px!important;}}@media only screen and (max-width:640px) {.fusion-title.fusion-title-1{margin-top:0px!important; margin-right:0px!important;margin-bottom:20px!important; margin-left:0px!important;}}<\/style><div class=\"fusion-title title fusion-title-1 fusion-sep-none fusion-title-text fusion-title-size-one\" style=\"font-size:30px;margin-top:0px;margin-right:0px;margin-bottom:20px;margin-left:0px;\"><h1 class=\"title-heading-left fusion-responsive-typography-calculated\" style=\"margin:0;font-size:1em;--fontSize:30;line-height:1.1;\">Mario Fern\u00e1ndez Fraga, premio \u00abInvestigador Distinguido\u00bb de la Academia de Ciencia<\/h1><\/div><div ><span class=\" fusion-imageframe imageframe-none imageframe-1 hover-type-zoomin\"><a href=\"https:\/\/www.unioviedo.es\/IUOPA\/wp-content\/uploads\/2023\/09\/42f717a7-05fe-46f0-b4b4-4042d65e9fba_16-9-discover-aspect-ratio_default_0.jpg\" class=\"fusion-lightbox\" data-rel=\"iLightbox[c9631941a8ca3544aba]\" data-title=\"42f717a7-05fe-46f0-b4b4-4042d65e9fba_16-9-discover-aspect-ratio_default_0\" title=\"42f717a7-05fe-46f0-b4b4-4042d65e9fba_16-9-discover-aspect-ratio_default_0\"><img decoding=\"async\" width=\"1200\" height=\"675\" src=\"https:\/\/www.unioviedo.es\/IUOPA\/wp-content\/uploads\/2023\/09\/42f717a7-05fe-46f0-b4b4-4042d65e9fba_16-9-discover-aspect-ratio_default_0.jpg\" data-orig-src=\"https:\/\/www.unioviedo.es\/IUOPA\/wp-content\/uploads\/2023\/09\/42f717a7-05fe-46f0-b4b4-4042d65e9fba_16-9-discover-aspect-ratio_default_0.jpg\" alt class=\"lazyload img-responsive wp-image-2826\" srcset=\"data:image\/svg+xml,%3Csvg%20xmlns%3D%27http%3A%2F%2Fwww.w3.org%2F2000%2Fsvg%27%20width%3D%271200%27%20height%3D%27675%27%20viewBox%3D%270%200%201200%20675%27%3E%3Crect%20width%3D%271200%27%20height%3D%27675%27%20fill-opacity%3D%220%22%2F%3E%3C%2Fsvg%3E\" data-srcset=\"https:\/\/www.unioviedo.es\/IUOPA\/wp-content\/uploads\/2023\/09\/42f717a7-05fe-46f0-b4b4-4042d65e9fba_16-9-discover-aspect-ratio_default_0-200x113.jpg 200w, https:\/\/www.unioviedo.es\/IUOPA\/wp-content\/uploads\/2023\/09\/42f717a7-05fe-46f0-b4b4-4042d65e9fba_16-9-discover-aspect-ratio_default_0-400x225.jpg 400w, https:\/\/www.unioviedo.es\/IUOPA\/wp-content\/uploads\/2023\/09\/42f717a7-05fe-46f0-b4b4-4042d65e9fba_16-9-discover-aspect-ratio_default_0-600x338.jpg 600w, https:\/\/www.unioviedo.es\/IUOPA\/wp-content\/uploads\/2023\/09\/42f717a7-05fe-46f0-b4b4-4042d65e9fba_16-9-discover-aspect-ratio_default_0-800x450.jpg 800w, https:\/\/www.unioviedo.es\/IUOPA\/wp-content\/uploads\/2023\/09\/42f717a7-05fe-46f0-b4b4-4042d65e9fba_16-9-discover-aspect-ratio_default_0.jpg 1200w\" data-sizes=\"auto\" data-orig-sizes=\"(max-width: 1024px) 100vw, (max-width: 640px) 100vw, 1200px\" \/><\/a><\/span><\/div><div class=\"fusion-separator fusion-full-width-sep\" style=\"align-self: center;margin-left: auto;margin-right: auto;margin-top:40px;width:100%;\"><\/div><style type=\"text\/css\">@media only screen and (max-width:1024px) {.fusion-title.fusion-title-2{margin-top:0px!important; margin-right:0px!important;margin-bottom:31px!important;margin-left:0px!important;}}@media only screen and (max-width:640px) {.fusion-title.fusion-title-2{margin-top:0px!important; margin-right:0px!important;margin-bottom:20px!important; margin-left:0px!important;}}<\/style><div class=\"fusion-title title fusion-title-2 fusion-sep-none fusion-title-text fusion-title-size-two\" style=\"font-size:20px;margin-top:0px;margin-right:0px;margin-bottom:31px;margin-left:0px;\"><h2 class=\"title-heading-left fusion-responsive-typography-calculated\" style=\"margin:0;font-size:1em;letter-spacing:0px;--fontSize:20;--minFontSize:20px;line-height:1.3;\"><span style=\"font-family: Roboto Slab;\">La instituci\u00f3n reconocer\u00e1 el 22 de septiembre al cient\u00edfico del CINN-CSIC por su trabajo pionero en el campo del envejecimiento y el c\u00e1ncer<\/span><\/h2><\/div><div class=\"fusion-text fusion-text-1\"><p class=\"article-body__text article-body__text--entry article-body__text-middle\"><strong>Mario Fern\u00e1ndez Fraga<\/strong>\u00a0ser\u00e1 reconocido el pr\u00f3ximo mes de septiembre por la Academia Asturiana de Ciencia e Ingenier\u00eda (AACI) con la primera edici\u00f3n del premio \u00abInvestigador Distinguido 2023\u00bb. La instituci\u00f3n que preside el catedr\u00e1tico Mario D\u00edaz ha tenido en cuenta \u00absus contribuciones en el campo de la epigen\u00e9tica del desarrollo, el envejecimiento y el c\u00e1ncer\u00bb. Fraga, que es director del laboratorio de epigen\u00e9tica del c\u00e1ncer y nanomedicina del Centro de Investigaci\u00f3n en Nanomateriales y Nanotecnolog\u00eda (CINN-CSIC) de El Entrego, recibir\u00e1 el galard\u00f3n el 22 de septiembre, en el Paraninfo de la Universidad de Oviedo en el D\u00eda de la Ciencia y la Ingenier\u00eda en Asturias.<\/p>\n<p><b>Fuente LNE &#8211; <a href=\"https:\/\/www.lne.es\/asturias\/2023\/07\/21\/mario-fernandez-fraga-premio-investigador-90141897.html\">Leer noticia completa<\/a><\/b><\/p>\n<\/div><div class=\"fusion-separator fusion-full-width-sep\" style=\"align-self: center;margin-left: auto;margin-right: auto;margin-top:40px;width:100%;\"><\/div><\/div><style type=\"text\/css\">.fusion-body .fusion-builder-column-0{width:100% !important;margin-top : 0px;margin-bottom : 0px;}.fusion-builder-column-0 > .fusion-column-wrapper {padding-top : 0px !important;padding-right : 0px !important;margin-right : 1.92%;padding-bottom : 0px !important;padding-left : 0px !important;margin-left : 1.92%;}@media only screen and (max-width:1024px) {.fusion-body .fusion-builder-column-0{width:75% !important;order : 0;}.fusion-builder-column-0 > .fusion-column-wrapper {margin-right : 2.56%;margin-left : 2.56%;}}@media only screen and (max-width:640px) {.fusion-body .fusion-builder-column-0{width:100% !important;order : 0;}.fusion-builder-column-0 > .fusion-column-wrapper {margin-right : 1.92%;margin-left : 1.92%;}}<\/style><\/div><\/div><style type=\"text\/css\">.fusion-body .fusion-flex-container.fusion-builder-row-1{ padding-top : 0px;margin-top : 0px;padding-right : 30px;padding-bottom : 0px;margin-bottom : 0px;padding-left : 30px;}@media only screen and (max-width:1024px) {.fusion-body .fusion-flex-container.fusion-builder-row-1{ padding-top : 80px;}}<\/style><\/div><div class=\"fusion-fullwidth fullwidth-box fusion-builder-row-2 fusion-flex-container nonhundred-percent-fullwidth non-hundred-percent-height-scrolling\" style=\"background-color: rgba(255,255,255,0);background-position: center center;background-repeat: no-repeat;border-width: 0px 0px 0px 0px;border-color:#eae9e9;border-style:solid;\" ><div class=\"fusion-builder-row fusion-row fusion-flex-align-items-flex-start\" style=\"max-width:1216.8px;margin-left: calc(-4% \/ 2 );margin-right: calc(-4% \/ 2 );\"><div class=\"fusion-layout-column fusion_builder_column fusion-builder-column-1 fusion_builder_column_1_1 1_1 fusion-flex-column\"><div class=\"fusion-column-wrapper fusion-flex-justify-content-flex-start fusion-content-layout-column\" style=\"background-position:left top;background-repeat:no-repeat;-webkit-background-size:cover;-moz-background-size:cover;-o-background-size:cover;background-size:cover;padding: 20px 0px 20px 0px;\"><div class=\"fusion-sharing-box fusion-sharing-box-1\" style=\"background-color:#f6f6f6;margin-top:60px;\" data-title=\"Mario Fern\u00e1ndez Fraga, premio \u00abInvestigador Distinguido\u00bb de la Academia de Ciencia\" data-description=\"La instituci\u00f3n reconocer\u00e1 el 22 de septiembre al cient\u00edfico del CINN-CSIC por su trabajo pionero en el campo del envejecimiento y el c\u00e1ncer \r\nMario Fern\u00e1ndez Fraga\u00a0ser\u00e1 reconocido el pr\u00f3ximo mes de septiembre por la Academia Asturiana de Ciencia e Ingenier\u00eda (AACI) con la primera edici\u00f3n del premio\" data-link=\"https:\/\/www.unioviedo.es\/IUOPA\/mario-fernandez-fraga-premio-investigador-distinguido-de-la-academia-de-ciencia-2\/\"><h4 class=\"tagline\" style=\"color:#2f2f2f;\">Compartir noticia<\/h4><div class=\"fusion-social-networks sharingbox-shortcode-icon-wrapper sharingbox-shortcode-icon-wrapper-1\"><span><a href=\"https:\/\/www.facebook.com\/sharer.php?u=https%3A%2F%2Fwww.unioviedo.es%2FIUOPA%2Fmario-fernandez-fraga-premio-investigador-distinguido-de-la-academia-de-ciencia-2%2F&amp;t=Mario%20Fern%C3%A1ndez%20Fraga%2C%20premio%20%C2%ABInvestigador%20Distinguido%C2%BB%20de%20la%20Academia%20de%20Ciencia\" target=\"_blank\" rel=\"noreferrer\" title=\"Facebook\" aria-label=\"Facebook\"><i class=\"fusion-social-network-icon fusion-tooltip fusion-facebook awb-icon-facebook\" style=\"color:#76b5ae;\" aria-hidden=\"true\"><\/i><\/a><\/span><span><a href=\"https:\/\/twitter.com\/share?text=Mario%20Fern%C3%A1ndez%20Fraga%2C%20premio%20%C2%ABInvestigador%20Distinguido%C2%BB%20de%20la%20Academia%20de%20Ciencia&amp;url=https%3A%2F%2Fwww.unioviedo.es%2FIUOPA%2Fmario-fernandez-fraga-premio-investigador-distinguido-de-la-academia-de-ciencia-2%2F\" target=\"_blank\" rel=\"noopener noreferrer\" title=\"Twitter\" aria-label=\"Twitter\"><i class=\"fusion-social-network-icon fusion-tooltip fusion-twitter awb-icon-twitter\" style=\"color:#76b5ae;\" aria-hidden=\"true\"><\/i><\/a><\/span><span><a href=\"https:\/\/www.linkedin.com\/shareArticle?mini=true&amp;url=https%3A%2F%2Fwww.unioviedo.es%2FIUOPA%2Fmario-fernandez-fraga-premio-investigador-distinguido-de-la-academia-de-ciencia-2%2F&amp;title=Mario%20Fern%C3%A1ndez%20Fraga%2C%20premio%20%C2%ABInvestigador%20Distinguido%C2%BB%20de%20la%20Academia%20de%20Ciencia&amp;summary=La%20instituci%C3%B3n%20reconocer%C3%A1%20el%2022%20de%20septiembre%20al%20cient%C3%ADfico%20del%20CINN-CSIC%20por%20su%20trabajo%20pionero%20en%20el%20campo%20del%20envejecimiento%20y%20el%20c%C3%A1ncer%20%0D%0AMario%20Fern%C3%A1ndez%20Fraga%C2%A0ser%C3%A1%20reconocido%20el%20pr%C3%B3ximo%20mes%20de%20septiembre%20por%20la%20Academia%20Asturiana%20de%20Ciencia%20e%20Ingenier%C3%ADa%20%28AACI%29%20con%20la%20primera%20edici%C3%B3n%20del%20premio\" target=\"_blank\" rel=\"noopener noreferrer\" title=\"LinkedIn\" aria-label=\"LinkedIn\"><i class=\"fusion-social-network-icon fusion-tooltip fusion-linkedin awb-icon-linkedin\" style=\"color:#76b5ae;\" aria-hidden=\"true\"><\/i><\/a><\/span><span><a href=\"mailto:?subject=Mario%20Fern%C3%A1ndez%20Fraga%2C%20premio%20%C2%ABInvestigador%20Distinguido%C2%BB%20de%20la%20Academia%20de%20Ciencia&amp;body=https%3A%2F%2Fwww.unioviedo.es%2FIUOPA%2Fmario-fernandez-fraga-premio-investigador-distinguido-de-la-academia-de-ciencia-2%2F\" target=\"_self\" title=\"Correo electr\u00f3nico\" aria-label=\"Correo electr\u00f3nico\"><i class=\"fusion-social-network-icon fusion-tooltip fusion-mail awb-icon-mail\" style=\"color:#76b5ae;\" aria-hidden=\"true\"><\/i><\/a><\/span><\/div><\/div><style type=\"text\/css\">.fusion-sharing-box-1 h4{margin-bottom:0 !important;}.fusion-sharing-box-1{flex-direction:row !important;padding-top:20px !important;padding-bottom:20px !important;}.sharingbox-shortcode-icon-wrapper-1 span.sharingbox-shortcode-icon-separator{border-right-width:0px !important;}@media only screen and (max-width:1024px){.fusion-sharing-box-1 h4{margin-right:0.5em !important;margin-bottom:0 !important;}.sharingbox-shortcode-icon-wrapper-1{width:auto !important;justify-content:flex-end !important;}.fusion-sharing-box-1{align-items:center !important;} }@media only screen and (max-width:640px){.fusion-sharing-box-1{flex-direction: column !important;align-items:center !important;}.fusion-sharing-box-1 h4{margin-bottom:revert !important;}.sharingbox-shortcode-icon-wrapper-1{width:100% !important;justify-content:space-between !important;} }<\/style><\/div><style type=\"text\/css\">.fusion-body .fusion-builder-column-1{width:100% !important;margin-top : 0px;margin-bottom : 0px;}.fusion-builder-column-1 > .fusion-column-wrapper {padding-top : 20px !important;padding-right : 0px !important;margin-right : 1.92%;padding-bottom : 20px !important;padding-left : 0px !important;margin-left : 1.92%;}@media only screen and (max-width:1024px) {.fusion-body .fusion-builder-column-1{width:100% !important;order : 0;}.fusion-builder-column-1 > .fusion-column-wrapper {margin-right : 1.92%;margin-left : 1.92%;}}@media only screen and (max-width:640px) {.fusion-body .fusion-builder-column-1{width:100% !important;order : 0;}.fusion-builder-column-1 > .fusion-column-wrapper {margin-right : 1.92%;margin-left : 1.92%;}}<\/style><\/div><\/div><style type=\"text\/css\">.fusion-body .fusion-flex-container.fusion-builder-row-2{ padding-top : 0px;margin-top : 0px;padding-right : 30px;padding-bottom : 0px;margin-bottom : 0px;padding-left : 30px;}<\/style><\/div><\/p>\n","protected":false},"excerpt":{"rendered":"","protected":false},"author":1,"featured_media":2826,"comment_status":"open","ping_status":"open","sticky":false,"template":"","format":"standard","meta":{"footnotes":""},"categories":[241],"tags":[19],"class_list":["post-2828","post","type-post","status-publish","format-standard","has-post-thumbnail","hentry","category-ultimas-noticias","tag-actualidad-iuopa"],"_links":{"self":[{"href":"https:\/\/www.unioviedo.es\/IUOPA\/wp-json\/wp\/v2\/posts\/2828","targetHints":{"allow":["GET"]}}],"collection":[{"href":"https:\/\/www.unioviedo.es\/IUOPA\/wp-json\/wp\/v2\/posts"}],"about":[{"href":"https:\/\/www.unioviedo.es\/IUOPA\/wp-json\/wp\/v2\/types\/post"}],"author":[{"embeddable":true,"href":"https:\/\/www.unioviedo.es\/IUOPA\/wp-json\/wp\/v2\/users\/1"}],"replies":[{"embeddable":true,"href":"https:\/\/www.unioviedo.es\/IUOPA\/wp-json\/wp\/v2\/comments?post=2828"}],"version-history":[{"count":1,"href":"https:\/\/www.unioviedo.es\/IUOPA\/wp-json\/wp\/v2\/posts\/2828\/revisions"}],"predecessor-version":[{"id":2829,"href":"https:\/\/www.unioviedo.es\/IUOPA\/wp-json\/wp\/v2\/posts\/2828\/revisions\/2829"}],"wp:featuredmedia":[{"embeddable":true,"href":"https:\/\/www.unioviedo.es\/IUOPA\/wp-json\/wp\/v2\/media\/2826"}],"wp:attachment":[{"href":"https:\/\/www.unioviedo.es\/IUOPA\/wp-json\/wp\/v2\/media?parent=2828"}],"wp:term":[{"taxonomy":"category","embeddable":true,"href":"https:\/\/www.unioviedo.es\/IUOPA\/wp-json\/wp\/v2\/categories?post=2828"},{"taxonomy":"post_tag","embeddable":true,"href":"https:\/\/www.unioviedo.es\/IUOPA\/wp-json\/wp\/v2\/tags?post=2828"}],"curies":[{"name":"wp","href":"https:\/\/api.w.org\/{rel}","templated":true}]}}