{"id":2830,"date":"2023-09-11T12:04:54","date_gmt":"2023-09-11T10:04:54","guid":{"rendered":"https:\/\/www.unioviedo.es\/IUOPA\/?p=2830"},"modified":"2023-09-11T12:04:54","modified_gmt":"2023-09-11T10:04:54","slug":"nueva-etapa-para-la-primera-catedratica-de-salud-publica-de-la-universidad-de-oviedo","status":"publish","type":"post","link":"https:\/\/www.unioviedo.es\/IUOPA\/nueva-etapa-para-la-primera-catedratica-de-salud-publica-de-la-universidad-de-oviedo\/","title":{"rendered":"Nueva etapa para la primera catedr\u00e1tica de Salud P\u00fablica de la Universidad de Oviedo"},"content":{"rendered":"<p><div class=\"fusion-fullwidth fullwidth-box fusion-builder-row-1 fusion-flex-container nonhundred-percent-fullwidth non-hundred-percent-height-scrolling\" style=\"background-color: rgba(255,255,255,0);background-position: center center;background-repeat: no-repeat;border-width: 0px 0px 0px 0px;border-color:#eae9e9;border-style:solid;\" ><div class=\"fusion-builder-row fusion-row fusion-flex-align-items-flex-start fusion-flex-justify-content-center\" style=\"max-width:1216.8px;margin-left: calc(-4% \/ 2 );margin-right: calc(-4% \/ 2 );\"><div class=\"fusion-layout-column fusion_builder_column fusion-builder-column-0 fusion_builder_column_1_1 1_1 fusion-flex-column\"><div class=\"fusion-column-wrapper fusion-flex-justify-content-flex-start fusion-content-layout-column\" style=\"background-position:left top;background-repeat:no-repeat;-webkit-background-size:cover;-moz-background-size:cover;-o-background-size:cover;background-size:cover;padding: 0px 0px 0px 0px;\"><style type=\"text\/css\">@media only screen and (max-width:1024px) {.fusion-title.fusion-title-1{margin-top:0px!important; margin-right:0px!important;margin-bottom:20px!important;margin-left:0px!important;}}@media only screen and (max-width:640px) {.fusion-title.fusion-title-1{margin-top:0px!important; margin-right:0px!important;margin-bottom:20px!important; margin-left:0px!important;}}<\/style><div class=\"fusion-title title fusion-title-1 fusion-sep-none fusion-title-text fusion-title-size-one\" style=\"font-size:30px;margin-top:0px;margin-right:0px;margin-bottom:20px;margin-left:0px;\"><h1 class=\"title-heading-left fusion-responsive-typography-calculated\" style=\"margin:0;font-size:1em;--fontSize:30;line-height:1.1;\">Nueva etapa para la primera catedr\u00e1tica de Salud P\u00fablica de la Universidad de Oviedo<\/h1><\/div><div ><span class=\" fusion-imageframe imageframe-none imageframe-1 hover-type-zoomin\"><a href=\"https:\/\/www.unioviedo.es\/IUOPA\/wp-content\/uploads\/2023\/09\/tpa.jpg\" class=\"fusion-lightbox\" data-rel=\"iLightbox[7c9f9ab3aed2ac6dd7b]\" data-title=\"tpa\" title=\"tpa\"><img decoding=\"async\" width=\"730\" height=\"411\" src=\"https:\/\/www.unioviedo.es\/IUOPA\/wp-content\/uploads\/2023\/09\/tpa.jpg\" data-orig-src=\"https:\/\/www.unioviedo.es\/IUOPA\/wp-content\/uploads\/2023\/09\/tpa.jpg\" alt class=\"lazyload img-responsive wp-image-2831\" srcset=\"data:image\/svg+xml,%3Csvg%20xmlns%3D%27http%3A%2F%2Fwww.w3.org%2F2000%2Fsvg%27%20width%3D%27730%27%20height%3D%27411%27%20viewBox%3D%270%200%20730%20411%27%3E%3Crect%20width%3D%27730%27%20height%3D%27411%27%20fill-opacity%3D%220%22%2F%3E%3C%2Fsvg%3E\" data-srcset=\"https:\/\/www.unioviedo.es\/IUOPA\/wp-content\/uploads\/2023\/09\/tpa-200x113.jpg 200w, https:\/\/www.unioviedo.es\/IUOPA\/wp-content\/uploads\/2023\/09\/tpa-400x225.jpg 400w, https:\/\/www.unioviedo.es\/IUOPA\/wp-content\/uploads\/2023\/09\/tpa-600x338.jpg 600w, https:\/\/www.unioviedo.es\/IUOPA\/wp-content\/uploads\/2023\/09\/tpa.jpg 730w\" data-sizes=\"auto\" data-orig-sizes=\"(max-width: 1024px) 100vw, (max-width: 640px) 100vw, 730px\" \/><\/a><\/span><\/div><div class=\"fusion-separator fusion-full-width-sep\" style=\"align-self: center;margin-left: auto;margin-right: auto;margin-top:40px;width:100%;\"><\/div><style type=\"text\/css\">@media only screen and (max-width:1024px) {.fusion-title.fusion-title-2{margin-top:0px!important; margin-right:0px!important;margin-bottom:31px!important;margin-left:0px!important;}}@media only screen and (max-width:640px) {.fusion-title.fusion-title-2{margin-top:0px!important; margin-right:0px!important;margin-bottom:20px!important; margin-left:0px!important;}}<\/style><div class=\"fusion-title title fusion-title-2 fusion-sep-none fusion-title-text fusion-title-size-two\" style=\"font-size:20px;margin-top:0px;margin-right:0px;margin-bottom:31px;margin-left:0px;\"><h2 class=\"title-heading-left fusion-responsive-typography-calculated\" style=\"margin:0;font-size:1em;letter-spacing:0px;--fontSize:20;--minFontSize:20px;line-height:1.3;\"><span style=\"font-family: Roboto Slab;\">Adonina Tard\u00f3n dar\u00e1 clases en el m\u00e1ster del IUOPA y seguir\u00e1 investigando<\/span><\/h2><\/div><div class=\"fusion-text fusion-text-1\"><p>Comienza el curso en la Universidad de Oviedo y, para la epidemi\u00f3loga Adonina Tard\u00f3n, ser\u00e1 la primera vez en 35 a\u00f1os que no imparta clases all\u00ed. Ella es una de los cuatro profesores em\u00e9ritos nombrados este a\u00f1o.<\/p>\n<p>Dar\u00e1 clases en el m\u00e1ster del IUOPA, el Instituto Universitario de Oncolog\u00eda y seguir\u00e1 investigando, en un momento, asegura, muy importante para la Salud P\u00fablica.<\/p>\n<p>Primera y \u00fanica, de momento, catedr\u00e1tica de Medicina Preventiva y Salud P\u00fablica de la Universidad de Oviedo, donde lleg\u00f3 animada por el profesor Antonio Cueto. Ahora es el momento, se\u00f1ala Adonina Tard\u00f3n, de la epidemiolog\u00eda de precisi\u00f3n.<\/p>\n<p><b>Fuente RTPA &#8211; <a href=\"https:\/\/rtpa.es\/noticias-ciencia:Nueva-etapa-para-la-primera-catedratica-de-Salud-Publica-de-la-Universidad-de-Oviedo_111694259834.html\">Leer noticia completa<\/a><\/b><\/p>\n<\/div><div class=\"fusion-separator fusion-full-width-sep\" style=\"align-self: center;margin-left: auto;margin-right: auto;margin-top:40px;width:100%;\"><\/div><\/div><style type=\"text\/css\">.fusion-body .fusion-builder-column-0{width:100% !important;margin-top : 0px;margin-bottom : 0px;}.fusion-builder-column-0 > .fusion-column-wrapper {padding-top : 0px !important;padding-right : 0px !important;margin-right : 1.92%;padding-bottom : 0px !important;padding-left : 0px !important;margin-left : 1.92%;}@media only screen and (max-width:1024px) {.fusion-body .fusion-builder-column-0{width:75% !important;order : 0;}.fusion-builder-column-0 > .fusion-column-wrapper {margin-right : 2.56%;margin-left : 2.56%;}}@media only screen and (max-width:640px) {.fusion-body .fusion-builder-column-0{width:100% !important;order : 0;}.fusion-builder-column-0 > .fusion-column-wrapper {margin-right : 1.92%;margin-left : 1.92%;}}<\/style><\/div><\/div><style type=\"text\/css\">.fusion-body .fusion-flex-container.fusion-builder-row-1{ padding-top : 0px;margin-top : 0px;padding-right : 30px;padding-bottom : 0px;margin-bottom : 0px;padding-left : 30px;}@media only screen and (max-width:1024px) {.fusion-body .fusion-flex-container.fusion-builder-row-1{ padding-top : 80px;}}<\/style><\/div><div class=\"fusion-fullwidth fullwidth-box fusion-builder-row-2 fusion-flex-container nonhundred-percent-fullwidth non-hundred-percent-height-scrolling\" style=\"background-color: rgba(255,255,255,0);background-position: center center;background-repeat: no-repeat;border-width: 0px 0px 0px 0px;border-color:#eae9e9;border-style:solid;\" ><div class=\"fusion-builder-row fusion-row fusion-flex-align-items-flex-start\" style=\"max-width:1216.8px;margin-left: calc(-4% \/ 2 );margin-right: calc(-4% \/ 2 );\"><div class=\"fusion-layout-column fusion_builder_column fusion-builder-column-1 fusion_builder_column_1_1 1_1 fusion-flex-column\"><div class=\"fusion-column-wrapper fusion-flex-justify-content-flex-start fusion-content-layout-column\" style=\"background-position:left top;background-repeat:no-repeat;-webkit-background-size:cover;-moz-background-size:cover;-o-background-size:cover;background-size:cover;padding: 20px 0px 20px 0px;\"><div class=\"fusion-sharing-box fusion-sharing-box-1\" style=\"background-color:#f6f6f6;margin-top:60px;\" data-title=\"Nueva etapa para la primera catedr\u00e1tica de Salud P\u00fablica de la Universidad de Oviedo\" data-description=\"Adonina Tard\u00f3n dar\u00e1 clases en el m\u00e1ster del IUOPA y seguir\u00e1 investigando \r\n\r\nComienza el curso en la Universidad de Oviedo y, para la epidemi\u00f3loga Adonina Tard\u00f3n, ser\u00e1 la primera vez en 35 a\u00f1os que no imparta clases all\u00ed. Ella es una de los cuatro profesores em\u00e9ritos nombrados este a\u00f1o.\r\n\r\nDar\u00e1 clases\" data-link=\"https:\/\/www.unioviedo.es\/IUOPA\/nueva-etapa-para-la-primera-catedratica-de-salud-publica-de-la-universidad-de-oviedo\/\"><h4 class=\"tagline\" style=\"color:#2f2f2f;\">Compartir noticia<\/h4><div class=\"fusion-social-networks sharingbox-shortcode-icon-wrapper sharingbox-shortcode-icon-wrapper-1\"><span><a href=\"https:\/\/www.facebook.com\/sharer.php?u=https%3A%2F%2Fwww.unioviedo.es%2FIUOPA%2Fnueva-etapa-para-la-primera-catedratica-de-salud-publica-de-la-universidad-de-oviedo%2F&amp;t=Nueva%20etapa%20para%20la%20primera%20catedr%C3%A1tica%20de%20Salud%20P%C3%BAblica%20de%20la%20Universidad%20de%20Oviedo\" target=\"_blank\" rel=\"noreferrer\" title=\"Facebook\" aria-label=\"Facebook\"><i class=\"fusion-social-network-icon fusion-tooltip fusion-facebook awb-icon-facebook\" style=\"color:#76b5ae;\" aria-hidden=\"true\"><\/i><\/a><\/span><span><a href=\"https:\/\/twitter.com\/share?text=Nueva%20etapa%20para%20la%20primera%20catedr%C3%A1tica%20de%20Salud%20P%C3%BAblica%20de%20la%20Universidad%20de%20Oviedo&amp;url=https%3A%2F%2Fwww.unioviedo.es%2FIUOPA%2Fnueva-etapa-para-la-primera-catedratica-de-salud-publica-de-la-universidad-de-oviedo%2F\" target=\"_blank\" rel=\"noopener noreferrer\" title=\"Twitter\" aria-label=\"Twitter\"><i class=\"fusion-social-network-icon fusion-tooltip fusion-twitter awb-icon-twitter\" style=\"color:#76b5ae;\" aria-hidden=\"true\"><\/i><\/a><\/span><span><a href=\"https:\/\/www.linkedin.com\/shareArticle?mini=true&amp;url=https%3A%2F%2Fwww.unioviedo.es%2FIUOPA%2Fnueva-etapa-para-la-primera-catedratica-de-salud-publica-de-la-universidad-de-oviedo%2F&amp;title=Nueva%20etapa%20para%20la%20primera%20catedr%C3%A1tica%20de%20Salud%20P%C3%BAblica%20de%20la%20Universidad%20de%20Oviedo&amp;summary=Adonina%20Tard%C3%B3n%20dar%C3%A1%20clases%20en%20el%20m%C3%A1ster%20del%20IUOPA%20y%20seguir%C3%A1%20investigando%20%0D%0A%0D%0AComienza%20el%20curso%20en%20la%20Universidad%20de%20Oviedo%20y%2C%20para%20la%20epidemi%C3%B3loga%20Adonina%20Tard%C3%B3n%2C%20ser%C3%A1%20la%20primera%20vez%20en%2035%20a%C3%B1os%20que%20no%20imparta%20clases%20all%C3%AD.%20Ella%20es%20una%20de%20los%20cuatro%20profesores%20em%C3%A9ritos%20nombrados%20este%20a%C3%B1o.%0D%0A%0D%0ADar%C3%A1%20clases\" target=\"_blank\" rel=\"noopener noreferrer\" title=\"LinkedIn\" aria-label=\"LinkedIn\"><i class=\"fusion-social-network-icon fusion-tooltip fusion-linkedin awb-icon-linkedin\" style=\"color:#76b5ae;\" aria-hidden=\"true\"><\/i><\/a><\/span><span><a href=\"mailto:?subject=Nueva%20etapa%20para%20la%20primera%20catedr%C3%A1tica%20de%20Salud%20P%C3%BAblica%20de%20la%20Universidad%20de%20Oviedo&amp;body=https%3A%2F%2Fwww.unioviedo.es%2FIUOPA%2Fnueva-etapa-para-la-primera-catedratica-de-salud-publica-de-la-universidad-de-oviedo%2F\" target=\"_self\" title=\"Correo electr\u00f3nico\" aria-label=\"Correo electr\u00f3nico\"><i class=\"fusion-social-network-icon fusion-tooltip fusion-mail awb-icon-mail\" style=\"color:#76b5ae;\" aria-hidden=\"true\"><\/i><\/a><\/span><\/div><\/div><style type=\"text\/css\">.fusion-sharing-box-1 h4{margin-bottom:0 !important;}.fusion-sharing-box-1{flex-direction:row !important;padding-top:20px !important;padding-bottom:20px !important;}.sharingbox-shortcode-icon-wrapper-1 span.sharingbox-shortcode-icon-separator{border-right-width:0px !important;}@media only screen and (max-width:1024px){.fusion-sharing-box-1 h4{margin-right:0.5em !important;margin-bottom:0 !important;}.sharingbox-shortcode-icon-wrapper-1{width:auto !important;justify-content:flex-end !important;}.fusion-sharing-box-1{align-items:center !important;} }@media only screen and (max-width:640px){.fusion-sharing-box-1{flex-direction: column !important;align-items:center !important;}.fusion-sharing-box-1 h4{margin-bottom:revert !important;}.sharingbox-shortcode-icon-wrapper-1{width:100% !important;justify-content:space-between !important;} }<\/style><\/div><style type=\"text\/css\">.fusion-body .fusion-builder-column-1{width:100% !important;margin-top : 0px;margin-bottom : 0px;}.fusion-builder-column-1 > .fusion-column-wrapper {padding-top : 20px !important;padding-right : 0px !important;margin-right : 1.92%;padding-bottom : 20px !important;padding-left : 0px !important;margin-left : 1.92%;}@media only screen and (max-width:1024px) {.fusion-body .fusion-builder-column-1{width:100% !important;order : 0;}.fusion-builder-column-1 > .fusion-column-wrapper {margin-right : 1.92%;margin-left : 1.92%;}}@media only screen and (max-width:640px) {.fusion-body .fusion-builder-column-1{width:100% !important;order : 0;}.fusion-builder-column-1 > .fusion-column-wrapper {margin-right : 1.92%;margin-left : 1.92%;}}<\/style><\/div><\/div><style type=\"text\/css\">.fusion-body .fusion-flex-container.fusion-builder-row-2{ padding-top : 0px;margin-top : 0px;padding-right : 30px;padding-bottom : 0px;margin-bottom : 0px;padding-left : 30px;}<\/style><\/div><\/p>\n","protected":false},"excerpt":{"rendered":"","protected":false},"author":1,"featured_media":2831,"comment_status":"open","ping_status":"open","sticky":false,"template":"","format":"standard","meta":{"footnotes":""},"categories":[241],"tags":[19],"class_list":["post-2830","post","type-post","status-publish","format-standard","has-post-thumbnail","hentry","category-ultimas-noticias","tag-actualidad-iuopa"],"_links":{"self":[{"href":"https:\/\/www.unioviedo.es\/IUOPA\/wp-json\/wp\/v2\/posts\/2830","targetHints":{"allow":["GET"]}}],"collection":[{"href":"https:\/\/www.unioviedo.es\/IUOPA\/wp-json\/wp\/v2\/posts"}],"about":[{"href":"https:\/\/www.unioviedo.es\/IUOPA\/wp-json\/wp\/v2\/types\/post"}],"author":[{"embeddable":true,"href":"https:\/\/www.unioviedo.es\/IUOPA\/wp-json\/wp\/v2\/users\/1"}],"replies":[{"embeddable":true,"href":"https:\/\/www.unioviedo.es\/IUOPA\/wp-json\/wp\/v2\/comments?post=2830"}],"version-history":[{"count":1,"href":"https:\/\/www.unioviedo.es\/IUOPA\/wp-json\/wp\/v2\/posts\/2830\/revisions"}],"predecessor-version":[{"id":2832,"href":"https:\/\/www.unioviedo.es\/IUOPA\/wp-json\/wp\/v2\/posts\/2830\/revisions\/2832"}],"wp:featuredmedia":[{"embeddable":true,"href":"https:\/\/www.unioviedo.es\/IUOPA\/wp-json\/wp\/v2\/media\/2831"}],"wp:attachment":[{"href":"https:\/\/www.unioviedo.es\/IUOPA\/wp-json\/wp\/v2\/media?parent=2830"}],"wp:term":[{"taxonomy":"category","embeddable":true,"href":"https:\/\/www.unioviedo.es\/IUOPA\/wp-json\/wp\/v2\/categories?post=2830"},{"taxonomy":"post_tag","embeddable":true,"href":"https:\/\/www.unioviedo.es\/IUOPA\/wp-json\/wp\/v2\/tags?post=2830"}],"curies":[{"name":"wp","href":"https:\/\/api.w.org\/{rel}","templated":true}]}}