{"id":3892,"date":"2024-09-30T12:00:30","date_gmt":"2024-09-30T10:00:30","guid":{"rendered":"https:\/\/www.unioviedo.es\/IUOPA\/?p=3892"},"modified":"2024-10-01T15:52:52","modified_gmt":"2024-10-01T13:52:52","slug":"mario-f-fraga-asturiano-del-mes-por-sus-estudios-en-genetica-y-factores-ambientales-2","status":"publish","type":"post","link":"https:\/\/www.unioviedo.es\/IUOPA\/en\/mario-f-fraga-asturiano-del-mes-por-sus-estudios-en-genetica-y-factores-ambientales-2\/","title":{"rendered":"Mario F. Fraga, \u00abAsturiano del mes\u00bb por sus estudios en gen\u00e9tica y factores ambientales"},"content":{"rendered":"<p><div class=\"fusion-fullwidth fullwidth-box fusion-builder-row-1 fusion-flex-container nonhundred-percent-fullwidth non-hundred-percent-height-scrolling\" style=\"background-color: rgba(255,255,255,0);background-position: center center;background-repeat: no-repeat;border-width: 0px 0px 0px 0px;border-color:#eae9e9;border-style:solid;\" ><div class=\"fusion-builder-row fusion-row fusion-flex-align-items-flex-start fusion-flex-justify-content-center\" style=\"max-width:1216.8px;margin-left: calc(-4% \/ 2 );margin-right: calc(-4% \/ 2 );\"><div class=\"fusion-layout-column fusion_builder_column fusion-builder-column-0 fusion_builder_column_1_1 1_1 fusion-flex-column\"><div class=\"fusion-column-wrapper fusion-flex-justify-content-flex-start fusion-content-layout-column\" style=\"background-position:left top;background-repeat:no-repeat;-webkit-background-size:cover;-moz-background-size:cover;-o-background-size:cover;background-size:cover;padding: 0px 0px 0px 0px;\"><style type=\"text\/css\">@media only screen and (max-width:1024px) {.fusion-title.fusion-title-1{margin-top:0px!important; margin-right:0px!important;margin-bottom:20px!important;margin-left:0px!important;}}@media only screen and (max-width:640px) {.fusion-title.fusion-title-1{margin-top:0px!important; margin-right:0px!important;margin-bottom:20px!important; margin-left:0px!important;}}<\/style><div class=\"fusion-title title fusion-title-1 fusion-sep-none fusion-title-text fusion-title-size-one\" style=\"font-size:30px;margin-top:0px;margin-right:0px;margin-bottom:20px;margin-left:0px;\"><h1 class=\"title-heading-left fusion-responsive-typography-calculated\" style=\"margin:0;font-size:1em;--fontSize:30;line-height:1.1;\">Mario F. Fraga, \u00abAsturiano del mes\u00bb por sus estudios en gen\u00e9tica y factores ambientales<\/h1><\/div><div ><span class=\" fusion-imageframe imageframe-none imageframe-1 hover-type-zoomin\"><a href=\"https:\/\/www.unioviedo.es\/IUOPA\/wp-content\/uploads\/2024\/09\/2b70cd72-4900-4a92-a45f-4af27ebe6259_16-9-discover-aspect-ratio_default_0.webp\" class=\"fusion-lightbox\" data-rel=\"iLightbox[a7adc22306b2b1ea33a]\" data-title=\"2b70cd72-4900-4a92-a45f-4af27ebe6259_16-9-discover-aspect-ratio_default_0\" title=\"2b70cd72-4900-4a92-a45f-4af27ebe6259_16-9-discover-aspect-ratio_default_0\"><img decoding=\"async\" width=\"1200\" height=\"675\" src=\"https:\/\/www.unioviedo.es\/IUOPA\/wp-content\/uploads\/2024\/09\/2b70cd72-4900-4a92-a45f-4af27ebe6259_16-9-discover-aspect-ratio_default_0.webp\" data-orig-src=\"https:\/\/www.unioviedo.es\/IUOPA\/wp-content\/uploads\/2024\/09\/2b70cd72-4900-4a92-a45f-4af27ebe6259_16-9-discover-aspect-ratio_default_0.webp\" alt class=\"lazyload img-responsive wp-image-3874\" srcset=\"data:image\/svg+xml,%3Csvg%20xmlns%3D%27http%3A%2F%2Fwww.w3.org%2F2000%2Fsvg%27%20width%3D%271200%27%20height%3D%27675%27%20viewBox%3D%270%200%201200%20675%27%3E%3Crect%20width%3D%271200%27%20height%3D%27675%27%20fill-opacity%3D%220%22%2F%3E%3C%2Fsvg%3E\" data-srcset=\"https:\/\/www.unioviedo.es\/IUOPA\/wp-content\/uploads\/2024\/09\/2b70cd72-4900-4a92-a45f-4af27ebe6259_16-9-discover-aspect-ratio_default_0-200x113.webp 200w, https:\/\/www.unioviedo.es\/IUOPA\/wp-content\/uploads\/2024\/09\/2b70cd72-4900-4a92-a45f-4af27ebe6259_16-9-discover-aspect-ratio_default_0-300x169.webp 300w, https:\/\/www.unioviedo.es\/IUOPA\/wp-content\/uploads\/2024\/09\/2b70cd72-4900-4a92-a45f-4af27ebe6259_16-9-discover-aspect-ratio_default_0-400x225.webp 400w, https:\/\/www.unioviedo.es\/IUOPA\/wp-content\/uploads\/2024\/09\/2b70cd72-4900-4a92-a45f-4af27ebe6259_16-9-discover-aspect-ratio_default_0-600x338.webp 600w, https:\/\/www.unioviedo.es\/IUOPA\/wp-content\/uploads\/2024\/09\/2b70cd72-4900-4a92-a45f-4af27ebe6259_16-9-discover-aspect-ratio_default_0-768x432.webp 768w, https:\/\/www.unioviedo.es\/IUOPA\/wp-content\/uploads\/2024\/09\/2b70cd72-4900-4a92-a45f-4af27ebe6259_16-9-discover-aspect-ratio_default_0-800x450.webp 800w, https:\/\/www.unioviedo.es\/IUOPA\/wp-content\/uploads\/2024\/09\/2b70cd72-4900-4a92-a45f-4af27ebe6259_16-9-discover-aspect-ratio_default_0-1024x576.webp 1024w, https:\/\/www.unioviedo.es\/IUOPA\/wp-content\/uploads\/2024\/09\/2b70cd72-4900-4a92-a45f-4af27ebe6259_16-9-discover-aspect-ratio_default_0.webp 1200w\" data-sizes=\"auto\" data-orig-sizes=\"(max-width: 1024px) 100vw, (max-width: 640px) 100vw, 1200px\" \/><\/a><\/span><\/div><div class=\"fusion-separator fusion-full-width-sep\" style=\"align-self: center;margin-left: auto;margin-right: auto;margin-top:40px;width:100%;\"><\/div><style type=\"text\/css\">@media only screen and (max-width:1024px) {.fusion-title.fusion-title-2{margin-top:0px!important; margin-right:0px!important;margin-bottom:31px!important;margin-left:0px!important;}}@media only screen and (max-width:640px) {.fusion-title.fusion-title-2{margin-top:0px!important; margin-right:0px!important;margin-bottom:20px!important; margin-left:0px!important;}}<\/style><div class=\"fusion-title title fusion-title-2 fusion-sep-none fusion-title-text fusion-title-size-two\" style=\"font-size:20px;margin-top:0px;margin-right:0px;margin-bottom:31px;margin-left:0px;\"><h2 class=\"title-heading-left fusion-responsive-typography-calculated\" style=\"margin:0;font-size:1em;letter-spacing:0px;--fontSize:20;--minFontSize:20px;line-height:1.3;\"><span style=\"font-family: Roboto Slab;\">El bi\u00f3logo lenense, art\u00edfice de investigaciones de impacto mundial, ha realizado con su grupo valiosas contribuciones sobre los mecanismos de rejuvenecimiento del cerebro<\/span><\/h2><\/div><div class=\"fusion-text fusion-text-1\"><div>El bi\u00f3logo molecular Mario Fern\u00e1ndez Fraga (Pola de Lena, 1971) ha sido distinguido por LA NUEVA ESPA\u00d1A como \u00abAsturiano del mes\u00bb por sus investigaciones de impacto internacional en el campo de la epigen\u00e9tica, disciplina que estudia c\u00f3mo influye en el organismo humano la interacci\u00f3n entre los genes, los factores ambientales y el comportamiento de las personas.<\/div>\n<div><\/div>\n<div id=\"mid_news\"><b>Fuente: La Nueva Espa\u00f1a &#8211; <a href=\"https:\/\/www.lne.es\/asturias\/2024\/09\/29\/mario-f-fraga-asturiano-mes-108693603.html\" target=\"_blank\" rel=\"noopener\">Leer noticia completa<\/a><\/b><\/div>\n<\/div><\/div><style type=\"text\/css\">.fusion-body .fusion-builder-column-0{width:100% !important;margin-top : 0px;margin-bottom : 0px;}.fusion-builder-column-0 > .fusion-column-wrapper {padding-top : 0px !important;padding-right : 0px !important;margin-right : 1.92%;padding-bottom : 0px !important;padding-left : 0px !important;margin-left : 1.92%;}@media only screen and (max-width:1024px) {.fusion-body .fusion-builder-column-0{width:75% !important;order : 0;}.fusion-builder-column-0 > .fusion-column-wrapper {margin-right : 2.56%;margin-left : 2.56%;}}@media only screen and (max-width:640px) {.fusion-body .fusion-builder-column-0{width:100% !important;order : 0;}.fusion-builder-column-0 > .fusion-column-wrapper {margin-right : 1.92%;margin-left : 1.92%;}}<\/style><\/div><\/div><style type=\"text\/css\">.fusion-body .fusion-flex-container.fusion-builder-row-1{ padding-top : 0px;margin-top : 0px;padding-right : 30px;padding-bottom : 0px;margin-bottom : 0px;padding-left : 30px;}@media only screen and (max-width:1024px) {.fusion-body .fusion-flex-container.fusion-builder-row-1{ padding-top : 80px;}}<\/style><\/div><div class=\"fusion-fullwidth fullwidth-box fusion-builder-row-2 fusion-flex-container nonhundred-percent-fullwidth non-hundred-percent-height-scrolling\" style=\"background-color: rgba(255,255,255,0);background-position: center center;background-repeat: no-repeat;border-width: 0px 0px 0px 0px;border-color:#eae9e9;border-style:solid;\" ><div class=\"fusion-builder-row fusion-row fusion-flex-align-items-flex-start\" style=\"max-width:1216.8px;margin-left: calc(-4% \/ 2 );margin-right: calc(-4% \/ 2 );\"><div class=\"fusion-layout-column fusion_builder_column fusion-builder-column-1 fusion_builder_column_1_1 1_1 fusion-flex-column\"><div class=\"fusion-column-wrapper fusion-flex-justify-content-flex-start fusion-content-layout-column\" style=\"background-position:left top;background-repeat:no-repeat;-webkit-background-size:cover;-moz-background-size:cover;-o-background-size:cover;background-size:cover;padding: 20px 0px 20px 0px;\"><div class=\"fusion-sharing-box fusion-sharing-box-1\" style=\"background-color:#f6f6f6;margin-top:60px;\" data-title=\"Mario F. Fraga, \u00abAsturiano del mes\u00bb por sus estudios en gen\u00e9tica y factores ambientales\" data-description=\"El bi\u00f3logo lenense, art\u00edfice de investigaciones de impacto mundial, ha realizado con su grupo valiosas contribuciones sobre los mecanismos de rejuvenecimiento del cerebro \r\nEl bi\u00f3logo molecular Mario Fern\u00e1ndez Fraga (Pola de Lena, 1971) ha sido distinguido por LA NUEVA ESPA\u00d1A como &quot;Asturiano del mes&quot; por sus investigaciones de impacto internacional\" data-link=\"https:\/\/www.unioviedo.es\/IUOPA\/en\/mario-f-fraga-asturiano-del-mes-por-sus-estudios-en-genetica-y-factores-ambientales-2\/\"><h4 class=\"tagline\" style=\"color:#2f2f2f;\">Compartir noticia<\/h4><div class=\"fusion-social-networks sharingbox-shortcode-icon-wrapper sharingbox-shortcode-icon-wrapper-1\"><span><a href=\"https:\/\/www.facebook.com\/sharer.php?u=https%3A%2F%2Fwww.unioviedo.es%2FIUOPA%2Fen%2Fmario-f-fraga-asturiano-del-mes-por-sus-estudios-en-genetica-y-factores-ambientales-2%2F&amp;t=Mario%20F.%20Fraga%2C%20%C2%ABAsturiano%20del%20mes%C2%BB%20por%20sus%20estudios%20en%20gen%C3%A9tica%20y%20factores%20ambientales\" target=\"_blank\" rel=\"noreferrer\" title=\"Facebook\" aria-label=\"Facebook\"><i class=\"fusion-social-network-icon fusion-tooltip fusion-facebook awb-icon-facebook\" style=\"color:#76b5ae;\" aria-hidden=\"true\"><\/i><\/a><\/span><span><a href=\"https:\/\/twitter.com\/share?text=Mario%20F.%20Fraga%2C%20%C2%ABAsturiano%20del%20mes%C2%BB%20por%20sus%20estudios%20en%20gen%C3%A9tica%20y%20factores%20ambientales&amp;url=https%3A%2F%2Fwww.unioviedo.es%2FIUOPA%2Fen%2Fmario-f-fraga-asturiano-del-mes-por-sus-estudios-en-genetica-y-factores-ambientales-2%2F\" target=\"_blank\" rel=\"noopener noreferrer\" title=\"Twitter\" aria-label=\"Twitter\"><i class=\"fusion-social-network-icon fusion-tooltip fusion-twitter awb-icon-twitter\" style=\"color:#76b5ae;\" aria-hidden=\"true\"><\/i><\/a><\/span><span><a href=\"https:\/\/www.linkedin.com\/shareArticle?mini=true&amp;url=https%3A%2F%2Fwww.unioviedo.es%2FIUOPA%2Fen%2Fmario-f-fraga-asturiano-del-mes-por-sus-estudios-en-genetica-y-factores-ambientales-2%2F&amp;title=Mario%20F.%20Fraga%2C%20%C2%ABAsturiano%20del%20mes%C2%BB%20por%20sus%20estudios%20en%20gen%C3%A9tica%20y%20factores%20ambientales&amp;summary=El%20bi%C3%B3logo%20lenense%2C%20art%C3%ADfice%20de%20investigaciones%20de%20impacto%20mundial%2C%20ha%20realizado%20con%20su%20grupo%20valiosas%20contribuciones%20sobre%20los%20mecanismos%20de%20rejuvenecimiento%20del%20cerebro%20%0D%0AEl%20bi%C3%B3logo%20molecular%20Mario%20Fern%C3%A1ndez%20Fraga%20%28Pola%20de%20Lena%2C%201971%29%20ha%20sido%20distinguido%20por%20LA%20NUEVA%20ESPA%C3%91A%20como%20%26quot%3BAsturiano%20del%20mes%26quot%3B%20por%20sus%20investigaciones%20de%20impacto%20internacional\" target=\"_blank\" rel=\"noopener noreferrer\" title=\"LinkedIn\" aria-label=\"LinkedIn\"><i class=\"fusion-social-network-icon fusion-tooltip fusion-linkedin awb-icon-linkedin\" style=\"color:#76b5ae;\" aria-hidden=\"true\"><\/i><\/a><\/span><span><a href=\"mailto:?subject=Mario%20F.%20Fraga%2C%20%C2%ABAsturiano%20del%20mes%C2%BB%20por%20sus%20estudios%20en%20gen%C3%A9tica%20y%20factores%20ambientales&amp;body=https%3A%2F%2Fwww.unioviedo.es%2FIUOPA%2Fen%2Fmario-f-fraga-asturiano-del-mes-por-sus-estudios-en-genetica-y-factores-ambientales-2%2F\" target=\"_self\" title=\"Correo electr\u00f3nico\" aria-label=\"Correo electr\u00f3nico\"><i class=\"fusion-social-network-icon fusion-tooltip fusion-mail awb-icon-mail\" style=\"color:#76b5ae;\" aria-hidden=\"true\"><\/i><\/a><\/span><\/div><\/div><style type=\"text\/css\">.fusion-sharing-box-1 h4{margin-bottom:0 !important;}.fusion-sharing-box-1{flex-direction:row !important;padding-top:20px !important;padding-bottom:20px !important;}.sharingbox-shortcode-icon-wrapper-1 span.sharingbox-shortcode-icon-separator{border-right-width:0px !important;}@media only screen and (max-width:1024px){.fusion-sharing-box-1 h4{margin-right:0.5em !important;margin-bottom:0 !important;}.sharingbox-shortcode-icon-wrapper-1{width:auto !important;justify-content:flex-end !important;}.fusion-sharing-box-1{align-items:center !important;} }@media only screen and (max-width:640px){.fusion-sharing-box-1{flex-direction: column !important;align-items:center !important;}.fusion-sharing-box-1 h4{margin-bottom:revert !important;}.sharingbox-shortcode-icon-wrapper-1{width:100% !important;justify-content:space-between !important;} }<\/style><\/div><style type=\"text\/css\">.fusion-body .fusion-builder-column-1{width:100% !important;margin-top : 0px;margin-bottom : 0px;}.fusion-builder-column-1 > .fusion-column-wrapper {padding-top : 20px !important;padding-right : 0px !important;margin-right : 1.92%;padding-bottom : 20px !important;padding-left : 0px !important;margin-left : 1.92%;}@media only screen and (max-width:1024px) {.fusion-body .fusion-builder-column-1{width:100% !important;order : 0;}.fusion-builder-column-1 > .fusion-column-wrapper {margin-right : 1.92%;margin-left : 1.92%;}}@media only screen and (max-width:640px) {.fusion-body .fusion-builder-column-1{width:100% !important;order : 0;}.fusion-builder-column-1 > .fusion-column-wrapper {margin-right : 1.92%;margin-left : 1.92%;}}<\/style><\/div><\/div><style type=\"text\/css\">.fusion-body .fusion-flex-container.fusion-builder-row-2{ padding-top : 0px;margin-top : 0px;padding-right : 30px;padding-bottom : 0px;margin-bottom : 0px;padding-left : 30px;}<\/style><\/div><\/p>\n","protected":false},"excerpt":{"rendered":"","protected":false},"author":1,"featured_media":3874,"comment_status":"open","ping_status":"open","sticky":false,"template":"","format":"standard","meta":{"footnotes":""},"categories":[243],"tags":[499,501],"class_list":["post-3892","post","type-post","status-publish","format-standard","has-post-thumbnail","hentry","category-last-news-en","tag-eventos-en","tag-solidaridad-en"],"_links":{"self":[{"href":"https:\/\/www.unioviedo.es\/IUOPA\/wp-json\/wp\/v2\/posts\/3892","targetHints":{"allow":["GET"]}}],"collection":[{"href":"https:\/\/www.unioviedo.es\/IUOPA\/wp-json\/wp\/v2\/posts"}],"about":[{"href":"https:\/\/www.unioviedo.es\/IUOPA\/wp-json\/wp\/v2\/types\/post"}],"author":[{"embeddable":true,"href":"https:\/\/www.unioviedo.es\/IUOPA\/wp-json\/wp\/v2\/users\/1"}],"replies":[{"embeddable":true,"href":"https:\/\/www.unioviedo.es\/IUOPA\/wp-json\/wp\/v2\/comments?post=3892"}],"version-history":[{"count":1,"href":"https:\/\/www.unioviedo.es\/IUOPA\/wp-json\/wp\/v2\/posts\/3892\/revisions"}],"predecessor-version":[{"id":3893,"href":"https:\/\/www.unioviedo.es\/IUOPA\/wp-json\/wp\/v2\/posts\/3892\/revisions\/3893"}],"wp:featuredmedia":[{"embeddable":true,"href":"https:\/\/www.unioviedo.es\/IUOPA\/wp-json\/wp\/v2\/media\/3874"}],"wp:attachment":[{"href":"https:\/\/www.unioviedo.es\/IUOPA\/wp-json\/wp\/v2\/media?parent=3892"}],"wp:term":[{"taxonomy":"category","embeddable":true,"href":"https:\/\/www.unioviedo.es\/IUOPA\/wp-json\/wp\/v2\/categories?post=3892"},{"taxonomy":"post_tag","embeddable":true,"href":"https:\/\/www.unioviedo.es\/IUOPA\/wp-json\/wp\/v2\/tags?post=3892"}],"curies":[{"name":"wp","href":"https:\/\/api.w.org\/{rel}","templated":true}]}}