{"id":3943,"date":"2024-11-15T13:56:47","date_gmt":"2024-11-15T12:56:47","guid":{"rendered":"https:\/\/www.unioviedo.es\/IUOPA\/?p=3943"},"modified":"2024-11-15T13:58:09","modified_gmt":"2024-11-15T12:58:09","slug":"mario-f-fraga-educar-en-salud-es-tan-importante-como-educar-otras-materias-academicas","status":"publish","type":"post","link":"https:\/\/www.unioviedo.es\/IUOPA\/mario-f-fraga-educar-en-salud-es-tan-importante-como-educar-otras-materias-academicas\/","title":{"rendered":"Mario F. Fraga: \u00abEducar en salud es tan importante como educar otras materias acad\u00e9micas\u00bb"},"content":{"rendered":"<p><div class=\"fusion-fullwidth fullwidth-box fusion-builder-row-1 fusion-flex-container nonhundred-percent-fullwidth non-hundred-percent-height-scrolling\" style=\"background-color: rgba(255,255,255,0);background-position: center center;background-repeat: no-repeat;border-width: 0px 0px 0px 0px;border-color:#eae9e9;border-style:solid;\" ><div class=\"fusion-builder-row fusion-row fusion-flex-align-items-flex-start fusion-flex-justify-content-center\" style=\"max-width:1216.8px;margin-left: calc(-4% \/ 2 );margin-right: calc(-4% \/ 2 );\"><div class=\"fusion-layout-column fusion_builder_column fusion-builder-column-0 fusion_builder_column_1_1 1_1 fusion-flex-column\"><div class=\"fusion-column-wrapper fusion-flex-justify-content-flex-start fusion-content-layout-column\" style=\"background-position:left top;background-repeat:no-repeat;-webkit-background-size:cover;-moz-background-size:cover;-o-background-size:cover;background-size:cover;padding: 0px 0px 0px 0px;\"><style type=\"text\/css\">@media only screen and (max-width:1024px) {.fusion-title.fusion-title-1{margin-top:0px!important; margin-right:0px!important;margin-bottom:20px!important;margin-left:0px!important;}}@media only screen and (max-width:640px) {.fusion-title.fusion-title-1{margin-top:0px!important; margin-right:0px!important;margin-bottom:20px!important; margin-left:0px!important;}}<\/style><div class=\"fusion-title title fusion-title-1 fusion-sep-none fusion-title-text fusion-title-size-one\" style=\"font-size:30px;margin-top:0px;margin-right:0px;margin-bottom:20px;margin-left:0px;\"><h1 class=\"title-heading-left fusion-responsive-typography-calculated\" style=\"margin:0;font-size:1em;--fontSize:30;line-height:1.1;\">Mario F. Fraga: \u00abEducar en salud es tan importante como educar otras materias acad\u00e9micas\u00bb<\/h1><\/div><div ><span class=\" fusion-imageframe imageframe-none imageframe-1 hover-type-zoomin\"><a href=\"https:\/\/www.unioviedo.es\/IUOPA\/wp-content\/uploads\/2024\/11\/mariofragaiuopa.jpg\" class=\"fusion-lightbox\" data-rel=\"iLightbox[5bb1352a2a3d776b28f]\" data-title=\"mariofragaiuopa\" title=\"mariofragaiuopa\"><img decoding=\"async\" width=\"1200\" height=\"675\" src=\"https:\/\/www.unioviedo.es\/IUOPA\/wp-content\/uploads\/2024\/11\/mariofragaiuopa.jpg\" data-orig-src=\"https:\/\/www.unioviedo.es\/IUOPA\/wp-content\/uploads\/2024\/11\/mariofragaiuopa.jpg\" alt class=\"lazyload img-responsive wp-image-3944\" srcset=\"data:image\/svg+xml,%3Csvg%20xmlns%3D%27http%3A%2F%2Fwww.w3.org%2F2000%2Fsvg%27%20width%3D%271200%27%20height%3D%27675%27%20viewBox%3D%270%200%201200%20675%27%3E%3Crect%20width%3D%271200%27%20height%3D%27675%27%20fill-opacity%3D%220%22%2F%3E%3C%2Fsvg%3E\" data-srcset=\"https:\/\/www.unioviedo.es\/IUOPA\/wp-content\/uploads\/2024\/11\/mariofragaiuopa-200x113.jpg 200w, https:\/\/www.unioviedo.es\/IUOPA\/wp-content\/uploads\/2024\/11\/mariofragaiuopa-400x225.jpg 400w, https:\/\/www.unioviedo.es\/IUOPA\/wp-content\/uploads\/2024\/11\/mariofragaiuopa-600x338.jpg 600w, https:\/\/www.unioviedo.es\/IUOPA\/wp-content\/uploads\/2024\/11\/mariofragaiuopa-800x450.jpg 800w, https:\/\/www.unioviedo.es\/IUOPA\/wp-content\/uploads\/2024\/11\/mariofragaiuopa.jpg 1200w\" data-sizes=\"auto\" data-orig-sizes=\"(max-width: 1024px) 100vw, (max-width: 640px) 100vw, 1200px\" \/><\/a><\/span><\/div><div class=\"fusion-separator fusion-full-width-sep\" style=\"align-self: center;margin-left: auto;margin-right: auto;margin-top:40px;width:100%;\"><\/div><style type=\"text\/css\">@media only screen and (max-width:1024px) {.fusion-title.fusion-title-2{margin-top:0px!important; margin-right:0px!important;margin-bottom:31px!important;margin-left:0px!important;}}@media only screen and (max-width:640px) {.fusion-title.fusion-title-2{margin-top:0px!important; margin-right:0px!important;margin-bottom:20px!important; margin-left:0px!important;}}<\/style><div class=\"fusion-title title fusion-title-2 fusion-sep-none fusion-title-text fusion-title-size-two\" style=\"font-size:20px;margin-top:0px;margin-right:0px;margin-bottom:31px;margin-left:0px;\"><h2 class=\"title-heading-left fusion-responsive-typography-calculated\" style=\"margin:0;font-size:1em;letter-spacing:0px;--fontSize:20;--minFontSize:20px;line-height:1.3;\"><span style=\"font-family: Roboto Slab;\">Entrevista en LA NUEVA ESPA\u00d1A a Mario F. Fraga, coordinador cient\u00edfico del IUOPA y director del Laboratorio de Epigen\u00e9tica del C\u00e1ncer.<\/span><\/h2><\/div><div class=\"fusion-text fusion-text-1\"><div>Luarca, el pueblo en el que en 2025 har\u00e1 120 a\u00f1os que naci\u00f3 Severo Ochoa, acogi\u00f3 estos d\u00edas la edici\u00f3n XXII de la Semana de la Ciencia. Una iniciativa que cont\u00f3 con la presencia de nuestro coordinador cient\u00edfico y director del Laboratorio de Epigen\u00e9tica del C\u00e1ncer, Mario F. Fraga. Fue en la mesa redonda \u201cAvances en la investigaci\u00f3n del c\u00e1ncer\u201d que se celebr\u00f3 el pasado jueves en el C\u00edrculo Liceo. Fraga estuvo acompa\u00f1ado de los periodistas Pablo \u00c1lvarez y Tino Ron, que adem\u00e1s es paciente de c\u00e1ncer, y Mar\u00eda Berdasco Jefa del Grupo de Terapias Epigen\u00e9ticas en el Instituto de Investigaci\u00f3n contra la Leucemia Josep Carreras.<\/div>\n<div><\/div>\n<div>En esta entrevista en el diario LA NUEVA ESPA\u00d1A, profundiza en diversas cuestiones relacionadas con la investigaci\u00f3n del c\u00e1ncer y el trabajo del IUOPA.<\/div>\n<div><\/div>\n<div id=\"mid_news\"><b>Fuente: La Nueva Espa\u00f1a &#8211; <a href=\"https:\/\/www.lne.es\/occidente\/2024\/11\/15\/mario-f-fraga-educar-salud-111690643.html\" target=\"_blank\" rel=\"noopener\">Leer noticia completa<\/a><\/b><\/div>\n<\/div><\/div><style type=\"text\/css\">.fusion-body .fusion-builder-column-0{width:100% !important;margin-top : 0px;margin-bottom : 0px;}.fusion-builder-column-0 > .fusion-column-wrapper {padding-top : 0px !important;padding-right : 0px !important;margin-right : 1.92%;padding-bottom : 0px !important;padding-left : 0px !important;margin-left : 1.92%;}@media only screen and (max-width:1024px) {.fusion-body .fusion-builder-column-0{width:75% !important;order : 0;}.fusion-builder-column-0 > .fusion-column-wrapper {margin-right : 2.56%;margin-left : 2.56%;}}@media only screen and (max-width:640px) {.fusion-body .fusion-builder-column-0{width:100% !important;order : 0;}.fusion-builder-column-0 > .fusion-column-wrapper {margin-right : 1.92%;margin-left : 1.92%;}}<\/style><\/div><\/div><style type=\"text\/css\">.fusion-body .fusion-flex-container.fusion-builder-row-1{ padding-top : 0px;margin-top : 0px;padding-right : 30px;padding-bottom : 0px;margin-bottom : 0px;padding-left : 30px;}@media only screen and (max-width:1024px) {.fusion-body .fusion-flex-container.fusion-builder-row-1{ padding-top : 80px;}}<\/style><\/div><div class=\"fusion-fullwidth fullwidth-box fusion-builder-row-2 fusion-flex-container nonhundred-percent-fullwidth non-hundred-percent-height-scrolling\" style=\"background-color: rgba(255,255,255,0);background-position: center center;background-repeat: no-repeat;border-width: 0px 0px 0px 0px;border-color:#eae9e9;border-style:solid;\" ><div class=\"fusion-builder-row fusion-row fusion-flex-align-items-flex-start\" style=\"max-width:1216.8px;margin-left: calc(-4% \/ 2 );margin-right: calc(-4% \/ 2 );\"><div class=\"fusion-layout-column fusion_builder_column fusion-builder-column-1 fusion_builder_column_1_1 1_1 fusion-flex-column\"><div class=\"fusion-column-wrapper fusion-flex-justify-content-flex-start fusion-content-layout-column\" style=\"background-position:left top;background-repeat:no-repeat;-webkit-background-size:cover;-moz-background-size:cover;-o-background-size:cover;background-size:cover;padding: 20px 0px 20px 0px;\"><div class=\"fusion-sharing-box fusion-sharing-box-1\" style=\"background-color:#f6f6f6;margin-top:60px;\" data-title=\"Mario F. Fraga: \u00abEducar en salud es tan importante como educar otras materias acad\u00e9micas\u00bb\" data-description=\"Entrevista en LA NUEVA ESPA\u00d1A a Mario F. Fraga, coordinador cient\u00edfico del IUOPA y director del Laboratorio de Epigen\u00e9tica del C\u00e1ncer. \r\nLuarca, el pueblo en el que en 2025 har\u00e1 120 a\u00f1os que naci\u00f3 Severo Ochoa, acogi\u00f3 estos d\u00edas la edici\u00f3n XXII de la Semana de la Ciencia. Una iniciativa\" data-link=\"https:\/\/www.unioviedo.es\/IUOPA\/mario-f-fraga-educar-en-salud-es-tan-importante-como-educar-otras-materias-academicas\/\"><h4 class=\"tagline\" style=\"color:#2f2f2f;\">Compartir noticia<\/h4><div class=\"fusion-social-networks sharingbox-shortcode-icon-wrapper sharingbox-shortcode-icon-wrapper-1\"><span><a href=\"https:\/\/www.facebook.com\/sharer.php?u=https%3A%2F%2Fwww.unioviedo.es%2FIUOPA%2Fmario-f-fraga-educar-en-salud-es-tan-importante-como-educar-otras-materias-academicas%2F&amp;t=Mario%20F.%20Fraga%3A%20%C2%ABEducar%20en%20salud%20es%20tan%20importante%20como%20educar%20otras%20materias%20acad%C3%A9micas%C2%BB\" target=\"_blank\" rel=\"noreferrer\" title=\"Facebook\" aria-label=\"Facebook\"><i class=\"fusion-social-network-icon fusion-tooltip fusion-facebook awb-icon-facebook\" style=\"color:#76b5ae;\" aria-hidden=\"true\"><\/i><\/a><\/span><span><a href=\"https:\/\/twitter.com\/share?text=Mario%20F.%20Fraga%3A%20%C2%ABEducar%20en%20salud%20es%20tan%20importante%20como%20educar%20otras%20materias%20acad%C3%A9micas%C2%BB&amp;url=https%3A%2F%2Fwww.unioviedo.es%2FIUOPA%2Fmario-f-fraga-educar-en-salud-es-tan-importante-como-educar-otras-materias-academicas%2F\" target=\"_blank\" rel=\"noopener noreferrer\" title=\"Twitter\" aria-label=\"Twitter\"><i class=\"fusion-social-network-icon fusion-tooltip fusion-twitter awb-icon-twitter\" style=\"color:#76b5ae;\" aria-hidden=\"true\"><\/i><\/a><\/span><span><a href=\"https:\/\/www.linkedin.com\/shareArticle?mini=true&amp;url=https%3A%2F%2Fwww.unioviedo.es%2FIUOPA%2Fmario-f-fraga-educar-en-salud-es-tan-importante-como-educar-otras-materias-academicas%2F&amp;title=Mario%20F.%20Fraga%3A%20%C2%ABEducar%20en%20salud%20es%20tan%20importante%20como%20educar%20otras%20materias%20acad%C3%A9micas%C2%BB&amp;summary=Entrevista%20en%20LA%20NUEVA%20ESPA%C3%91A%20a%20Mario%20F.%20Fraga%2C%20coordinador%20cient%C3%ADfico%20del%20IUOPA%20y%20director%20del%20Laboratorio%20de%20Epigen%C3%A9tica%20del%20C%C3%A1ncer.%20%0D%0ALuarca%2C%20el%20pueblo%20en%20el%20que%20en%202025%20har%C3%A1%20120%20a%C3%B1os%20que%20naci%C3%B3%20Severo%20Ochoa%2C%20acogi%C3%B3%20estos%20d%C3%ADas%20la%20edici%C3%B3n%20XXII%20de%20la%20Semana%20de%20la%20Ciencia.%20Una%20iniciativa\" target=\"_blank\" rel=\"noopener noreferrer\" title=\"LinkedIn\" aria-label=\"LinkedIn\"><i class=\"fusion-social-network-icon fusion-tooltip fusion-linkedin awb-icon-linkedin\" style=\"color:#76b5ae;\" aria-hidden=\"true\"><\/i><\/a><\/span><span><a href=\"mailto:?subject=Mario%20F.%20Fraga%3A%20%C2%ABEducar%20en%20salud%20es%20tan%20importante%20como%20educar%20otras%20materias%20acad%C3%A9micas%C2%BB&amp;body=https%3A%2F%2Fwww.unioviedo.es%2FIUOPA%2Fmario-f-fraga-educar-en-salud-es-tan-importante-como-educar-otras-materias-academicas%2F\" target=\"_self\" title=\"Correo electr\u00f3nico\" aria-label=\"Correo electr\u00f3nico\"><i class=\"fusion-social-network-icon fusion-tooltip fusion-mail awb-icon-mail\" style=\"color:#76b5ae;\" aria-hidden=\"true\"><\/i><\/a><\/span><\/div><\/div><style type=\"text\/css\">.fusion-sharing-box-1 h4{margin-bottom:0 !important;}.fusion-sharing-box-1{flex-direction:row !important;padding-top:20px !important;padding-bottom:20px !important;}.sharingbox-shortcode-icon-wrapper-1 span.sharingbox-shortcode-icon-separator{border-right-width:0px !important;}@media only screen and (max-width:1024px){.fusion-sharing-box-1 h4{margin-right:0.5em !important;margin-bottom:0 !important;}.sharingbox-shortcode-icon-wrapper-1{width:auto !important;justify-content:flex-end !important;}.fusion-sharing-box-1{align-items:center !important;} }@media only screen and (max-width:640px){.fusion-sharing-box-1{flex-direction: column !important;align-items:center !important;}.fusion-sharing-box-1 h4{margin-bottom:revert !important;}.sharingbox-shortcode-icon-wrapper-1{width:100% !important;justify-content:space-between !important;} }<\/style><\/div><style type=\"text\/css\">.fusion-body .fusion-builder-column-1{width:100% !important;margin-top : 0px;margin-bottom : 0px;}.fusion-builder-column-1 > .fusion-column-wrapper {padding-top : 20px !important;padding-right : 0px !important;margin-right : 1.92%;padding-bottom : 20px !important;padding-left : 0px !important;margin-left : 1.92%;}@media only screen and (max-width:1024px) {.fusion-body .fusion-builder-column-1{width:100% !important;order : 0;}.fusion-builder-column-1 > .fusion-column-wrapper {margin-right : 1.92%;margin-left : 1.92%;}}@media only screen and (max-width:640px) {.fusion-body .fusion-builder-column-1{width:100% !important;order : 0;}.fusion-builder-column-1 > .fusion-column-wrapper {margin-right : 1.92%;margin-left : 1.92%;}}<\/style><\/div><\/div><style type=\"text\/css\">.fusion-body .fusion-flex-container.fusion-builder-row-2{ padding-top : 0px;margin-top : 0px;padding-right : 30px;padding-bottom : 0px;margin-bottom : 0px;padding-left : 30px;}<\/style><\/div><\/p>\n","protected":false},"excerpt":{"rendered":"","protected":false},"author":1,"featured_media":3944,"comment_status":"open","ping_status":"open","sticky":false,"template":"","format":"standard","meta":{"footnotes":""},"categories":[385,241],"tags":[494],"class_list":["post-3943","post","type-post","status-publish","format-standard","has-post-thumbnail","hentry","category-divulgacion","category-ultimas-noticias","tag-eventos"],"_links":{"self":[{"href":"https:\/\/www.unioviedo.es\/IUOPA\/wp-json\/wp\/v2\/posts\/3943","targetHints":{"allow":["GET"]}}],"collection":[{"href":"https:\/\/www.unioviedo.es\/IUOPA\/wp-json\/wp\/v2\/posts"}],"about":[{"href":"https:\/\/www.unioviedo.es\/IUOPA\/wp-json\/wp\/v2\/types\/post"}],"author":[{"embeddable":true,"href":"https:\/\/www.unioviedo.es\/IUOPA\/wp-json\/wp\/v2\/users\/1"}],"replies":[{"embeddable":true,"href":"https:\/\/www.unioviedo.es\/IUOPA\/wp-json\/wp\/v2\/comments?post=3943"}],"version-history":[{"count":1,"href":"https:\/\/www.unioviedo.es\/IUOPA\/wp-json\/wp\/v2\/posts\/3943\/revisions"}],"predecessor-version":[{"id":3945,"href":"https:\/\/www.unioviedo.es\/IUOPA\/wp-json\/wp\/v2\/posts\/3943\/revisions\/3945"}],"wp:featuredmedia":[{"embeddable":true,"href":"https:\/\/www.unioviedo.es\/IUOPA\/wp-json\/wp\/v2\/media\/3944"}],"wp:attachment":[{"href":"https:\/\/www.unioviedo.es\/IUOPA\/wp-json\/wp\/v2\/media?parent=3943"}],"wp:term":[{"taxonomy":"category","embeddable":true,"href":"https:\/\/www.unioviedo.es\/IUOPA\/wp-json\/wp\/v2\/categories?post=3943"},{"taxonomy":"post_tag","embeddable":true,"href":"https:\/\/www.unioviedo.es\/IUOPA\/wp-json\/wp\/v2\/tags?post=3943"}],"curies":[{"name":"wp","href":"https:\/\/api.w.org\/{rel}","templated":true}]}}