{"id":3965,"date":"2024-11-28T09:52:30","date_gmt":"2024-11-28T08:52:30","guid":{"rendered":"https:\/\/www.unioviedo.es\/IUOPA\/?p=3965"},"modified":"2024-11-28T09:52:49","modified_gmt":"2024-11-28T08:52:49","slug":"charla-de-mario-f-fraga-sobre-envejecimiento-y-cancer","status":"publish","type":"post","link":"https:\/\/www.unioviedo.es\/IUOPA\/charla-de-mario-f-fraga-sobre-envejecimiento-y-cancer\/","title":{"rendered":"Charla de Mario F. Fraga sobre envejecimiento y c\u00e1ncer"},"content":{"rendered":"<p><div class=\"fusion-fullwidth fullwidth-box fusion-builder-row-1 fusion-flex-container nonhundred-percent-fullwidth non-hundred-percent-height-scrolling\" style=\"background-color: rgba(255,255,255,0);background-position: center center;background-repeat: no-repeat;border-width: 0px 0px 0px 0px;border-color:#eae9e9;border-style:solid;\" ><div class=\"fusion-builder-row fusion-row fusion-flex-align-items-flex-start fusion-flex-justify-content-center\" style=\"max-width:1216.8px;margin-left: calc(-4% \/ 2 );margin-right: calc(-4% \/ 2 );\"><div class=\"fusion-layout-column fusion_builder_column fusion-builder-column-0 fusion_builder_column_1_1 1_1 fusion-flex-column\"><div class=\"fusion-column-wrapper fusion-flex-justify-content-flex-start fusion-content-layout-column\" style=\"background-position:left top;background-repeat:no-repeat;-webkit-background-size:cover;-moz-background-size:cover;-o-background-size:cover;background-size:cover;padding: 0px 0px 0px 0px;\"><style type=\"text\/css\">@media only screen and (max-width:1024px) {.fusion-title.fusion-title-1{margin-top:0px!important; margin-right:0px!important;margin-bottom:20px!important;margin-left:0px!important;}}@media only screen and (max-width:640px) {.fusion-title.fusion-title-1{margin-top:0px!important; margin-right:0px!important;margin-bottom:20px!important; margin-left:0px!important;}}<\/style><div class=\"fusion-title title fusion-title-1 fusion-sep-none fusion-title-text fusion-title-size-one\" style=\"font-size:30px;margin-top:0px;margin-right:0px;margin-bottom:20px;margin-left:0px;\"><h1 class=\"title-heading-left fusion-responsive-typography-calculated\" style=\"margin:0;font-size:1em;--fontSize:30;line-height:1.1;\">Charla de Mario F. Fraga sobre envejecimiento y c\u00e1ncer<\/h1><\/div><div ><span class=\" fusion-imageframe imageframe-none imageframe-1 hover-type-zoomin\"><a href=\"https:\/\/www.unioviedo.es\/IUOPA\/wp-content\/uploads\/2024\/11\/7c30e220-253f-4ef9-b29a-69178df05fe0_16-9-aspect-ratio_75p_0.jpg\" class=\"fusion-lightbox\" data-rel=\"iLightbox[955168e98297364513c]\" data-title=\"7c30e220-253f-4ef9-b29a-69178df05fe0_16-9-aspect-ratio_75p_0\" title=\"7c30e220-253f-4ef9-b29a-69178df05fe0_16-9-aspect-ratio_75p_0\"><img decoding=\"async\" width=\"660\" height=\"371\" src=\"https:\/\/www.unioviedo.es\/IUOPA\/wp-content\/uploads\/2024\/11\/7c30e220-253f-4ef9-b29a-69178df05fe0_16-9-aspect-ratio_75p_0.jpg\" data-orig-src=\"https:\/\/www.unioviedo.es\/IUOPA\/wp-content\/uploads\/2024\/11\/7c30e220-253f-4ef9-b29a-69178df05fe0_16-9-aspect-ratio_75p_0.jpg\" alt class=\"lazyload img-responsive wp-image-3967\" srcset=\"data:image\/svg+xml,%3Csvg%20xmlns%3D%27http%3A%2F%2Fwww.w3.org%2F2000%2Fsvg%27%20width%3D%27660%27%20height%3D%27371%27%20viewBox%3D%270%200%20660%20371%27%3E%3Crect%20width%3D%27660%27%20height%3D%27371%27%20fill-opacity%3D%220%22%2F%3E%3C%2Fsvg%3E\" data-srcset=\"https:\/\/www.unioviedo.es\/IUOPA\/wp-content\/uploads\/2024\/11\/7c30e220-253f-4ef9-b29a-69178df05fe0_16-9-aspect-ratio_75p_0-200x112.jpg 200w, https:\/\/www.unioviedo.es\/IUOPA\/wp-content\/uploads\/2024\/11\/7c30e220-253f-4ef9-b29a-69178df05fe0_16-9-aspect-ratio_75p_0-400x225.jpg 400w, https:\/\/www.unioviedo.es\/IUOPA\/wp-content\/uploads\/2024\/11\/7c30e220-253f-4ef9-b29a-69178df05fe0_16-9-aspect-ratio_75p_0-600x337.jpg 600w, https:\/\/www.unioviedo.es\/IUOPA\/wp-content\/uploads\/2024\/11\/7c30e220-253f-4ef9-b29a-69178df05fe0_16-9-aspect-ratio_75p_0.jpg 660w\" data-sizes=\"auto\" data-orig-sizes=\"(max-width: 1024px) 100vw, (max-width: 640px) 100vw, 660px\" \/><\/a><\/span><\/div><div class=\"fusion-separator fusion-full-width-sep\" style=\"align-self: center;margin-left: auto;margin-right: auto;margin-top:40px;width:100%;\"><\/div><style type=\"text\/css\">@media only screen and (max-width:1024px) {.fusion-title.fusion-title-2{margin-top:0px!important; margin-right:0px!important;margin-bottom:31px!important;margin-left:0px!important;}}@media only screen and (max-width:640px) {.fusion-title.fusion-title-2{margin-top:0px!important; margin-right:0px!important;margin-bottom:20px!important; margin-left:0px!important;}}<\/style><div class=\"fusion-title title fusion-title-2 fusion-sep-none fusion-title-text fusion-title-size-two\" style=\"font-size:20px;margin-top:0px;margin-right:0px;margin-bottom:31px;margin-left:0px;\"><h2 class=\"title-heading-left fusion-responsive-typography-calculated\" style=\"margin:0;font-size:1em;letter-spacing:0px;--fontSize:20;--minFontSize:20px;line-height:1.3;\">Envejecimiento y c\u00e1ncer: el papel de los genes y nuestro estilo de vida<\/h2><\/div><div class=\"fusion-text fusion-text-1\"><div>\u00abEnvejecimiento y c\u00e1ncer: el papel de los genes y nuestro estilo de vida\u00bb es el t\u00edtulo de la charla que impartir\u00e1 este martes en el Club Mario Fern\u00e1ndez Fraga, profesor de Investigaci\u00f3n del Consejo Superior de Investigaciones Cient\u00edficas (CSIC), a quien presentar\u00e1 Mar\u00eda Fern\u00e1ndez, delegada institucional del CSIC en Asturias.<\/div>\n<div><\/div>\n<div id=\"mid_news\"><b>Fuente: La Nueva Espa\u00f1a &#8211; <a href=\"https:\/\/www.lne.es\/club\/agenda\/envejecimiento-cancer-papel-genes-estilo-112101044.html\" target=\"_blank\" rel=\"noopener\">Leer noticia completa<\/a><\/b><\/div>\n<\/div><\/div><style type=\"text\/css\">.fusion-body .fusion-builder-column-0{width:100% !important;margin-top : 0px;margin-bottom : 0px;}.fusion-builder-column-0 > .fusion-column-wrapper {padding-top : 0px !important;padding-right : 0px !important;margin-right : 1.92%;padding-bottom : 0px !important;padding-left : 0px !important;margin-left : 1.92%;}@media only screen and (max-width:1024px) {.fusion-body .fusion-builder-column-0{width:75% !important;order : 0;}.fusion-builder-column-0 > .fusion-column-wrapper {margin-right : 2.56%;margin-left : 2.56%;}}@media only screen and (max-width:640px) {.fusion-body .fusion-builder-column-0{width:100% !important;order : 0;}.fusion-builder-column-0 > .fusion-column-wrapper {margin-right : 1.92%;margin-left : 1.92%;}}<\/style><\/div><\/div><style type=\"text\/css\">.fusion-body .fusion-flex-container.fusion-builder-row-1{ padding-top : 0px;margin-top : 0px;padding-right : 30px;padding-bottom : 0px;margin-bottom : 0px;padding-left : 30px;}@media only screen and (max-width:1024px) {.fusion-body .fusion-flex-container.fusion-builder-row-1{ padding-top : 80px;}}<\/style><\/div><div class=\"fusion-fullwidth fullwidth-box fusion-builder-row-2 fusion-flex-container nonhundred-percent-fullwidth non-hundred-percent-height-scrolling\" style=\"background-color: rgba(255,255,255,0);background-position: center center;background-repeat: no-repeat;border-width: 0px 0px 0px 0px;border-color:#eae9e9;border-style:solid;\" ><div class=\"fusion-builder-row fusion-row fusion-flex-align-items-flex-start\" style=\"max-width:1216.8px;margin-left: calc(-4% \/ 2 );margin-right: calc(-4% \/ 2 );\"><div class=\"fusion-layout-column fusion_builder_column fusion-builder-column-1 fusion_builder_column_1_1 1_1 fusion-flex-column\"><div class=\"fusion-column-wrapper fusion-flex-justify-content-flex-start fusion-content-layout-column\" style=\"background-position:left top;background-repeat:no-repeat;-webkit-background-size:cover;-moz-background-size:cover;-o-background-size:cover;background-size:cover;padding: 20px 0px 20px 0px;\"><div class=\"fusion-sharing-box fusion-sharing-box-1\" style=\"background-color:#f6f6f6;margin-top:60px;\" data-title=\"Charla de Mario F. Fraga sobre envejecimiento y c\u00e1ncer\" data-description=\"Envejecimiento y c\u00e1ncer: el papel de los genes y nuestro estilo de vida \r\n&quot;Envejecimiento y c\u00e1ncer: el papel de los genes y nuestro estilo de vida&quot; es el t\u00edtulo de la charla que impartir\u00e1 este martes en el Club Mario Fern\u00e1ndez Fraga, profesor de Investigaci\u00f3n del Consejo Superior de Investigaciones Cient\u00edficas (CSIC), a\" data-link=\"https:\/\/www.unioviedo.es\/IUOPA\/charla-de-mario-f-fraga-sobre-envejecimiento-y-cancer\/\"><h4 class=\"tagline\" style=\"color:#2f2f2f;\">Compartir noticia<\/h4><div class=\"fusion-social-networks sharingbox-shortcode-icon-wrapper sharingbox-shortcode-icon-wrapper-1\"><span><a href=\"https:\/\/www.facebook.com\/sharer.php?u=https%3A%2F%2Fwww.unioviedo.es%2FIUOPA%2Fcharla-de-mario-f-fraga-sobre-envejecimiento-y-cancer%2F&amp;t=Charla%20de%20Mario%20F.%20Fraga%20sobre%20envejecimiento%20y%20c%C3%A1ncer\" target=\"_blank\" rel=\"noreferrer\" title=\"Facebook\" aria-label=\"Facebook\"><i class=\"fusion-social-network-icon fusion-tooltip fusion-facebook awb-icon-facebook\" style=\"color:#76b5ae;\" aria-hidden=\"true\"><\/i><\/a><\/span><span><a href=\"https:\/\/twitter.com\/share?text=Charla%20de%20Mario%20F.%20Fraga%20sobre%20envejecimiento%20y%20c%C3%A1ncer&amp;url=https%3A%2F%2Fwww.unioviedo.es%2FIUOPA%2Fcharla-de-mario-f-fraga-sobre-envejecimiento-y-cancer%2F\" target=\"_blank\" rel=\"noopener noreferrer\" title=\"Twitter\" aria-label=\"Twitter\"><i class=\"fusion-social-network-icon fusion-tooltip fusion-twitter awb-icon-twitter\" style=\"color:#76b5ae;\" aria-hidden=\"true\"><\/i><\/a><\/span><span><a href=\"https:\/\/www.linkedin.com\/shareArticle?mini=true&amp;url=https%3A%2F%2Fwww.unioviedo.es%2FIUOPA%2Fcharla-de-mario-f-fraga-sobre-envejecimiento-y-cancer%2F&amp;title=Charla%20de%20Mario%20F.%20Fraga%20sobre%20envejecimiento%20y%20c%C3%A1ncer&amp;summary=Envejecimiento%20y%20c%C3%A1ncer%3A%20el%20papel%20de%20los%20genes%20y%20nuestro%20estilo%20de%20vida%20%0D%0A%26quot%3BEnvejecimiento%20y%20c%C3%A1ncer%3A%20el%20papel%20de%20los%20genes%20y%20nuestro%20estilo%20de%20vida%26quot%3B%20es%20el%20t%C3%ADtulo%20de%20la%20charla%20que%20impartir%C3%A1%20este%20martes%20en%20el%20Club%20Mario%20Fern%C3%A1ndez%20Fraga%2C%20profesor%20de%20Investigaci%C3%B3n%20del%20Consejo%20Superior%20de%20Investigaciones%20Cient%C3%ADficas%20%28CSIC%29%2C%20a\" target=\"_blank\" rel=\"noopener noreferrer\" title=\"LinkedIn\" aria-label=\"LinkedIn\"><i class=\"fusion-social-network-icon fusion-tooltip fusion-linkedin awb-icon-linkedin\" style=\"color:#76b5ae;\" aria-hidden=\"true\"><\/i><\/a><\/span><span><a href=\"mailto:?subject=Charla%20de%20Mario%20F.%20Fraga%20sobre%20envejecimiento%20y%20c%C3%A1ncer&amp;body=https%3A%2F%2Fwww.unioviedo.es%2FIUOPA%2Fcharla-de-mario-f-fraga-sobre-envejecimiento-y-cancer%2F\" target=\"_self\" title=\"Correo electr\u00f3nico\" aria-label=\"Correo electr\u00f3nico\"><i class=\"fusion-social-network-icon fusion-tooltip fusion-mail awb-icon-mail\" style=\"color:#76b5ae;\" aria-hidden=\"true\"><\/i><\/a><\/span><\/div><\/div><style type=\"text\/css\">.fusion-sharing-box-1 h4{margin-bottom:0 !important;}.fusion-sharing-box-1{flex-direction:row !important;padding-top:20px !important;padding-bottom:20px !important;}.sharingbox-shortcode-icon-wrapper-1 span.sharingbox-shortcode-icon-separator{border-right-width:0px !important;}@media only screen and (max-width:1024px){.fusion-sharing-box-1 h4{margin-right:0.5em !important;margin-bottom:0 !important;}.sharingbox-shortcode-icon-wrapper-1{width:auto !important;justify-content:flex-end !important;}.fusion-sharing-box-1{align-items:center !important;} }@media only screen and (max-width:640px){.fusion-sharing-box-1{flex-direction: column !important;align-items:center !important;}.fusion-sharing-box-1 h4{margin-bottom:revert !important;}.sharingbox-shortcode-icon-wrapper-1{width:100% !important;justify-content:space-between !important;} }<\/style><\/div><style type=\"text\/css\">.fusion-body .fusion-builder-column-1{width:100% !important;margin-top : 0px;margin-bottom : 0px;}.fusion-builder-column-1 > .fusion-column-wrapper {padding-top : 20px !important;padding-right : 0px !important;margin-right : 1.92%;padding-bottom : 20px !important;padding-left : 0px !important;margin-left : 1.92%;}@media only screen and (max-width:1024px) {.fusion-body .fusion-builder-column-1{width:100% !important;order : 0;}.fusion-builder-column-1 > .fusion-column-wrapper {margin-right : 1.92%;margin-left : 1.92%;}}@media only screen and (max-width:640px) {.fusion-body .fusion-builder-column-1{width:100% !important;order : 0;}.fusion-builder-column-1 > .fusion-column-wrapper {margin-right : 1.92%;margin-left : 1.92%;}}<\/style><\/div><\/div><style type=\"text\/css\">.fusion-body .fusion-flex-container.fusion-builder-row-2{ padding-top : 0px;margin-top : 0px;padding-right : 30px;padding-bottom : 0px;margin-bottom : 0px;padding-left : 30px;}<\/style><\/div><\/p>\n","protected":false},"excerpt":{"rendered":"","protected":false},"author":1,"featured_media":3967,"comment_status":"open","ping_status":"open","sticky":false,"template":"","format":"standard","meta":{"footnotes":""},"categories":[17,385],"tags":[],"class_list":["post-3965","post","type-post","status-publish","format-standard","has-post-thumbnail","hentry","category-destacadas","category-divulgacion"],"_links":{"self":[{"href":"https:\/\/www.unioviedo.es\/IUOPA\/wp-json\/wp\/v2\/posts\/3965","targetHints":{"allow":["GET"]}}],"collection":[{"href":"https:\/\/www.unioviedo.es\/IUOPA\/wp-json\/wp\/v2\/posts"}],"about":[{"href":"https:\/\/www.unioviedo.es\/IUOPA\/wp-json\/wp\/v2\/types\/post"}],"author":[{"embeddable":true,"href":"https:\/\/www.unioviedo.es\/IUOPA\/wp-json\/wp\/v2\/users\/1"}],"replies":[{"embeddable":true,"href":"https:\/\/www.unioviedo.es\/IUOPA\/wp-json\/wp\/v2\/comments?post=3965"}],"version-history":[{"count":2,"href":"https:\/\/www.unioviedo.es\/IUOPA\/wp-json\/wp\/v2\/posts\/3965\/revisions"}],"predecessor-version":[{"id":3968,"href":"https:\/\/www.unioviedo.es\/IUOPA\/wp-json\/wp\/v2\/posts\/3965\/revisions\/3968"}],"wp:featuredmedia":[{"embeddable":true,"href":"https:\/\/www.unioviedo.es\/IUOPA\/wp-json\/wp\/v2\/media\/3967"}],"wp:attachment":[{"href":"https:\/\/www.unioviedo.es\/IUOPA\/wp-json\/wp\/v2\/media?parent=3965"}],"wp:term":[{"taxonomy":"category","embeddable":true,"href":"https:\/\/www.unioviedo.es\/IUOPA\/wp-json\/wp\/v2\/categories?post=3965"},{"taxonomy":"post_tag","embeddable":true,"href":"https:\/\/www.unioviedo.es\/IUOPA\/wp-json\/wp\/v2\/tags?post=3965"}],"curies":[{"name":"wp","href":"https:\/\/api.w.org\/{rel}","templated":true}]}}