{"id":4141,"date":"2025-03-12T15:42:42","date_gmt":"2025-03-12T14:42:42","guid":{"rendered":"https:\/\/www.unioviedo.es\/IUOPA\/?p=4141"},"modified":"2025-03-12T15:42:42","modified_gmt":"2025-03-12T14:42:42","slug":"iv-encuentro-de-jovenes-investigadores-en-cancer-ejic","status":"publish","type":"post","link":"https:\/\/www.unioviedo.es\/IUOPA\/iv-encuentro-de-jovenes-investigadores-en-cancer-ejic\/","title":{"rendered":"IV Encuentro de J\u00f3venes Investigadores en C\u00e1ncer (EJIC) | 5-7 junio 2025"},"content":{"rendered":"<p><div class=\"fusion-fullwidth fullwidth-box fusion-builder-row-1 fusion-flex-container nonhundred-percent-fullwidth non-hundred-percent-height-scrolling\" style=\"background-color: rgba(255,255,255,0);background-position: center center;background-repeat: no-repeat;border-width: 0px 0px 0px 0px;border-color:#eae9e9;border-style:solid;\" ><div class=\"fusion-builder-row fusion-row fusion-flex-align-items-flex-start fusion-flex-justify-content-center\" style=\"max-width:1216.8px;margin-left: calc(-4% \/ 2 );margin-right: calc(-4% \/ 2 );\"><div class=\"fusion-layout-column fusion_builder_column fusion-builder-column-0 fusion_builder_column_1_1 1_1 fusion-flex-column\"><div class=\"fusion-column-wrapper fusion-flex-justify-content-flex-start fusion-content-layout-column\" style=\"background-position:left top;background-repeat:no-repeat;-webkit-background-size:cover;-moz-background-size:cover;-o-background-size:cover;background-size:cover;padding: 0px 0px 0px 0px;\"><style type=\"text\/css\">@media only screen and (max-width:1024px) {.fusion-title.fusion-title-1{margin-top:0px!important; margin-right:0px!important;margin-bottom:20px!important;margin-left:0px!important;}}@media only screen and (max-width:640px) {.fusion-title.fusion-title-1{margin-top:0px!important; margin-right:0px!important;margin-bottom:20px!important; margin-left:0px!important;}}<\/style><div class=\"fusion-title title fusion-title-1 fusion-sep-none fusion-title-text fusion-title-size-one\" style=\"font-size:30px;margin-top:0px;margin-right:0px;margin-bottom:20px;margin-left:0px;\"><h1 class=\"title-heading-left fusion-responsive-typography-calculated\" style=\"margin:0;font-size:1em;--fontSize:30;line-height:1.1;\">IV Encuentro de J\u00f3venes Investigadores en C\u00e1ncer (EJIC) | 5-7 junio 2025<\/h1><\/div><div ><span class=\" fusion-imageframe imageframe-none imageframe-1 hover-type-zoomin\"><a href=\"https:\/\/www.unioviedo.es\/IUOPA\/wp-content\/uploads\/2025\/03\/IV-Encuentro-de-Jovenes-Investigadores-en-Cancer-Calatayud-2025.png\" class=\"fusion-lightbox\" data-rel=\"iLightbox[9b215ac7cf3d1654020]\" data-title=\"IV Encuentro de J\u00f3venes Investigadores en C\u00e1ncer Calatayud 2025\" title=\"IV Encuentro de J\u00f3venes Investigadores en C\u00e1ncer Calatayud 2025\"><img decoding=\"async\" width=\"1080\" height=\"1350\" src=\"https:\/\/www.unioviedo.es\/IUOPA\/wp-content\/uploads\/2025\/03\/IV-Encuentro-de-Jovenes-Investigadores-en-Cancer-Calatayud-2025.png\" data-orig-src=\"https:\/\/www.unioviedo.es\/IUOPA\/wp-content\/uploads\/2025\/03\/IV-Encuentro-de-Jovenes-Investigadores-en-Cancer-Calatayud-2025.png\" alt class=\"lazyload img-responsive wp-image-4143\" srcset=\"data:image\/svg+xml,%3Csvg%20xmlns%3D%27http%3A%2F%2Fwww.w3.org%2F2000%2Fsvg%27%20width%3D%271080%27%20height%3D%271350%27%20viewBox%3D%270%200%201080%201350%27%3E%3Crect%20width%3D%271080%27%20height%3D%271350%27%20fill-opacity%3D%220%22%2F%3E%3C%2Fsvg%3E\" data-srcset=\"https:\/\/www.unioviedo.es\/IUOPA\/wp-content\/uploads\/2025\/03\/IV-Encuentro-de-Jovenes-Investigadores-en-Cancer-Calatayud-2025-200x250.png 200w, https:\/\/www.unioviedo.es\/IUOPA\/wp-content\/uploads\/2025\/03\/IV-Encuentro-de-Jovenes-Investigadores-en-Cancer-Calatayud-2025-400x500.png 400w, https:\/\/www.unioviedo.es\/IUOPA\/wp-content\/uploads\/2025\/03\/IV-Encuentro-de-Jovenes-Investigadores-en-Cancer-Calatayud-2025-600x750.png 600w, https:\/\/www.unioviedo.es\/IUOPA\/wp-content\/uploads\/2025\/03\/IV-Encuentro-de-Jovenes-Investigadores-en-Cancer-Calatayud-2025-800x1000.png 800w, https:\/\/www.unioviedo.es\/IUOPA\/wp-content\/uploads\/2025\/03\/IV-Encuentro-de-Jovenes-Investigadores-en-Cancer-Calatayud-2025.png 1080w\" data-sizes=\"auto\" data-orig-sizes=\"(max-width: 1024px) 100vw, (max-width: 640px) 100vw, 1080px\" \/><\/a><\/span><\/div><div class=\"fusion-separator fusion-full-width-sep\" style=\"align-self: center;margin-left: auto;margin-right: auto;margin-top:40px;width:100%;\"><\/div><style type=\"text\/css\">@media only screen and (max-width:1024px) {.fusion-title.fusion-title-2{margin-top:0px!important; margin-right:0px!important;margin-bottom:31px!important;margin-left:0px!important;}}@media only screen and (max-width:640px) {.fusion-title.fusion-title-2{margin-top:0px!important; margin-right:0px!important;margin-bottom:20px!important; margin-left:0px!important;}}<\/style><div class=\"fusion-title title fusion-title-2 fusion-sep-none fusion-title-text fusion-title-size-two\" style=\"font-size:20px;margin-top:0px;margin-right:0px;margin-bottom:31px;margin-left:0px;\"><h2 class=\"title-heading-left fusion-responsive-typography-calculated\" style=\"margin:0;font-size:1em;letter-spacing:0px;--fontSize:20;--minFontSize:20px;line-height:1.3;\"><h3>Del 5 al 7 de junio de 2025<\/h3><\/h2><\/div><div class=\"fusion-text fusion-text-1\"><p class=\"xxmsonormal\">Se trata del <b>IV Encuentro de J\u00f3venes Investigadores en C\u00e1ncer (EJIC)<\/b>. Tras el \u00e9xito de las tres ediciones anteriores, <b>EJIC 2025<\/b>\u00a0pretende volver a crear un punto de encuentro de <b>investigadores predoctorales<\/b>\u00a0de diferentes puntos del territorio nacional, que abordan el estudio del c\u00e1ncer desde diversas perspectivas. Este evento ofertar\u00e1 talleres de formaci\u00f3n a los asistentes (EJICkers) que se complementar\u00e1n con muestras divulgativas en diferentes formatos y concursos, para fomentar el desarrollo de las capacidades transversales.<\/p>\n<p class=\"xxmsonormal\">Las jornadas se llevar\u00e1n a cabo durante los d\u00edas <b>5, 6 y 7 de junio de 2025 <\/b>en la ciudad de <b>Calatayud (Zaragoza).<\/b>\u00a0Desde la Organizaci\u00f3n del EJIC 2025 se ofrecen <b>30 plazas de asistencia<\/b>: 15 para investigadores predoctorales iniciados (1-2 a\u00f1os de tesis) y 15 para investigadores predoctorales avanzados (3 o m\u00e1s a\u00f1os de tesis). En esta nueva edici\u00f3n, la Organizaci\u00f3n sigue trabajando para ofrecer nuevamente dietas y alojamiento en habitaciones compartidas <b>de forma gratuita<\/b>, as\u00ed como la asistencia gratuita al cocktail de bienvenida (jueves 5) y a la cl\u00e1sica Cena de Bata (viernes 6). Si bien, el desplazamiento hasta el lugar del encuentro ser\u00e1 sufragado por el propio investigador\/a predoctoral.<\/p>\n<p>Pod\u00e9is consultar <b>toda la informaci\u00f3n de EJIC 2025<\/b>\u00a0en el siguiente enlace: <a id=\"OWA9ec65913-e210-c6d3-a6ca-5dbbcb69fbce\" href=\"https:\/\/urldefense.com\/v3\/__https:\/www.contraelcancer.es\/es\/area-investigador\/encuentro-jovenes-investigadores-cancer__;!!D9dNQwwGXtA!UGC-L7Ygqj2vKk8b45fI87-3ItoyjUtIwLGWfhaqFPqjqoLAJgyWJBXlgy86qrW_Wf9Ben7tFvWD_ggktsNkQok$\" data-auth=\"NotApplicable\">https:\/\/www.contraelcancer.es\/es\/area-investigador\/encuentro-jovenes-investigadores-cancer<\/a><\/p>\n<p class=\"xxmsonormal\">All\u00ed encontrar\u00e9is el <b>programa <\/b>y las <b>bases de la convocatoria de EJIC 2025<\/b>, que tambi\u00e9n adjuntamos, as\u00ed como el siguiente <b>enlace de preinscripci\u00f3n<\/b>: <a id=\"OWA29590c87-eee3-9428-f944-02eca3e2aeab\" href=\"https:\/\/urldefense.com\/v3\/__https:\/forms.gle\/Tvwp2gjKmoJgmqBV9__;!!D9dNQwwGXtA!UGC-L7Ygqj2vKk8b45fI87-3ItoyjUtIwLGWfhaqFPqjqoLAJgyWJBXlgy86qrW_Wf9Ben7tFvWD_ggkXuV8tKI$\" data-auth=\"NotApplicable\">https:\/\/forms.gle\/Tvwp2gjKmoJgmqBV9<\/a><\/p>\n<p class=\"xxmsonormal\">El <b>per\u00edodo de preinscripci\u00f3n FINALIZA EL D\u00cdA 21 DE MARZO.<\/b>\u00a0Antes del <b>12 de abril <\/b>se comunicar\u00e1 la <b>lista provisional<\/b>\u00a0de los <b>30 EJICkers<\/b>\u00a02025 seleccionados, y se abrir\u00e1 el per\u00edodo de <b>reclamaciones<\/b>. Posteriormente, se enviar\u00e1 la <b>lista definitiva de candidatos<\/b>\u00a0y se abrir\u00e1 el per\u00edodo de inscripci\u00f3n a los concursos de esta edici\u00f3n.<\/p>\n<p>Para cualquier duda: <a href=\"mailto:ejicancer@gmail.com\">ejicancer@gmail.com<\/a><\/p>\n<\/div><div class=\"fusion-separator fusion-full-width-sep\" style=\"align-self: center;margin-left: auto;margin-right: auto;margin-top:40px;width:100%;\"><\/div><\/div><style type=\"text\/css\">.fusion-body .fusion-builder-column-0{width:100% !important;margin-top : 0px;margin-bottom : 0px;}.fusion-builder-column-0 > .fusion-column-wrapper {padding-top : 0px !important;padding-right : 0px !important;margin-right : 1.92%;padding-bottom : 0px !important;padding-left : 0px !important;margin-left : 1.92%;}@media only screen and (max-width:1024px) {.fusion-body .fusion-builder-column-0{width:75% !important;order : 0;}.fusion-builder-column-0 > .fusion-column-wrapper {margin-right : 2.56%;margin-left : 2.56%;}}@media only screen and (max-width:640px) {.fusion-body .fusion-builder-column-0{width:100% !important;order : 0;}.fusion-builder-column-0 > .fusion-column-wrapper {margin-right : 1.92%;margin-left : 1.92%;}}<\/style><\/div><\/div><style type=\"text\/css\">.fusion-body .fusion-flex-container.fusion-builder-row-1{ padding-top : 0px;margin-top : 0px;padding-right : 30px;padding-bottom : 0px;margin-bottom : 0px;padding-left : 30px;}@media only screen and (max-width:1024px) {.fusion-body .fusion-flex-container.fusion-builder-row-1{ padding-top : 80px;}}<\/style><\/div><div class=\"fusion-fullwidth fullwidth-box fusion-builder-row-2 fusion-flex-container nonhundred-percent-fullwidth non-hundred-percent-height-scrolling\" style=\"background-color: rgba(255,255,255,0);background-position: center center;background-repeat: no-repeat;border-width: 0px 0px 0px 0px;border-color:#eae9e9;border-style:solid;\" ><div class=\"fusion-builder-row fusion-row fusion-flex-align-items-flex-start\" style=\"max-width:1216.8px;margin-left: calc(-4% \/ 2 );margin-right: calc(-4% \/ 2 );\"><div class=\"fusion-layout-column fusion_builder_column fusion-builder-column-1 fusion_builder_column_1_1 1_1 fusion-flex-column\"><div class=\"fusion-column-wrapper fusion-flex-justify-content-flex-start fusion-content-layout-column\" style=\"background-position:left top;background-repeat:no-repeat;-webkit-background-size:cover;-moz-background-size:cover;-o-background-size:cover;background-size:cover;padding: 20px 0px 20px 0px;\"><div class=\"fusion-sharing-box fusion-sharing-box-1\" style=\"background-color:#f6f6f6;margin-top:60px;\" data-title=\"IV Encuentro de J\u00f3venes Investigadores en C\u00e1ncer (EJIC) | 5-7 junio 2025\" data-description=\"Del 5 al 7 de junio de 2025 \r\nSe trata del IV Encuentro de J\u00f3venes Investigadores en C\u00e1ncer (EJIC). Tras el \u00e9xito de las tres ediciones anteriores, EJIC 2025\u00a0pretende volver a crear un punto de encuentro de investigadores predoctorales\u00a0de diferentes puntos del territorio nacional, que abordan el estudio del c\u00e1ncer desde diversas\" data-link=\"https:\/\/www.unioviedo.es\/IUOPA\/iv-encuentro-de-jovenes-investigadores-en-cancer-ejic\/\"><h4 class=\"tagline\" style=\"color:#2f2f2f;\">Compartir noticia<\/h4><div class=\"fusion-social-networks sharingbox-shortcode-icon-wrapper sharingbox-shortcode-icon-wrapper-1\"><span><a href=\"https:\/\/www.facebook.com\/sharer.php?u=https%3A%2F%2Fwww.unioviedo.es%2FIUOPA%2Fiv-encuentro-de-jovenes-investigadores-en-cancer-ejic%2F&amp;t=IV%20Encuentro%20de%20J%C3%B3venes%20Investigadores%20en%20C%C3%A1ncer%20%28EJIC%29%20%7C%205-7%20junio%202025\" target=\"_blank\" rel=\"noreferrer\" title=\"Facebook\" aria-label=\"Facebook\"><i class=\"fusion-social-network-icon fusion-tooltip fusion-facebook awb-icon-facebook\" style=\"color:#76b5ae;\" aria-hidden=\"true\"><\/i><\/a><\/span><span><a href=\"https:\/\/twitter.com\/share?text=IV%20Encuentro%20de%20J%C3%B3venes%20Investigadores%20en%20C%C3%A1ncer%20%28EJIC%29%20%7C%205-7%20junio%202025&amp;url=https%3A%2F%2Fwww.unioviedo.es%2FIUOPA%2Fiv-encuentro-de-jovenes-investigadores-en-cancer-ejic%2F\" target=\"_blank\" rel=\"noopener noreferrer\" title=\"Twitter\" aria-label=\"Twitter\"><i class=\"fusion-social-network-icon fusion-tooltip fusion-twitter awb-icon-twitter\" style=\"color:#76b5ae;\" aria-hidden=\"true\"><\/i><\/a><\/span><span><a href=\"https:\/\/www.linkedin.com\/shareArticle?mini=true&amp;url=https%3A%2F%2Fwww.unioviedo.es%2FIUOPA%2Fiv-encuentro-de-jovenes-investigadores-en-cancer-ejic%2F&amp;title=IV%20Encuentro%20de%20J%C3%B3venes%20Investigadores%20en%20C%C3%A1ncer%20%28EJIC%29%20%7C%205-7%20junio%202025&amp;summary=Del%205%20al%207%20de%20junio%20de%202025%20%0D%0ASe%20trata%20del%20IV%20Encuentro%20de%20J%C3%B3venes%20Investigadores%20en%20C%C3%A1ncer%20%28EJIC%29.%20Tras%20el%20%C3%A9xito%20de%20las%20tres%20ediciones%20anteriores%2C%20EJIC%202025%C2%A0pretende%20volver%20a%20crear%20un%20punto%20de%20encuentro%20de%20investigadores%20predoctorales%C2%A0de%20diferentes%20puntos%20del%20territorio%20nacional%2C%20que%20abordan%20el%20estudio%20del%20c%C3%A1ncer%20desde%20diversas\" target=\"_blank\" rel=\"noopener noreferrer\" title=\"LinkedIn\" aria-label=\"LinkedIn\"><i class=\"fusion-social-network-icon fusion-tooltip fusion-linkedin awb-icon-linkedin\" style=\"color:#76b5ae;\" aria-hidden=\"true\"><\/i><\/a><\/span><span><a href=\"mailto:?subject=IV%20Encuentro%20de%20J%C3%B3venes%20Investigadores%20en%20C%C3%A1ncer%20%28EJIC%29%20%7C%205-7%20junio%202025&amp;body=https%3A%2F%2Fwww.unioviedo.es%2FIUOPA%2Fiv-encuentro-de-jovenes-investigadores-en-cancer-ejic%2F\" target=\"_self\" title=\"Correo electr\u00f3nico\" aria-label=\"Correo electr\u00f3nico\"><i class=\"fusion-social-network-icon fusion-tooltip fusion-mail awb-icon-mail\" style=\"color:#76b5ae;\" aria-hidden=\"true\"><\/i><\/a><\/span><\/div><\/div><style type=\"text\/css\">.fusion-sharing-box-1 h4{margin-bottom:0 !important;}.fusion-sharing-box-1{flex-direction:row !important;padding-top:20px !important;padding-bottom:20px !important;}.sharingbox-shortcode-icon-wrapper-1 span.sharingbox-shortcode-icon-separator{border-right-width:0px !important;}@media only screen and (max-width:1024px){.fusion-sharing-box-1 h4{margin-right:0.5em !important;margin-bottom:0 !important;}.sharingbox-shortcode-icon-wrapper-1{width:auto !important;justify-content:flex-end !important;}.fusion-sharing-box-1{align-items:center !important;} }@media only screen and (max-width:640px){.fusion-sharing-box-1{flex-direction: column !important;align-items:center !important;}.fusion-sharing-box-1 h4{margin-bottom:revert !important;}.sharingbox-shortcode-icon-wrapper-1{width:100% !important;justify-content:space-between !important;} }<\/style><\/div><style type=\"text\/css\">.fusion-body .fusion-builder-column-1{width:100% !important;margin-top : 0px;margin-bottom : 0px;}.fusion-builder-column-1 > .fusion-column-wrapper {padding-top : 20px !important;padding-right : 0px !important;margin-right : 1.92%;padding-bottom : 20px !important;padding-left : 0px !important;margin-left : 1.92%;}@media only screen and (max-width:1024px) {.fusion-body .fusion-builder-column-1{width:100% !important;order : 0;}.fusion-builder-column-1 > .fusion-column-wrapper {margin-right : 1.92%;margin-left : 1.92%;}}@media only screen and (max-width:640px) {.fusion-body .fusion-builder-column-1{width:100% !important;order : 0;}.fusion-builder-column-1 > .fusion-column-wrapper {margin-right : 1.92%;margin-left : 1.92%;}}<\/style><\/div><\/div><style type=\"text\/css\">.fusion-body .fusion-flex-container.fusion-builder-row-2{ padding-top : 0px;margin-top : 0px;padding-right : 30px;padding-bottom : 0px;margin-bottom : 0px;padding-left : 30px;}<\/style><\/div><\/p>\n","protected":false},"excerpt":{"rendered":"","protected":false},"author":1,"featured_media":4143,"comment_status":"open","ping_status":"open","sticky":false,"template":"","format":"standard","meta":{"footnotes":""},"categories":[15,241],"tags":[494],"class_list":["post-4141","post","type-post","status-publish","format-standard","has-post-thumbnail","hentry","category-eventos","category-ultimas-noticias","tag-eventos"],"_links":{"self":[{"href":"https:\/\/www.unioviedo.es\/IUOPA\/wp-json\/wp\/v2\/posts\/4141","targetHints":{"allow":["GET"]}}],"collection":[{"href":"https:\/\/www.unioviedo.es\/IUOPA\/wp-json\/wp\/v2\/posts"}],"about":[{"href":"https:\/\/www.unioviedo.es\/IUOPA\/wp-json\/wp\/v2\/types\/post"}],"author":[{"embeddable":true,"href":"https:\/\/www.unioviedo.es\/IUOPA\/wp-json\/wp\/v2\/users\/1"}],"replies":[{"embeddable":true,"href":"https:\/\/www.unioviedo.es\/IUOPA\/wp-json\/wp\/v2\/comments?post=4141"}],"version-history":[{"count":2,"href":"https:\/\/www.unioviedo.es\/IUOPA\/wp-json\/wp\/v2\/posts\/4141\/revisions"}],"predecessor-version":[{"id":4144,"href":"https:\/\/www.unioviedo.es\/IUOPA\/wp-json\/wp\/v2\/posts\/4141\/revisions\/4144"}],"wp:featuredmedia":[{"embeddable":true,"href":"https:\/\/www.unioviedo.es\/IUOPA\/wp-json\/wp\/v2\/media\/4143"}],"wp:attachment":[{"href":"https:\/\/www.unioviedo.es\/IUOPA\/wp-json\/wp\/v2\/media?parent=4141"}],"wp:term":[{"taxonomy":"category","embeddable":true,"href":"https:\/\/www.unioviedo.es\/IUOPA\/wp-json\/wp\/v2\/categories?post=4141"},{"taxonomy":"post_tag","embeddable":true,"href":"https:\/\/www.unioviedo.es\/IUOPA\/wp-json\/wp\/v2\/tags?post=4141"}],"curies":[{"name":"wp","href":"https:\/\/api.w.org\/{rel}","templated":true}]}}