{"id":4622,"date":"2025-11-25T09:25:41","date_gmt":"2025-11-25T08:25:41","guid":{"rendered":"https:\/\/www.unioviedo.es\/IUOPA\/?p=4622"},"modified":"2025-12-09T10:19:41","modified_gmt":"2025-12-09T09:19:41","slug":"el-iuopa-celebra-una-gala-conmemorativa-y-una-exposicion-especial-por-sus-25-anos-de-investigacion-oncologica","status":"publish","type":"post","link":"https:\/\/www.unioviedo.es\/IUOPA\/el-iuopa-celebra-una-gala-conmemorativa-y-una-exposicion-especial-por-sus-25-anos-de-investigacion-oncologica\/","title":{"rendered":"El IUOPA celebra una gala conmemorativa y una exposici\u00f3n especial por sus 25 a\u00f1os de investigaci\u00f3n oncol\u00f3gica"},"content":{"rendered":"<p><div class=\"fusion-fullwidth fullwidth-box fusion-builder-row-1 fusion-flex-container nonhundred-percent-fullwidth non-hundred-percent-height-scrolling\" style=\"background-color: rgba(255,255,255,0);background-position: center center;background-repeat: no-repeat;border-width: 0px 0px 0px 0px;border-color:#eae9e9;border-style:solid;\" ><div class=\"fusion-builder-row fusion-row fusion-flex-align-items-flex-start fusion-flex-justify-content-center\" style=\"max-width:1216.8px;margin-left: calc(-4% \/ 2 );margin-right: calc(-4% \/ 2 );\"><div class=\"fusion-layout-column fusion_builder_column fusion-builder-column-0 fusion_builder_column_1_1 1_1 fusion-flex-column\"><div class=\"fusion-column-wrapper fusion-flex-justify-content-flex-start fusion-content-layout-column\" style=\"background-position:left top;background-repeat:no-repeat;-webkit-background-size:cover;-moz-background-size:cover;-o-background-size:cover;background-size:cover;padding: 0px 0px 0px 0px;\"><style type=\"text\/css\">@media only screen and (max-width:1024px) {.fusion-title.fusion-title-1{margin-top:0px!important; margin-right:0px!important;margin-bottom:20px!important;margin-left:0px!important;}}@media only screen and (max-width:640px) {.fusion-title.fusion-title-1{margin-top:0px!important; margin-right:0px!important;margin-bottom:20px!important; margin-left:0px!important;}}<\/style><div class=\"fusion-title title fusion-title-1 fusion-sep-none fusion-title-text fusion-title-size-one\" style=\"font-size:30px;margin-top:0px;margin-right:0px;margin-bottom:20px;margin-left:0px;\"><h1 class=\"title-heading-left fusion-responsive-typography-calculated\" style=\"margin:0;font-size:1em;--fontSize:30;line-height:1.1;\">El IUOPA celebra una gala conmemorativa y una exposici\u00f3n especial por sus 25 a\u00f1os de investigaci\u00f3n oncol\u00f3gica<\/h1><\/div><div ><span class=\" fusion-imageframe imageframe-none imageframe-1 hover-type-zoomin\"><a href=\"https:\/\/www.unioviedo.es\/IUOPA\/wp-content\/uploads\/2025\/11\/WhatsApp-Image-2025-11-24-at-16.40.44.jpeg\" class=\"fusion-lightbox\" data-rel=\"iLightbox[0113c790727eb91c930]\" data-title=\"WhatsApp Image 2025-11-24 at 16.40.44\" title=\"WhatsApp Image 2025-11-24 at 16.40.44\"><img decoding=\"async\" width=\"540\" height=\"542\" src=\"https:\/\/www.unioviedo.es\/IUOPA\/wp-content\/uploads\/2025\/11\/WhatsApp-Image-2025-11-24-at-16.40.44.jpeg\" data-orig-src=\"https:\/\/www.unioviedo.es\/IUOPA\/wp-content\/uploads\/2025\/11\/WhatsApp-Image-2025-11-24-at-16.40.44.jpeg\" alt class=\"lazyload img-responsive wp-image-4624\" srcset=\"data:image\/svg+xml,%3Csvg%20xmlns%3D%27http%3A%2F%2Fwww.w3.org%2F2000%2Fsvg%27%20width%3D%27540%27%20height%3D%27542%27%20viewBox%3D%270%200%20540%20542%27%3E%3Crect%20width%3D%27540%27%20height%3D%27542%27%20fill-opacity%3D%220%22%2F%3E%3C%2Fsvg%3E\" data-srcset=\"https:\/\/www.unioviedo.es\/IUOPA\/wp-content\/uploads\/2025\/11\/WhatsApp-Image-2025-11-24-at-16.40.44-200x201.jpeg 200w, https:\/\/www.unioviedo.es\/IUOPA\/wp-content\/uploads\/2025\/11\/WhatsApp-Image-2025-11-24-at-16.40.44-400x401.jpeg 400w, https:\/\/www.unioviedo.es\/IUOPA\/wp-content\/uploads\/2025\/11\/WhatsApp-Image-2025-11-24-at-16.40.44.jpeg 540w\" data-sizes=\"auto\" data-orig-sizes=\"(max-width: 1024px) 100vw, (max-width: 640px) 100vw, 540px\" \/><\/a><\/span><\/div><div class=\"fusion-separator fusion-full-width-sep\" style=\"align-self: center;margin-left: auto;margin-right: auto;margin-top:40px;width:100%;\"><\/div><div class=\"fusion-text fusion-text-1\"><h3><strong>El centro reafirma su trayectoria como referente nacional en la investigaci\u00f3n del c\u00e1ncer<\/strong><\/h3>\n<p>El Instituto Universitario de Oncolog\u00eda del Principado de Asturias (IUOPA) celebra este a\u00f1o su <strong>25\u00ba aniversario<\/strong> con un programa de actividades que incluye una <strong>gala institucional<\/strong> y una <strong>exposici\u00f3n conmemorativa<\/strong> dedicada a su trayectoria y principales avances cient\u00edficos. El acto central tendr\u00e1 lugar el <strong>11 de diciembre de 2025, a las 19:00 horas<\/strong>, en la <strong>Sala de C\u00e1mara del Auditorio Pr\u00edncipe Felipe de Oviedo<\/strong>, con <strong>entrada libre hasta completar aforo<\/strong>.<\/p>\n<p>La celebraci\u00f3n de este cuarto de siglo coincide con la consolidaci\u00f3n del IUOPA como <strong>referente en la lucha contra el c\u00e1ncer<\/strong>, tanto en Asturias como en el \u00e1mbito nacional. Desde su creaci\u00f3n, el Instituto ha impulsado investigaciones pioneras, participado en redes internacionales y formado a generaciones de especialistas en biomedicina.<\/p>\n<p>Los actos conmemorativos fueron inaugurados el pasado <strong>29 de septiembre<\/strong> por el rector de la Universidad de Oviedo, <strong>Ignacio Villaverde<\/strong>, y la directora del IUOPA, <strong>Ana Guti\u00e9rrez<\/strong>. Villaverde destac\u00f3 la doble vertiente del Instituto: la excelencia cient\u00edfica y el impacto social. \u201cAdem\u00e1s del conocimiento generado, detr\u00e1s de la actividad del IUOPA hay una dimensi\u00f3n humana decisiva, con miles de personas a las que el Instituto ha ayudado en momentos muy duros de sus vidas\u201d, afirm\u00f3. El rector subray\u00f3 tambi\u00e9n el papel del <strong>Principado de Asturias<\/strong>, la <strong>Fundaci\u00f3n Cajastur<\/strong> y el conjunto de entidades colaboradoras en la consolidaci\u00f3n del proyecto.<\/p>\n<p>Durante su intervenci\u00f3n, Guti\u00e9rrez repas\u00f3 algunos de los hitos m\u00e1s relevantes de estos 25 a\u00f1os. Entre ellos, la participaci\u00f3n en proyectos internacionales de secuenciaci\u00f3n del genoma del c\u00e1ncer, la identificaci\u00f3n de nuevos biomarcadores, la investigaci\u00f3n epidemiol\u00f3gica desarrollada en Asturias y la puesta en marcha del <strong>Laboratorio de Oncolog\u00eda Molecular<\/strong>, actualmente integrado en el HUCA. La directora se\u00f1al\u00f3 que el futuro del Instituto pasa por \u201cadaptarse a un escenario cient\u00edfico en constante transformaci\u00f3n, desde la aplicaci\u00f3n de la inteligencia artificial hasta las nuevas terapias celulares o las investigaciones en tumores pedi\u00e1tricos\u201d.<\/p>\n<p>Tanto Villaverde como Guti\u00e9rrez dedicaron unas palabras a los fundadores del centro \u2014<strong>Carlos L\u00f3pez Ot\u00edn, Carlos Su\u00e1rez Nieto, Agust\u00edn Hidalgo y Antonio Cueto<\/strong>\u2014 y coincidieron en que los pr\u00f3ximos a\u00f1os estar\u00e1n marcados por el reto de asegurar la financiaci\u00f3n y atraer talento, pero tambi\u00e9n por la oportunidad de reforzar el papel del IUOPA como motor de investigaci\u00f3n biom\u00e9dica y progreso social en Asturias.<\/p>\n<p>En el acto inaugural se present\u00f3 un <strong>v\u00eddeo conmemorativo<\/strong> y se avanz\u00f3 parte del <strong>programa de actividades<\/strong>, que incluir\u00e1 una exposici\u00f3n sobre la historia del Instituto, un acto de reconocimiento a instituciones y colaboradores, y la organizaci\u00f3n de un <strong>simposio internacional<\/strong> con especialistas de prestigio.<\/p>\n<\/div><\/div><style type=\"text\/css\">.fusion-body .fusion-builder-column-0{width:100% !important;margin-top : 0px;margin-bottom : 0px;}.fusion-builder-column-0 > .fusion-column-wrapper {padding-top : 0px !important;padding-right : 0px !important;margin-right : 1.92%;padding-bottom : 0px !important;padding-left : 0px !important;margin-left : 1.92%;}@media only screen and (max-width:1024px) {.fusion-body .fusion-builder-column-0{width:75% !important;order : 0;}.fusion-builder-column-0 > .fusion-column-wrapper {margin-right : 2.56%;margin-left : 2.56%;}}@media only screen and (max-width:640px) {.fusion-body .fusion-builder-column-0{width:100% !important;order : 0;}.fusion-builder-column-0 > .fusion-column-wrapper {margin-right : 1.92%;margin-left : 1.92%;}}<\/style><\/div><\/div><style type=\"text\/css\">.fusion-body .fusion-flex-container.fusion-builder-row-1{ padding-top : 0px;margin-top : 0px;padding-right : 30px;padding-bottom : 0px;margin-bottom : 0px;padding-left : 30px;}@media only screen and (max-width:1024px) {.fusion-body .fusion-flex-container.fusion-builder-row-1{ padding-top : 80px;}}<\/style><\/div><div class=\"fusion-fullwidth fullwidth-box fusion-builder-row-2 fusion-flex-container nonhundred-percent-fullwidth non-hundred-percent-height-scrolling\" style=\"background-color: rgba(255,255,255,0);background-position: center center;background-repeat: no-repeat;border-width: 0px 0px 0px 0px;border-color:#eae9e9;border-style:solid;\" ><div class=\"fusion-builder-row fusion-row fusion-flex-align-items-flex-start\" style=\"max-width:1216.8px;margin-left: calc(-4% \/ 2 );margin-right: calc(-4% \/ 2 );\"><div class=\"fusion-layout-column fusion_builder_column fusion-builder-column-1 fusion_builder_column_1_1 1_1 fusion-flex-column\"><div class=\"fusion-column-wrapper fusion-flex-justify-content-flex-start fusion-content-layout-column\" style=\"background-position:left top;background-repeat:no-repeat;-webkit-background-size:cover;-moz-background-size:cover;-o-background-size:cover;background-size:cover;padding: 20px 0px 20px 0px;\"><div class=\"fusion-sharing-box fusion-sharing-box-1\" style=\"background-color:#f6f6f6;margin-top:60px;\" data-title=\"El IUOPA celebra una gala conmemorativa y una exposici\u00f3n especial por sus 25 a\u00f1os de investigaci\u00f3n oncol\u00f3gica\" data-description=\"El centro reafirma su trayectoria como referente nacional en la investigaci\u00f3n del c\u00e1ncer\r\nEl Instituto Universitario de Oncolog\u00eda del Principado de Asturias (IUOPA) celebra este a\u00f1o su 25\u00ba aniversario con un programa de actividades que incluye una gala institucional y una exposici\u00f3n conmemorativa dedicada a su trayectoria y principales avances cient\u00edficos. El acto central\" data-link=\"https:\/\/www.unioviedo.es\/IUOPA\/el-iuopa-celebra-una-gala-conmemorativa-y-una-exposicion-especial-por-sus-25-anos-de-investigacion-oncologica\/\"><h4 class=\"tagline\" style=\"color:#2f2f2f;\">Compartir noticia<\/h4><div class=\"fusion-social-networks sharingbox-shortcode-icon-wrapper sharingbox-shortcode-icon-wrapper-1\"><span><a href=\"https:\/\/www.facebook.com\/sharer.php?u=https%3A%2F%2Fwww.unioviedo.es%2FIUOPA%2Fel-iuopa-celebra-una-gala-conmemorativa-y-una-exposicion-especial-por-sus-25-anos-de-investigacion-oncologica%2F&amp;t=El%20IUOPA%20celebra%20una%20gala%20conmemorativa%20y%20una%20exposici%C3%B3n%20especial%20por%20sus%2025%20a%C3%B1os%20de%20investigaci%C3%B3n%20oncol%C3%B3gica\" target=\"_blank\" rel=\"noreferrer\" title=\"Facebook\" aria-label=\"Facebook\"><i class=\"fusion-social-network-icon fusion-tooltip fusion-facebook awb-icon-facebook\" style=\"color:#76b5ae;\" aria-hidden=\"true\"><\/i><\/a><\/span><span><a href=\"https:\/\/twitter.com\/share?text=El%20IUOPA%20celebra%20una%20gala%20conmemorativa%20y%20una%20exposici%C3%B3n%20especial%20por%20sus%2025%20a%C3%B1os%20de%20investigaci%C3%B3n%20oncol%C3%B3gica&amp;url=https%3A%2F%2Fwww.unioviedo.es%2FIUOPA%2Fel-iuopa-celebra-una-gala-conmemorativa-y-una-exposicion-especial-por-sus-25-anos-de-investigacion-oncologica%2F\" target=\"_blank\" rel=\"noopener noreferrer\" title=\"Twitter\" aria-label=\"Twitter\"><i class=\"fusion-social-network-icon fusion-tooltip fusion-twitter awb-icon-twitter\" style=\"color:#76b5ae;\" aria-hidden=\"true\"><\/i><\/a><\/span><span><a href=\"https:\/\/www.linkedin.com\/shareArticle?mini=true&amp;url=https%3A%2F%2Fwww.unioviedo.es%2FIUOPA%2Fel-iuopa-celebra-una-gala-conmemorativa-y-una-exposicion-especial-por-sus-25-anos-de-investigacion-oncologica%2F&amp;title=El%20IUOPA%20celebra%20una%20gala%20conmemorativa%20y%20una%20exposici%C3%B3n%20especial%20por%20sus%2025%20a%C3%B1os%20de%20investigaci%C3%B3n%20oncol%C3%B3gica&amp;summary=El%20centro%20reafirma%20su%20trayectoria%20como%20referente%20nacional%20en%20la%20investigaci%C3%B3n%20del%20c%C3%A1ncer%0D%0AEl%20Instituto%20Universitario%20de%20Oncolog%C3%ADa%20del%20Principado%20de%20Asturias%20%28IUOPA%29%20celebra%20este%20a%C3%B1o%20su%2025%C2%BA%20aniversario%20con%20un%20programa%20de%20actividades%20que%20incluye%20una%20gala%20institucional%20y%20una%20exposici%C3%B3n%20conmemorativa%20dedicada%20a%20su%20trayectoria%20y%20principales%20avances%20cient%C3%ADficos.%20El%20acto%20central\" target=\"_blank\" rel=\"noopener noreferrer\" title=\"LinkedIn\" aria-label=\"LinkedIn\"><i class=\"fusion-social-network-icon fusion-tooltip fusion-linkedin awb-icon-linkedin\" style=\"color:#76b5ae;\" aria-hidden=\"true\"><\/i><\/a><\/span><span><a href=\"mailto:?subject=El%20IUOPA%20celebra%20una%20gala%20conmemorativa%20y%20una%20exposici%C3%B3n%20especial%20por%20sus%2025%20a%C3%B1os%20de%20investigaci%C3%B3n%20oncol%C3%B3gica&amp;body=https%3A%2F%2Fwww.unioviedo.es%2FIUOPA%2Fel-iuopa-celebra-una-gala-conmemorativa-y-una-exposicion-especial-por-sus-25-anos-de-investigacion-oncologica%2F\" target=\"_self\" title=\"Correo electr\u00f3nico\" aria-label=\"Correo electr\u00f3nico\"><i class=\"fusion-social-network-icon fusion-tooltip fusion-mail awb-icon-mail\" style=\"color:#76b5ae;\" aria-hidden=\"true\"><\/i><\/a><\/span><\/div><\/div><style type=\"text\/css\">.fusion-sharing-box-1 h4{margin-bottom:0 !important;}.fusion-sharing-box-1{flex-direction:row !important;padding-top:20px !important;padding-bottom:20px !important;}.sharingbox-shortcode-icon-wrapper-1 span.sharingbox-shortcode-icon-separator{border-right-width:0px !important;}@media only screen and (max-width:1024px){.fusion-sharing-box-1 h4{margin-right:0.5em !important;margin-bottom:0 !important;}.sharingbox-shortcode-icon-wrapper-1{width:auto !important;justify-content:flex-end !important;}.fusion-sharing-box-1{align-items:center !important;} }@media only screen and (max-width:640px){.fusion-sharing-box-1{flex-direction: column !important;align-items:center !important;}.fusion-sharing-box-1 h4{margin-bottom:revert !important;}.sharingbox-shortcode-icon-wrapper-1{width:100% !important;justify-content:space-between !important;} }<\/style><\/div><style type=\"text\/css\">.fusion-body .fusion-builder-column-1{width:100% !important;margin-top : 0px;margin-bottom : 0px;}.fusion-builder-column-1 > .fusion-column-wrapper {padding-top : 20px !important;padding-right : 0px !important;margin-right : 1.92%;padding-bottom : 20px !important;padding-left : 0px !important;margin-left : 1.92%;}@media only screen and (max-width:1024px) {.fusion-body .fusion-builder-column-1{width:100% !important;order : 0;}.fusion-builder-column-1 > .fusion-column-wrapper {margin-right : 1.92%;margin-left : 1.92%;}}@media only screen and (max-width:640px) {.fusion-body .fusion-builder-column-1{width:100% !important;order : 0;}.fusion-builder-column-1 > .fusion-column-wrapper {margin-right : 1.92%;margin-left : 1.92%;}}<\/style><\/div><\/div><style type=\"text\/css\">.fusion-body .fusion-flex-container.fusion-builder-row-2{ padding-top : 0px;margin-top : 0px;padding-right : 30px;padding-bottom : 0px;margin-bottom : 0px;padding-left : 30px;}<\/style><\/div><\/p>\n","protected":false},"excerpt":{"rendered":"","protected":false},"author":1,"featured_media":4624,"comment_status":"open","ping_status":"open","sticky":false,"template":"","format":"standard","meta":{"footnotes":""},"categories":[17,241],"tags":[],"class_list":["post-4622","post","type-post","status-publish","format-standard","has-post-thumbnail","hentry","category-destacadas","category-ultimas-noticias"],"_links":{"self":[{"href":"https:\/\/www.unioviedo.es\/IUOPA\/wp-json\/wp\/v2\/posts\/4622","targetHints":{"allow":["GET"]}}],"collection":[{"href":"https:\/\/www.unioviedo.es\/IUOPA\/wp-json\/wp\/v2\/posts"}],"about":[{"href":"https:\/\/www.unioviedo.es\/IUOPA\/wp-json\/wp\/v2\/types\/post"}],"author":[{"embeddable":true,"href":"https:\/\/www.unioviedo.es\/IUOPA\/wp-json\/wp\/v2\/users\/1"}],"replies":[{"embeddable":true,"href":"https:\/\/www.unioviedo.es\/IUOPA\/wp-json\/wp\/v2\/comments?post=4622"}],"version-history":[{"count":2,"href":"https:\/\/www.unioviedo.es\/IUOPA\/wp-json\/wp\/v2\/posts\/4622\/revisions"}],"predecessor-version":[{"id":4625,"href":"https:\/\/www.unioviedo.es\/IUOPA\/wp-json\/wp\/v2\/posts\/4622\/revisions\/4625"}],"wp:featuredmedia":[{"embeddable":true,"href":"https:\/\/www.unioviedo.es\/IUOPA\/wp-json\/wp\/v2\/media\/4624"}],"wp:attachment":[{"href":"https:\/\/www.unioviedo.es\/IUOPA\/wp-json\/wp\/v2\/media?parent=4622"}],"wp:term":[{"taxonomy":"category","embeddable":true,"href":"https:\/\/www.unioviedo.es\/IUOPA\/wp-json\/wp\/v2\/categories?post=4622"},{"taxonomy":"post_tag","embeddable":true,"href":"https:\/\/www.unioviedo.es\/IUOPA\/wp-json\/wp\/v2\/tags?post=4622"}],"curies":[{"name":"wp","href":"https:\/\/api.w.org\/{rel}","templated":true}]}}