{"id":1343,"date":"2024-06-26T10:21:24","date_gmt":"2024-06-26T08:21:24","guid":{"rendered":"https:\/\/www.unioviedo.es\/ONEO\/?p=1343"},"modified":"2025-06-25T13:01:16","modified_gmt":"2025-06-25T11:01:16","slug":"becas-de-proyecto-unidos-de-la-fundacion-adecco","status":"publish","type":"post","link":"https:\/\/www.unioviedo.es\/ONEO\/index.php\/2024\/06\/26\/becas-de-proyecto-unidos-de-la-fundacion-adecco\/","title":{"rendered":"Becas de Proyecto Unidos de la Fundaci\u00f3n Adecco\u00a0"},"content":{"rendered":"<div class=\"wp-block-image\">\n<figure class=\"aligncenter size-full is-resized\"><img loading=\"lazy\" decoding=\"async\" width=\"376\" height=\"200\" src=\"https:\/\/www.unioviedo.es\/ONEO\/wp-content\/uploads\/2024\/06\/image-6.png\" alt=\"\" class=\"wp-image-1344\" style=\"width:293px;height:auto\" srcset=\"https:\/\/www.unioviedo.es\/ONEO\/wp-content\/uploads\/2024\/06\/image-6.png 376w, https:\/\/www.unioviedo.es\/ONEO\/wp-content\/uploads\/2024\/06\/image-6-300x160.png 300w\" sizes=\"auto, (max-width: 376px) 100vw, 376px\" \/><\/figure>\n<\/div>\n\n\n<p class=\"has-text-align-center\"><strong>Becas de Proyecto Unidos de la Fundaci\u00f3n Adecco:<\/strong>&nbsp;<strong><em>Programa de beca en FP, Grado o M\u00e1ster para estudiantes con discapacidad con la Fundaci\u00f3n Adecco.<\/em><\/strong><\/p>\n\n\n\n<p>La VIII edici\u00f3n de las Becas de Proyecto Unidos de la Fundaci\u00f3n Adecco tienen el prop\u00f3sito de lograr la inclusi\u00f3n laboral de las personas con discapacidad, fomentando la formaci\u00f3n en \u00e1reas con mayores salidas profesionales en el \u00e1mbito empresarial.\u00a0<\/p>\n\n\n\n<p>La convocatoria tiene dos modalidades: nuevos candidatos (\u2018Queremos conocerte\u2019) y beneficiarios de convocatorias anteriores (\u2018Queremos saber m\u00e1s de ti\u2019).&nbsp;&nbsp;<\/p>\n\n\n\n<p>En ambos casos la solicitud es la misma, pero la valoraci\u00f3n para ayudas de quienes ya hayan disfrutado de una beca se completar\u00e1 con una entrevista personal para detectar necesidades especiales que la persona pueda presentar y a las que puedan darse respuesta de manera complementaria.<\/p>\n\n\n\n<p>Fundaci\u00f3n Adecco adjudicar\u00e1 Becas para esta convocatoria hasta agotar un presupuesto de 300.000 euros.<\/p>\n\n\n\n<p>El plazo estar\u00e1 desde el 16 de junio hasta el 30 de septiembre de 2025 a las 18:00h.<\/p>\n\n\n\n<p class=\"has-text-align-center\"><a href=\"https:\/\/fundacionadecco.org\/becas-y-ayudas\/personas-discapacidad\/solicitud-becas-2025\/\" data-type=\"link\" data-id=\"https:\/\/fundacionadecco.org\/becas-y-ayudas\/personas-discapacidad\/solicitud-becas-2025\/\">https:\/\/fundacionadecco.org\/becas-y-ayudas\/personas-discapacidad\/solicitud-becas-2025\/<\/a><\/p>\n","protected":false},"excerpt":{"rendered":"<p>Becas de Proyecto Unidos de la Fundaci\u00f3n Adecco:&nbsp;Programa de beca en FP, Grado o M\u00e1ster para estudiantes con discapacidad con la Fundaci\u00f3n Adecco. La VIII edici\u00f3n de las Becas de Proyecto Unidos de la Fundaci\u00f3n Adecco tienen el prop\u00f3sito de lograr la inclusi\u00f3n laboral de las personas con discapacidad, fomentando la formaci\u00f3n en \u00e1reas con &hellip; <\/p>\n<p class=\"link-more\"><a href=\"https:\/\/www.unioviedo.es\/ONEO\/index.php\/2024\/06\/26\/becas-de-proyecto-unidos-de-la-fundacion-adecco\/\" class=\"more-link\">Continuar leyendo<span class=\"screen-reader-text\"> \u00abBecas de Proyecto Unidos de la Fundaci\u00f3n Adecco\u00a0\u00ab<\/span><\/a><\/p>\n","protected":false},"author":1,"featured_media":0,"comment_status":"closed","ping_status":"closed","sticky":false,"template":"","format":"standard","meta":{"_jetpack_memberships_contains_paid_content":false,"footnotes":""},"categories":[1],"tags":[22],"class_list":["post-1343","post","type-post","status-publish","format-standard","hentry","category-formacion-sensibilizacion","tag-becas"],"jetpack_featured_media_url":"","jetpack_sharing_enabled":true,"_links":{"self":[{"href":"https:\/\/www.unioviedo.es\/ONEO\/index.php\/wp-json\/wp\/v2\/posts\/1343","targetHints":{"allow":["GET"]}}],"collection":[{"href":"https:\/\/www.unioviedo.es\/ONEO\/index.php\/wp-json\/wp\/v2\/posts"}],"about":[{"href":"https:\/\/www.unioviedo.es\/ONEO\/index.php\/wp-json\/wp\/v2\/types\/post"}],"author":[{"embeddable":true,"href":"https:\/\/www.unioviedo.es\/ONEO\/index.php\/wp-json\/wp\/v2\/users\/1"}],"replies":[{"embeddable":true,"href":"https:\/\/www.unioviedo.es\/ONEO\/index.php\/wp-json\/wp\/v2\/comments?post=1343"}],"version-history":[{"count":8,"href":"https:\/\/www.unioviedo.es\/ONEO\/index.php\/wp-json\/wp\/v2\/posts\/1343\/revisions"}],"predecessor-version":[{"id":1451,"href":"https:\/\/www.unioviedo.es\/ONEO\/index.php\/wp-json\/wp\/v2\/posts\/1343\/revisions\/1451"}],"wp:attachment":[{"href":"https:\/\/www.unioviedo.es\/ONEO\/index.php\/wp-json\/wp\/v2\/media?parent=1343"}],"wp:term":[{"taxonomy":"category","embeddable":true,"href":"https:\/\/www.unioviedo.es\/ONEO\/index.php\/wp-json\/wp\/v2\/categories?post=1343"},{"taxonomy":"post_tag","embeddable":true,"href":"https:\/\/www.unioviedo.es\/ONEO\/index.php\/wp-json\/wp\/v2\/tags?post=1343"}],"curies":[{"name":"wp","href":"https:\/\/api.w.org\/{rel}","templated":true}]}}