{"id":1508,"date":"2026-03-10T14:05:32","date_gmt":"2026-03-10T13:05:32","guid":{"rendered":"https:\/\/www.unioviedo.es\/ONEO\/?p=1508"},"modified":"2026-03-23T13:47:45","modified_gmt":"2026-03-23T12:47:45","slug":"x-jornadas-de-universidad-e-inclusion","status":"publish","type":"post","link":"https:\/\/www.unioviedo.es\/ONEO\/index.php\/2026\/03\/10\/x-jornadas-de-universidad-e-inclusion\/","title":{"rendered":"X Jornadas de Universidad e Inclusi\u00f3n"},"content":{"rendered":"\n<p><a href=\"http:\/\/www.unioviedo.es\/ONEO\/wp-content\/uploads\/2026\/03\/Programa-X-Jornadas-Universidad-e-Inclusion-2026-DEFINITIVO.pdf\" data-type=\"link\" data-id=\"http:\/\/www.unioviedo.es\/ONEO\/wp-content\/uploads\/2026\/03\/Programa-X-Jornadas-Universidad-e-Inclusion-2026-DEFINITIVO.pdf\"><strong>Programa 2026\u00a0<\/strong> \u00a0<\/a>\/<a href=\"https:\/\/www.unioviedo.es\/ONEO\/wp-content\/uploads\/2026\/03\/Cartel-X-Jornadas-Universidad-e-Inclusion-2026.pdf\" data-type=\"attachment\" data-id=\"1494\"><strong>Cartel\u00a0X Jornadas 2026<\/strong><\/a>\/ <a href=\"https:\/\/forms.office.com\/e\/yH3J7TNQsY\" data-type=\"link\" data-id=\"https:\/\/forms.office.com\/e\/yH3J7TNQsY\"><strong>Inscripciones<\/strong><\/a><\/p>\n\n\n\n<p>La Universidad de Oviedo retoma las X Jornadas de Universidad e Inclusi\u00f3n, \u00abDise\u00f1o universal para el aprendizaje (DUA): Realidades y desaf\u00edos en la Universidad\u00bb, que se celebrar\u00e1n los d\u00edas 7 y  8 de abril de 2026, de 16:00 a 20:00 horas, en el Aula Magna del Edificio Hist\u00f3rico (Oviedo\/Uvi\u00e9u). <\/p>\n\n\n\n<p>Inscripciones gratuitas en  el siguiente enlace: &nbsp;<a href=\"https:\/\/forms.office.com\/e\/yH3J7TNQsY\">https:\/\/forms.office.com\/e\/yH3J7TNQsY<\/a>&nbsp;<\/p>\n\n\n\n<p><\/p>\n","protected":false},"excerpt":{"rendered":"<p>Programa 2026\u00a0 \u00a0\/Cartel\u00a0X Jornadas 2026\/ Inscripciones La Universidad de Oviedo retoma las X Jornadas de Universidad e Inclusi\u00f3n, \u00abDise\u00f1o universal para el aprendizaje (DUA): Realidades y desaf\u00edos en la Universidad\u00bb, que se celebrar\u00e1n los d\u00edas 7 y 8 de abril de 2026, de 16:00 a 20:00 horas, en el Aula Magna del Edificio Hist\u00f3rico (Oviedo\/Uvi\u00e9u). &hellip; <\/p>\n<p class=\"link-more\"><a href=\"https:\/\/www.unioviedo.es\/ONEO\/index.php\/2026\/03\/10\/x-jornadas-de-universidad-e-inclusion\/\" class=\"more-link\">Continuar leyendo<span class=\"screen-reader-text\"> \u00abX Jornadas de Universidad e Inclusi\u00f3n\u00bb<\/span><\/a><\/p>\n","protected":false},"author":1,"featured_media":0,"comment_status":"closed","ping_status":"closed","sticky":false,"template":"","format":"standard","meta":{"_jetpack_memberships_contains_paid_content":false,"footnotes":""},"categories":[1],"tags":[],"class_list":["post-1508","post","type-post","status-publish","format-standard","hentry","category-formacion-sensibilizacion"],"jetpack_featured_media_url":"","jetpack_sharing_enabled":true,"_links":{"self":[{"href":"https:\/\/www.unioviedo.es\/ONEO\/index.php\/wp-json\/wp\/v2\/posts\/1508","targetHints":{"allow":["GET"]}}],"collection":[{"href":"https:\/\/www.unioviedo.es\/ONEO\/index.php\/wp-json\/wp\/v2\/posts"}],"about":[{"href":"https:\/\/www.unioviedo.es\/ONEO\/index.php\/wp-json\/wp\/v2\/types\/post"}],"author":[{"embeddable":true,"href":"https:\/\/www.unioviedo.es\/ONEO\/index.php\/wp-json\/wp\/v2\/users\/1"}],"replies":[{"embeddable":true,"href":"https:\/\/www.unioviedo.es\/ONEO\/index.php\/wp-json\/wp\/v2\/comments?post=1508"}],"version-history":[{"count":10,"href":"https:\/\/www.unioviedo.es\/ONEO\/index.php\/wp-json\/wp\/v2\/posts\/1508\/revisions"}],"predecessor-version":[{"id":1527,"href":"https:\/\/www.unioviedo.es\/ONEO\/index.php\/wp-json\/wp\/v2\/posts\/1508\/revisions\/1527"}],"wp:attachment":[{"href":"https:\/\/www.unioviedo.es\/ONEO\/index.php\/wp-json\/wp\/v2\/media?parent=1508"}],"wp:term":[{"taxonomy":"category","embeddable":true,"href":"https:\/\/www.unioviedo.es\/ONEO\/index.php\/wp-json\/wp\/v2\/categories?post=1508"},{"taxonomy":"post_tag","embeddable":true,"href":"https:\/\/www.unioviedo.es\/ONEO\/index.php\/wp-json\/wp\/v2\/tags?post=1508"}],"curies":[{"name":"wp","href":"https:\/\/api.w.org\/{rel}","templated":true}]}}