{"id":750,"date":"2018-04-16T05:07:15","date_gmt":"2018-04-16T03:07:15","guid":{"rendered":"http:\/\/www.unioviedo.es\/ONEO\/?p=750"},"modified":"2018-04-16T05:07:47","modified_gmt":"2018-04-16T03:07:47","slug":"jornadas-de-universidad-e-inclusion","status":"publish","type":"post","link":"https:\/\/www.unioviedo.es\/ONEO\/index.php\/2018\/04\/16\/jornadas-de-universidad-e-inclusion\/","title":{"rendered":"IX Jornadas de Universidad e Inclusi\u00f3n"},"content":{"rendered":"<p><span style=\"color: #0000ff;\"><strong><a href=\"http:\/\/www.unioviedo.es\/ONEO\/wp-content\/uploads\/2017\/01\/IX-Jornadas-Universidad-e-Inclusi\u00f3n-Mof.-11.04.2018.pdf\"><span style=\"color: #0000ff;\">Programa 20<\/span><span style=\"color: #ff0000;\">18<\/span><\/a><span style=\"color: #ff0000;\">\u00a0<\/span><\/strong><\/span> \u00a0\/\u00a0<a href=\"http:\/\/www.unioviedo.es\/ONEO\/wp-content\/uploads\/2017\/09\/Cartel-IX-Jornadas-de-Universidad-e-Inclusi\u00f3n.pdf\"><span style=\"color: #0000ff;\"><strong>Cartel\u00a0IX Jornadas 20<\/strong><\/span><span style=\"color: #ff0000;\"><strong>18<\/strong><\/span><\/a><\/p>\n<p>Un a\u00f1o m\u00e1s, la Universidad de Oviedo organiza las IX Jornadas de Universidad e Inclusi\u00f3n, \u00abMujeres y diversidad \u00bfUn doble reto o m\u00e1s?\u00bb, que se celebrar\u00e1n los d\u00edas 16 y 17 de abril de 2018, de 16:00 a 20:00 horas, en el Aula Magna del Edificio Hist\u00f3rico (Oviedo\/Uvi\u00e9u). A la inauguraci\u00f3n, que presidir\u00e1 el rector, Santiago Garc\u00eda Granda, asistir\u00e1n la consejera de Servicios y Derechos Sociales del Principado de Asturias, Pilar Varela, y la presidenta del CERMI Asturias, M\u00f3nica Oviedo.<\/p>\n<p>En el marco de estas jornadas se inaugurar\u00e1 la exposici\u00f3n fotogr\u00e1fica \u00abYo mujer, t\u00fa c\u00f3mplice, ellas luchadoras\u00bb, organizada gracias a Plena Inclusi\u00f3n Asturias.<\/p>\n","protected":false},"excerpt":{"rendered":"<p>Programa 2018\u00a0 \u00a0\/\u00a0Cartel\u00a0IX Jornadas 2018 Un a\u00f1o m\u00e1s, la Universidad de Oviedo organiza las IX Jornadas de Universidad e Inclusi\u00f3n, \u00abMujeres y diversidad \u00bfUn doble reto o m\u00e1s?\u00bb, que se celebrar\u00e1n los d\u00edas 16 y 17 de abril de 2018, de 16:00 a 20:00 horas, en el Aula Magna del Edificio Hist\u00f3rico (Oviedo\/Uvi\u00e9u). A la &hellip; <\/p>\n<p class=\"link-more\"><a href=\"https:\/\/www.unioviedo.es\/ONEO\/index.php\/2018\/04\/16\/jornadas-de-universidad-e-inclusion\/\" class=\"more-link\">Continuar leyendo<span class=\"screen-reader-text\"> \u00abIX Jornadas de Universidad e Inclusi\u00f3n\u00bb<\/span><\/a><\/p>\n","protected":false},"author":1,"featured_media":0,"comment_status":"closed","ping_status":"closed","sticky":false,"template":"","format":"standard","meta":{"_jetpack_memberships_contains_paid_content":false,"footnotes":""},"categories":[1],"tags":[],"class_list":["post-750","post","type-post","status-publish","format-standard","hentry","category-formacion-sensibilizacion"],"jetpack_featured_media_url":"","jetpack_sharing_enabled":true,"_links":{"self":[{"href":"https:\/\/www.unioviedo.es\/ONEO\/index.php\/wp-json\/wp\/v2\/posts\/750","targetHints":{"allow":["GET"]}}],"collection":[{"href":"https:\/\/www.unioviedo.es\/ONEO\/index.php\/wp-json\/wp\/v2\/posts"}],"about":[{"href":"https:\/\/www.unioviedo.es\/ONEO\/index.php\/wp-json\/wp\/v2\/types\/post"}],"author":[{"embeddable":true,"href":"https:\/\/www.unioviedo.es\/ONEO\/index.php\/wp-json\/wp\/v2\/users\/1"}],"replies":[{"embeddable":true,"href":"https:\/\/www.unioviedo.es\/ONEO\/index.php\/wp-json\/wp\/v2\/comments?post=750"}],"version-history":[{"count":2,"href":"https:\/\/www.unioviedo.es\/ONEO\/index.php\/wp-json\/wp\/v2\/posts\/750\/revisions"}],"predecessor-version":[{"id":752,"href":"https:\/\/www.unioviedo.es\/ONEO\/index.php\/wp-json\/wp\/v2\/posts\/750\/revisions\/752"}],"wp:attachment":[{"href":"https:\/\/www.unioviedo.es\/ONEO\/index.php\/wp-json\/wp\/v2\/media?parent=750"}],"wp:term":[{"taxonomy":"category","embeddable":true,"href":"https:\/\/www.unioviedo.es\/ONEO\/index.php\/wp-json\/wp\/v2\/categories?post=750"},{"taxonomy":"post_tag","embeddable":true,"href":"https:\/\/www.unioviedo.es\/ONEO\/index.php\/wp-json\/wp\/v2\/tags?post=750"}],"curies":[{"name":"wp","href":"https:\/\/api.w.org\/{rel}","templated":true}]}}