{"id":907,"date":"2021-06-17T13:11:43","date_gmt":"2021-06-17T11:11:43","guid":{"rendered":"http:\/\/www.unioviedo.es\/ONEO\/?p=907"},"modified":"2022-12-07T14:27:48","modified_gmt":"2022-12-07T13:27:48","slug":"programa-reina-letizia-para-la-inclusion","status":"publish","type":"post","link":"https:\/\/www.unioviedo.es\/ONEO\/index.php\/2021\/06\/17\/programa-reina-letizia-para-la-inclusion\/","title":{"rendered":"Programa Reina Letizia para la Inclusi\u00f3n"},"content":{"rendered":"<p align=\"justify\">El Real Patronato sobre Discapacidad convoca el Programa Reina Letizia para la Inclusi\u00f3n, dirigido a promover la mejora de las condiciones educativas de las personas con discapacidad, prestando especial atenci\u00f3n a los aspectos relacionados con su desarrollo profesional y a la innovaci\u00f3n y la investigaci\u00f3n, mediante la concesi\u00f3n de ayudas directas a los beneficiarios.<\/p>\n<p align=\"justify\">El cr\u00e9dito disponible para esta convocatoria es de 3.500.000 \u20ac, y se tramitar\u00e1 anticipadamente con cargo a la aplicaci\u00f3n presupuestaria 29.102.231F.487 para el a\u00f1o 2023, del Real Patronato sobre Discapacidad.<\/p>\n<p align=\"justify\">El plazo de presentaci\u00f3n de las solicitudes: Un mes a partir del d\u00eda siguiente al de la publicaci\u00f3n de este extracto en el BOE (Martes 6 de diciembre de 2022).<\/p>\n<p align=\"justify\"><a href=\"_wp_link_placeholder\" data-wplink-edit=\"true\">Enlace Resoluci\u00f3n Convocatoria 2022<\/a><\/p>\n","protected":false},"excerpt":{"rendered":"<p>El Real Patronato sobre Discapacidad convoca el Programa Reina Letizia para la Inclusi\u00f3n, dirigido a promover la mejora de las condiciones educativas de las personas con discapacidad, prestando especial atenci\u00f3n a los aspectos relacionados con su desarrollo profesional y a la innovaci\u00f3n y la investigaci\u00f3n, mediante la concesi\u00f3n de ayudas directas a los beneficiarios. El &hellip; <\/p>\n<p class=\"link-more\"><a href=\"https:\/\/www.unioviedo.es\/ONEO\/index.php\/2021\/06\/17\/programa-reina-letizia-para-la-inclusion\/\" class=\"more-link\">Continuar leyendo<span class=\"screen-reader-text\"> \u00abPrograma Reina Letizia para la Inclusi\u00f3n\u00bb<\/span><\/a><\/p>\n","protected":false},"author":1,"featured_media":0,"comment_status":"closed","ping_status":"closed","sticky":false,"template":"","format":"standard","meta":{"_jetpack_memberships_contains_paid_content":false,"footnotes":""},"categories":[1],"tags":[],"class_list":["post-907","post","type-post","status-publish","format-standard","hentry","category-formacion-sensibilizacion"],"jetpack_featured_media_url":"","jetpack_sharing_enabled":true,"_links":{"self":[{"href":"https:\/\/www.unioviedo.es\/ONEO\/index.php\/wp-json\/wp\/v2\/posts\/907","targetHints":{"allow":["GET"]}}],"collection":[{"href":"https:\/\/www.unioviedo.es\/ONEO\/index.php\/wp-json\/wp\/v2\/posts"}],"about":[{"href":"https:\/\/www.unioviedo.es\/ONEO\/index.php\/wp-json\/wp\/v2\/types\/post"}],"author":[{"embeddable":true,"href":"https:\/\/www.unioviedo.es\/ONEO\/index.php\/wp-json\/wp\/v2\/users\/1"}],"replies":[{"embeddable":true,"href":"https:\/\/www.unioviedo.es\/ONEO\/index.php\/wp-json\/wp\/v2\/comments?post=907"}],"version-history":[{"count":5,"href":"https:\/\/www.unioviedo.es\/ONEO\/index.php\/wp-json\/wp\/v2\/posts\/907\/revisions"}],"predecessor-version":[{"id":1227,"href":"https:\/\/www.unioviedo.es\/ONEO\/index.php\/wp-json\/wp\/v2\/posts\/907\/revisions\/1227"}],"wp:attachment":[{"href":"https:\/\/www.unioviedo.es\/ONEO\/index.php\/wp-json\/wp\/v2\/media?parent=907"}],"wp:term":[{"taxonomy":"category","embeddable":true,"href":"https:\/\/www.unioviedo.es\/ONEO\/index.php\/wp-json\/wp\/v2\/categories?post=907"},{"taxonomy":"post_tag","embeddable":true,"href":"https:\/\/www.unioviedo.es\/ONEO\/index.php\/wp-json\/wp\/v2\/tags?post=907"}],"curies":[{"name":"wp","href":"https:\/\/api.w.org\/{rel}","templated":true}]}}