{"id":910,"date":"2021-10-01T13:16:38","date_gmt":"2021-10-01T11:16:38","guid":{"rendered":"http:\/\/www.unioviedo.es\/ONEO\/?p=910"},"modified":"2021-11-02T13:19:43","modified_gmt":"2021-11-02T12:19:43","slug":"taller-abriendo-puertas","status":"publish","type":"post","link":"https:\/\/www.unioviedo.es\/ONEO\/index.php\/2021\/10\/01\/taller-abriendo-puertas\/","title":{"rendered":"Taller \u00abAbriendo Puertas\u00bb"},"content":{"rendered":"<p><b><u>TALLER ABRIENDO PUERTAS<\/u><\/b><\/p>\n<p>Desde\u00a0<span class=\"mark9edg1fikq\" data-markjs=\"true\" data-ogac=\"\" data-ogab=\"\" data-ogsc=\"\" data-ogsb=\"\">Inserta<\/span>\u00a0Empleo (Fundaci\u00f3n ONCE), queremos acercar a los\/as\u00a0j\u00f3venes\u00a0universitarios con\u00a0discapacidad\u00a0con\u00a0actitud\u00a0proactiva\u00a0y motivaci\u00f3n,\u00a0menores de 30 a\u00f1os, la oportunidad de\u00a0desarrollar sus potencialidades de una forma innovadora.\u00a0\u00a1Atr\u00e9vete y vive una experiencia \u00fanica con la posibilidad de realizar Networking!<\/p>\n<p>Fecha l\u00edmite de preinscripci\u00f3n:\u00a018 de octubre de 2021.<\/p>\n<p>Fechas y lugar impartici\u00f3n taller:\u00a020 y 27 de octubre, \u00a003 y 11 de noviembre. En Oviedo, a 5 minutos de la estaci\u00f3n de autobuses y la estaci\u00f3n de tren.<\/p>\n<p>Horario taller:\u00a010:00 a 15:00h.<\/p>\n<p><a href=\"http:\/\/www.unioviedo.es\/ONEO\/wp-content\/uploads\/2017\/09\/Doc-Informativo-abriendopuertas-v02.pdf\">Documento\u00a0 Informativo Taller \u00abAbriendo puertas\u00bb<\/a><\/p>\n","protected":false},"excerpt":{"rendered":"<p>TALLER ABRIENDO PUERTAS Desde\u00a0Inserta\u00a0Empleo (Fundaci\u00f3n ONCE), queremos acercar a los\/as\u00a0j\u00f3venes\u00a0universitarios con\u00a0discapacidad\u00a0con\u00a0actitud\u00a0proactiva\u00a0y motivaci\u00f3n,\u00a0menores de 30 a\u00f1os, la oportunidad de\u00a0desarrollar sus potencialidades de una forma innovadora.\u00a0\u00a1Atr\u00e9vete y vive una experiencia \u00fanica con la posibilidad de realizar Networking! Fecha l\u00edmite de preinscripci\u00f3n:\u00a018 de octubre de 2021. Fechas y lugar impartici\u00f3n taller:\u00a020 y 27 de octubre, \u00a003 y 11 &hellip; <\/p>\n<p class=\"link-more\"><a href=\"https:\/\/www.unioviedo.es\/ONEO\/index.php\/2021\/10\/01\/taller-abriendo-puertas\/\" class=\"more-link\">Continuar leyendo<span class=\"screen-reader-text\"> \u00abTaller \u00abAbriendo Puertas\u00bb\u00bb<\/span><\/a><\/p>\n","protected":false},"author":1,"featured_media":0,"comment_status":"closed","ping_status":"closed","sticky":false,"template":"","format":"standard","meta":{"_jetpack_memberships_contains_paid_content":false,"footnotes":""},"categories":[1],"tags":[],"class_list":["post-910","post","type-post","status-publish","format-standard","hentry","category-formacion-sensibilizacion"],"jetpack_featured_media_url":"","jetpack_sharing_enabled":true,"_links":{"self":[{"href":"https:\/\/www.unioviedo.es\/ONEO\/index.php\/wp-json\/wp\/v2\/posts\/910","targetHints":{"allow":["GET"]}}],"collection":[{"href":"https:\/\/www.unioviedo.es\/ONEO\/index.php\/wp-json\/wp\/v2\/posts"}],"about":[{"href":"https:\/\/www.unioviedo.es\/ONEO\/index.php\/wp-json\/wp\/v2\/types\/post"}],"author":[{"embeddable":true,"href":"https:\/\/www.unioviedo.es\/ONEO\/index.php\/wp-json\/wp\/v2\/users\/1"}],"replies":[{"embeddable":true,"href":"https:\/\/www.unioviedo.es\/ONEO\/index.php\/wp-json\/wp\/v2\/comments?post=910"}],"version-history":[{"count":2,"href":"https:\/\/www.unioviedo.es\/ONEO\/index.php\/wp-json\/wp\/v2\/posts\/910\/revisions"}],"predecessor-version":[{"id":912,"href":"https:\/\/www.unioviedo.es\/ONEO\/index.php\/wp-json\/wp\/v2\/posts\/910\/revisions\/912"}],"wp:attachment":[{"href":"https:\/\/www.unioviedo.es\/ONEO\/index.php\/wp-json\/wp\/v2\/media?parent=910"}],"wp:term":[{"taxonomy":"category","embeddable":true,"href":"https:\/\/www.unioviedo.es\/ONEO\/index.php\/wp-json\/wp\/v2\/categories?post=910"},{"taxonomy":"post_tag","embeddable":true,"href":"https:\/\/www.unioviedo.es\/ONEO\/index.php\/wp-json\/wp\/v2\/tags?post=910"}],"curies":[{"name":"wp","href":"https:\/\/api.w.org\/{rel}","templated":true}]}}