{"id":1030,"date":"2022-01-18T22:47:36","date_gmt":"2022-01-18T21:47:36","guid":{"rendered":"http:\/\/www.unioviedo.es\/RUEI\/?p=1030"},"modified":"2022-01-18T22:47:37","modified_gmt":"2022-01-18T21:47:37","slug":"el-proximo-congreso-en-palma-de-mallorca-2022-alli-nos-veremos","status":"publish","type":"post","link":"https:\/\/www.unioviedo.es\/RUEI\/index.php\/2022\/01\/18\/el-proximo-congreso-en-palma-de-mallorca-2022-alli-nos-veremos\/","title":{"rendered":"El pr\u00f3ximo congreso en Palma de Mallorca, 2022 \u00a1All\u00ed nos veremos!"},"content":{"rendered":"\n<figure class=\"wp-block-image\"><img loading=\"lazy\" decoding=\"async\" width=\"1024\" height=\"359\" src=\"http:\/\/www.unioviedo.es\/RUEI\/wp-content\/uploads\/2022\/01\/Logo-Congreso-Palma-de-Mallorca-1024x359.jpg\" alt=\"Logo imagen congreso RUEI Palma\" class=\"wp-image-1031\" srcset=\"https:\/\/www.unioviedo.es\/RUEI\/wp-content\/uploads\/2022\/01\/Logo-Congreso-Palma-de-Mallorca-1024x359.jpg 1024w, https:\/\/www.unioviedo.es\/RUEI\/wp-content\/uploads\/2022\/01\/Logo-Congreso-Palma-de-Mallorca-300x105.jpg 300w, https:\/\/www.unioviedo.es\/RUEI\/wp-content\/uploads\/2022\/01\/Logo-Congreso-Palma-de-Mallorca-768x269.jpg 768w, https:\/\/www.unioviedo.es\/RUEI\/wp-content\/uploads\/2022\/01\/Logo-Congreso-Palma-de-Mallorca.jpg 1141w\" sizes=\"auto, (max-width: 1024px) 100vw, 1024px\" \/><\/figure>\n\n\n\n<p>Tras el complejo a\u00f1o de 2021, donde la pandemia de la COVID19 impidi\u00f3 realizar nuestro habitual encuentro, en este a\u00f1o 2022 nos volvemos a encontrar en Palma de Mallorca en el XVIII Congreso Internacional y XXXVIII Jornadas de Universidad y Educaci\u00f3n Inclusiva que tendr\u00e1 lugar los d\u00edas 5, 6 y 7 de abril de 2022. <br><\/p>\n\n\n\n<p>El Congreso lleva por t\u00edtulo \u00ab<em>Educaci\u00f3n inclusiva y praxis: caleidoscopio de oportunidades<\/em>\u00bb  <br><a href=\"https:\/\/agenda.uib.es\/75845\/detail\/xviii-congreso-internacional-y-xxxviii-jornadas-de-universidades-y-educacion-inclusiva..html\" target=\"_blank\" rel=\"noreferrer noopener\" aria-label=\"Enlace a la web del Congreso  (abre en una nueva pesta\u00f1a)\">Enlace a la web del Congreso <\/a><\/p>\n\n\n\n<p><\/p>\n","protected":false},"excerpt":{"rendered":"<p>Tras el complejo a\u00f1o de 2021, donde la pandemia de la COVID19 impidi\u00f3 realizar nuestro habitual encuentro, en este a\u00f1o&hellip;<\/p>\n","protected":false},"author":1,"featured_media":0,"comment_status":"closed","ping_status":"closed","sticky":false,"template":"","format":"standard","meta":{"footnotes":""},"categories":[1],"tags":[],"class_list":["post-1030","post","type-post","status-publish","format-standard","hentry","category-sin-categoria"],"_links":{"self":[{"href":"https:\/\/www.unioviedo.es\/RUEI\/index.php\/wp-json\/wp\/v2\/posts\/1030","targetHints":{"allow":["GET"]}}],"collection":[{"href":"https:\/\/www.unioviedo.es\/RUEI\/index.php\/wp-json\/wp\/v2\/posts"}],"about":[{"href":"https:\/\/www.unioviedo.es\/RUEI\/index.php\/wp-json\/wp\/v2\/types\/post"}],"author":[{"embeddable":true,"href":"https:\/\/www.unioviedo.es\/RUEI\/index.php\/wp-json\/wp\/v2\/users\/1"}],"replies":[{"embeddable":true,"href":"https:\/\/www.unioviedo.es\/RUEI\/index.php\/wp-json\/wp\/v2\/comments?post=1030"}],"version-history":[{"count":2,"href":"https:\/\/www.unioviedo.es\/RUEI\/index.php\/wp-json\/wp\/v2\/posts\/1030\/revisions"}],"predecessor-version":[{"id":1033,"href":"https:\/\/www.unioviedo.es\/RUEI\/index.php\/wp-json\/wp\/v2\/posts\/1030\/revisions\/1033"}],"wp:attachment":[{"href":"https:\/\/www.unioviedo.es\/RUEI\/index.php\/wp-json\/wp\/v2\/media?parent=1030"}],"wp:term":[{"taxonomy":"category","embeddable":true,"href":"https:\/\/www.unioviedo.es\/RUEI\/index.php\/wp-json\/wp\/v2\/categories?post=1030"},{"taxonomy":"post_tag","embeddable":true,"href":"https:\/\/www.unioviedo.es\/RUEI\/index.php\/wp-json\/wp\/v2\/tags?post=1030"}],"curies":[{"name":"wp","href":"https:\/\/api.w.org\/{rel}","templated":true}]}}