{"id":1090,"date":"2023-11-29T02:11:12","date_gmt":"2023-11-29T01:11:12","guid":{"rendered":"http:\/\/www.unioviedo.es\/RUEI\/?p=1090"},"modified":"2023-11-29T02:12:04","modified_gmt":"2023-11-29T01:12:04","slug":"el-proximo-congreso-sera-en-donostia-204-nos-volveremos-a-encontrar","status":"publish","type":"post","link":"https:\/\/www.unioviedo.es\/RUEI\/index.php\/2023\/11\/29\/el-proximo-congreso-sera-en-donostia-204-nos-volveremos-a-encontrar\/","title":{"rendered":"El pr\u00f3ximo congreso ser\u00e1 en Donostia, 2024 \u00a1Nos volveremos a encontrar!"},"content":{"rendered":"\n<figure class=\"wp-block-image\"><a href=\"https:\/\/www.inkluni.eus\/es\/\" target=\"_blank\" rel=\"noreferrer noopener\"><img loading=\"lazy\" decoding=\"async\" width=\"541\" height=\"829\" src=\"https:\/\/www.unioviedo.es\/RUEI\/wp-content\/uploads\/2023\/11\/Cartel-XIX-Congreso-Internacional-de-Ed.-Inclusiva-1.png\" alt=\"\" class=\"wp-image-1091\" srcset=\"https:\/\/www.unioviedo.es\/RUEI\/wp-content\/uploads\/2023\/11\/Cartel-XIX-Congreso-Internacional-de-Ed.-Inclusiva-1.png 541w, https:\/\/www.unioviedo.es\/RUEI\/wp-content\/uploads\/2023\/11\/Cartel-XIX-Congreso-Internacional-de-Ed.-Inclusiva-1-196x300.png 196w\" sizes=\"auto, (max-width: 541px) 100vw, 541px\" \/><\/a><\/figure>\n\n\n\n<p>En 2024, tendremos el XIX CONGRESO INTERNACIONAL Y XXXIX JORNADAS DE UNIVERSIDADES Y EDUCACI\u00d3N INCLUSIVA organizado por el Grupo de investigaci\u00f3n Inkluni (UPV\/EHU) y la RUEI. Tendr\u00e1 lugar en Donostia los d\u00edas 14 y 15 de marzo en la <a rel=\"noreferrer noopener\" aria-label=\"Facultad de Educaci\u00f3n, Filosof\u00eda y Antropolog\u00eda (abre en una nueva pesta\u00f1a)\" href=\"https:\/\/www.google.com\/maps\/place\/Facultad+de+Educaci%C3%B3n,+Filosof%C3%ADa+y+Antropolog%C3%ADa\/@43.3094366,-2.0119542,17z\/data=!4m6!3m5!1s0xd51b074893685f9:0x26d9654aa0888da8!8m2!3d43.307302!4d-2.0093693!16s%2Fg%2F11xbt1p69?entry=ttu\" target=\"_blank\">Facultad de Educaci\u00f3n, Filosof\u00eda y Antropolog\u00eda<\/a>.<\/p>\n\n\n\n<p>El Congreso lleva por t\u00edtulo \u00ab<em>Tejiendo redes inclusivas: escuela + comunidad + investigaci\u00f3n<\/em>\u00bb <br><a href=\"https:\/\/www.inkluni.eus\/es\/\" target=\"_blank\" rel=\"noreferrer noopener\" aria-label=\"Enlace a la web del Congreso  (abre en una nueva pesta\u00f1a)\">Enlace a la web del Congreso <\/a><\/p>\n","protected":false},"excerpt":{"rendered":"<p>En 2024, tendremos el XIX CONGRESO INTERNACIONAL Y XXXIX JORNADAS DE UNIVERSIDADES Y EDUCACI\u00d3N INCLUSIVA organizado por el Grupo de&hellip;<\/p>\n","protected":false},"author":1,"featured_media":0,"comment_status":"closed","ping_status":"closed","sticky":false,"template":"","format":"standard","meta":{"footnotes":""},"categories":[1],"tags":[],"class_list":["post-1090","post","type-post","status-publish","format-standard","hentry","category-sin-categoria"],"_links":{"self":[{"href":"https:\/\/www.unioviedo.es\/RUEI\/index.php\/wp-json\/wp\/v2\/posts\/1090","targetHints":{"allow":["GET"]}}],"collection":[{"href":"https:\/\/www.unioviedo.es\/RUEI\/index.php\/wp-json\/wp\/v2\/posts"}],"about":[{"href":"https:\/\/www.unioviedo.es\/RUEI\/index.php\/wp-json\/wp\/v2\/types\/post"}],"author":[{"embeddable":true,"href":"https:\/\/www.unioviedo.es\/RUEI\/index.php\/wp-json\/wp\/v2\/users\/1"}],"replies":[{"embeddable":true,"href":"https:\/\/www.unioviedo.es\/RUEI\/index.php\/wp-json\/wp\/v2\/comments?post=1090"}],"version-history":[{"count":2,"href":"https:\/\/www.unioviedo.es\/RUEI\/index.php\/wp-json\/wp\/v2\/posts\/1090\/revisions"}],"predecessor-version":[{"id":1093,"href":"https:\/\/www.unioviedo.es\/RUEI\/index.php\/wp-json\/wp\/v2\/posts\/1090\/revisions\/1093"}],"wp:attachment":[{"href":"https:\/\/www.unioviedo.es\/RUEI\/index.php\/wp-json\/wp\/v2\/media?parent=1090"}],"wp:term":[{"taxonomy":"category","embeddable":true,"href":"https:\/\/www.unioviedo.es\/RUEI\/index.php\/wp-json\/wp\/v2\/categories?post=1090"},{"taxonomy":"post_tag","embeddable":true,"href":"https:\/\/www.unioviedo.es\/RUEI\/index.php\/wp-json\/wp\/v2\/tags?post=1090"}],"curies":[{"name":"wp","href":"https:\/\/api.w.org\/{rel}","templated":true}]}}