{"id":49,"date":"2017-01-30T13:25:30","date_gmt":"2017-01-30T12:25:30","guid":{"rendered":"http:\/\/www.unioviedo.es\/RUEI\/?p=49"},"modified":"2019-04-16T10:13:31","modified_gmt":"2019-04-16T08:13:31","slug":"actualidad","status":"publish","type":"post","link":"https:\/\/www.unioviedo.es\/RUEI\/index.php\/2017\/01\/30\/actualidad\/","title":{"rendered":"Comienza a funcionar nuestra web"},"content":{"rendered":"\n<p>La Web de la RUEI se presenta en el marco del XVI Congreso Internacional y XXXVI Jornadas de Universidad y Educaci\u00f3n Inclusiva que tiene lugar los d\u00edas 8, 9 y 10 de abril en Salamanca.  <br>El Congreso lleva por t\u00edtulo \u00ab<em>Nuevos Retos para la Formaci\u00f3n del profesorado en Educaci\u00f3n Inclusiva<\/em>\u00bb  <br><a rel=\"noreferrer noopener\" href=\"https:\/\/diarium.usal.es\/jornadasuei19\/\" target=\"_blank\">Enlace a la web del Congreso<\/a> \/&nbsp; <a rel=\"noreferrer noopener\" href=\"http:\/\/www.unioviedo.es\/RUEI\/index.php\/album-de-fotos\/\" target=\"_blank\">Fotograf\u00edas Salamanca, 2019<\/a> <\/p>\n\n\n\n<p><\/p>\n","protected":false},"excerpt":{"rendered":"<p>La Web de la RUEI se presenta en el marco del XVI Congreso Internacional y XXXVI Jornadas de Universidad y&hellip;<\/p>\n","protected":false},"author":1,"featured_media":0,"comment_status":"closed","ping_status":"closed","sticky":false,"template":"","format":"standard","meta":{"footnotes":""},"categories":[1],"tags":[],"class_list":["post-49","post","type-post","status-publish","format-standard","hentry","category-sin-categoria"],"_links":{"self":[{"href":"https:\/\/www.unioviedo.es\/RUEI\/index.php\/wp-json\/wp\/v2\/posts\/49","targetHints":{"allow":["GET"]}}],"collection":[{"href":"https:\/\/www.unioviedo.es\/RUEI\/index.php\/wp-json\/wp\/v2\/posts"}],"about":[{"href":"https:\/\/www.unioviedo.es\/RUEI\/index.php\/wp-json\/wp\/v2\/types\/post"}],"author":[{"embeddable":true,"href":"https:\/\/www.unioviedo.es\/RUEI\/index.php\/wp-json\/wp\/v2\/users\/1"}],"replies":[{"embeddable":true,"href":"https:\/\/www.unioviedo.es\/RUEI\/index.php\/wp-json\/wp\/v2\/comments?post=49"}],"version-history":[{"count":14,"href":"https:\/\/www.unioviedo.es\/RUEI\/index.php\/wp-json\/wp\/v2\/posts\/49\/revisions"}],"predecessor-version":[{"id":578,"href":"https:\/\/www.unioviedo.es\/RUEI\/index.php\/wp-json\/wp\/v2\/posts\/49\/revisions\/578"}],"wp:attachment":[{"href":"https:\/\/www.unioviedo.es\/RUEI\/index.php\/wp-json\/wp\/v2\/media?parent=49"}],"wp:term":[{"taxonomy":"category","embeddable":true,"href":"https:\/\/www.unioviedo.es\/RUEI\/index.php\/wp-json\/wp\/v2\/categories?post=49"},{"taxonomy":"post_tag","embeddable":true,"href":"https:\/\/www.unioviedo.es\/RUEI\/index.php\/wp-json\/wp\/v2\/tags?post=49"}],"curies":[{"name":"wp","href":"https:\/\/api.w.org\/{rel}","templated":true}]}}