{"id":2207,"date":"2021-01-25T23:26:36","date_gmt":"2021-01-25T22:26:36","guid":{"rendered":"https:\/\/www.unioviedo.es\/SUBproducts4LIFE\/?p=2207"},"modified":"2023-06-30T08:47:56","modified_gmt":"2023-06-30T06:47:56","slug":"los-vecinos-reclaman-restaurar-la-antigua-mina-de-mercurio-de-vildeo-en-aller","status":"publish","type":"post","link":"https:\/\/www.unioviedo.es\/SUBproducts4LIFE\/los-vecinos-reclaman-restaurar-la-antigua-mina-de-mercurio-de-vildeo-en-aller\/","title":{"rendered":"Los vecinos reclaman restaurar la antigua mina de mercurio de Vildeo, en Aller"},"content":{"rendered":"<div class=\"fusion-fullwidth fullwidth-box fusion-builder-row-1 hundred-percent-fullwidth non-hundred-percent-height-scrolling\" style=\"background-color: rgba(255,255,255,0);background-position: center center;background-repeat: no-repeat;padding-top:0px;padding-right:0px;padding-bottom:0px;padding-left:0px;margin-bottom: 0px;margin-top: 0px;border-width: 0px 0px 0px 0px;border-color:#eae9e9;border-style:solid;\" ><div class=\"fusion-builder-row fusion-row\"><div class=\"fusion-layout-column fusion_builder_column fusion-builder-column-0 fusion_builder_column_1_1 1_1 fusion-one-full fusion-column-first fusion-column-last fusion-column-no-min-height\" style=\"margin-top:0px;margin-bottom:0px;\"><div class=\"fusion-column-wrapper fusion-flex-column-wrapper-legacy\" style=\"background-position:left top;background-repeat:no-repeat;-webkit-background-size:cover;-moz-background-size:cover;-o-background-size:cover;background-size:cover;padding: 0px 0px 0px 0px;\"><div class=\"fusion-text fusion-text-1\"><p>\u00bfQui\u00e9n se acuerda de la mina de mercurio de Vildeo (Pel\u00fagano, Aller)? Parece que las administraciones no. Colectivos vecinales del concejo reclaman que la antigua explotaci\u00f3n se incluya en los planes de rehabilitaci\u00f3n ambiental y descontaminaci\u00f3n previstos para las otras minas de la comarca: la de La Soterra\u00f1a (valle de Mu\u00f1\u00f3n, Lena) y El Terronal (Mieres).<\/p>\n<p>Se les asignar\u00e1 una inversi\u00f3n de diez millones de euros del Ministerio para la Transici\u00f3n Ecol\u00f3gica y el Reto Demogr\u00e1fico. Desde la entidad vecinal de Pel\u00fagano matizan que los an\u00e1lisis de agua en la localidad \u201cconfirman que no hay contaminaci\u00f3n\u201d.<\/p>\n<p>No es solo por la contaminaci\u00f3n. Vecinos de la zona apuntan al \u201cimpacto visual\u201d de las antiguas explotaciones de mercurio en el entorno de Vildeo. Todav\u00eda hoy, hay bocaminas abiertas y socavones que \u201cpueden ser un peligro para vecinos y senderistas\u201d. Adem\u00e1s, a pesar de que los an\u00e1lisis no indican peligro, el nacimiento del r\u00edo San Juli\u00e1n \u2013que desemboca en el r\u00edo Aller\u2013 est\u00e1 \u201cjusto por encima\u201d de esta explotaci\u00f3n.<\/p>\n<p>Una mina ahora olvidada, pero con mucha historia, con una actividad de extracci\u00f3n de mercurio que tiene sus or\u00edgenes a mediados del siglo XIX. Tras la renuncia de varias concesiones, las instalaciones fueron arrendadas a la Sociedad El Mercurio Asturiano. Esta compa\u00f1\u00eda complet\u00f3 la explotaci\u00f3n con hornos para la destilaci\u00f3n. La actividad se mantuvo hasta 1912.<\/p>\n<p>Quedaron sin uso hasta los a\u00f1os cincuenta del siglo pasado. Fue entonces cuando se retomaron los trabajos, tras hacerse cargo de las antiguas concesiones la Astur Belga de Minas. A partir de 1968, se acometi\u00f3 la electrificaci\u00f3n de la mina y profundizaron en tres pisos. El valor del mercurio se desplom\u00f3 en los a\u00f1os setenta y, como tambi\u00e9n ocurri\u00f3 en La Soterra\u00f1a y El Terronal, la mina allerana qued\u00f3 definitivamente abandonada. En 1999, seg\u00fan los documentos de la antigua explotaci\u00f3n, caducaron las concesiones de Astur Belga.<\/p>\n<p>\u201cNosotros intentamos reclamar su descontaminaci\u00f3n a\u00f1os m\u00e1s tarde, pero no lleg\u00f3 ning\u00fan proyecto\u201d, afirm\u00f3 ayer Eva Fern\u00e1ndez, presidenta de la asociaci\u00f3n de vecinos de Pel\u00fagano. Llama a la calma porque, a\u00f1adi\u00f3, \u201cmanejamos los an\u00e1lisis que se han hecho del suministro de agua y no hay contaminaci\u00f3n en el pueblo\u201d.<\/p>\n<p>Reclamaciones<\/p>\n<p>Pero s\u00ed podr\u00eda haberla en el entorno, seg\u00fan varios colectivos vecinales que han hecho llegar sus reclamaciones al Ayuntamiento. El primero en ponerlas sobre la mesa ha sido el concejal del grupo mixto, Juan Antonio del Pe\u00f1o, que ha presentado una moci\u00f3n para su debate en el pr\u00f3ximo Pleno. \u201cConscientes de los efectos letales del mercurio, incluso en peque\u00f1as cantidades, y a sabiendas de que en los concejos lim\u00edtrofes se van a llevar a cabo trabajos de descontaminaci\u00f3n, ha llegado el momento de que el Ayuntamiento de Aller reivindique labores similares para el municipio\u201d, se\u00f1ala el texto de la propuesta.<\/p>\n<p>La reclamaci\u00f3n es clara: solicitar al Gobierno del Principado de Asturias que elabore un estudio que \u201crevele y clarifique\u201d cu\u00e1l es la situaci\u00f3n de las minas de Vildeo. Tambi\u00e9n remitir dicha moci\u00f3n, si consigue los apoyos suficientes, \u201ca todos los grupos pol\u00edticos del Parlamento asturiano\u201d.<\/p>\n<p>Los vecinos consideran \u201cprioritario\u201d el citado estudio de la mina de Vildeo. \u201cEs imprescindible conocer el alcance real de los contaminantes que, con total seguridad, permanecen en el subsuelo\u201d, afirmaron. Una vez que el estudio est\u00e9 listo, la mina tendr\u00eda que entrar a formar parte de los proyectos de descontaminaci\u00f3n o recuperaci\u00f3n que est\u00e1n sobre la mesa. Su conclusi\u00f3n es rotunda: \u201cPrimero, la salud. No podemos arriesgarnos a tener terrenos contaminados en el concejo. Despu\u00e9s, el entorno. Si queremos que Aller sea un destino tur\u00edstico de referencia, tiene que estar a la altura\u201d.<\/p>\n<p><strong>Fuente: La Nueva Espa\u00f1a<\/strong><\/p>\n<p><a href=\"https:\/\/www.lne.es\/cuencas\/2021\/01\/25\/vecinos-reclaman-restaurar-antigua-mina-30845093.html\">Enlace a la noticia<\/a><\/p>\n<\/div><div class=\"fusion-button-wrapper\"><style type=\"text\/css\">.fusion-button.button-1 {border-radius:0px;}<\/style><a class=\"fusion-button button-flat fusion-button-default-size button-default button-1 fusion-button-default-span fusion-button-default-type\" target=\"_self\" href=\"http:\/\/www.unioviedo.es\/SUBproducts4LIFE\/wp-content\/uploads\/2023\/06\/25012021-La-Nueva-Espana-Soterrana.pdf\"><span class=\"fusion-button-text\">Descargar PDF<\/span><\/a><\/div><div class=\"fusion-clearfix\"><\/div><\/div><\/div><\/div><style type=\"text\/css\">.fusion-fullwidth.fusion-builder-row-1 { overflow:visible; }<\/style><\/div>\n","protected":false},"excerpt":{"rendered":"","protected":false},"author":1,"featured_media":2510,"comment_status":"closed","ping_status":"open","sticky":false,"template":"","format":"standard","meta":{"_mi_skip_tracking":false,"_monsterinsights_sitenote_active":false,"_monsterinsights_sitenote_note":"","_monsterinsights_sitenote_category":0},"categories":[5,4],"tags":[],"_links":{"self":[{"href":"https:\/\/www.unioviedo.es\/SUBproducts4LIFE\/wp-json\/wp\/v2\/posts\/2207"}],"collection":[{"href":"https:\/\/www.unioviedo.es\/SUBproducts4LIFE\/wp-json\/wp\/v2\/posts"}],"about":[{"href":"https:\/\/www.unioviedo.es\/SUBproducts4LIFE\/wp-json\/wp\/v2\/types\/post"}],"author":[{"embeddable":true,"href":"https:\/\/www.unioviedo.es\/SUBproducts4LIFE\/wp-json\/wp\/v2\/users\/1"}],"replies":[{"embeddable":true,"href":"https:\/\/www.unioviedo.es\/SUBproducts4LIFE\/wp-json\/wp\/v2\/comments?post=2207"}],"version-history":[{"count":6,"href":"https:\/\/www.unioviedo.es\/SUBproducts4LIFE\/wp-json\/wp\/v2\/posts\/2207\/revisions"}],"predecessor-version":[{"id":2859,"href":"https:\/\/www.unioviedo.es\/SUBproducts4LIFE\/wp-json\/wp\/v2\/posts\/2207\/revisions\/2859"}],"wp:featuredmedia":[{"embeddable":true,"href":"https:\/\/www.unioviedo.es\/SUBproducts4LIFE\/wp-json\/wp\/v2\/media\/2510"}],"wp:attachment":[{"href":"https:\/\/www.unioviedo.es\/SUBproducts4LIFE\/wp-json\/wp\/v2\/media?parent=2207"}],"wp:term":[{"taxonomy":"category","embeddable":true,"href":"https:\/\/www.unioviedo.es\/SUBproducts4LIFE\/wp-json\/wp\/v2\/categories?post=2207"},{"taxonomy":"post_tag","embeddable":true,"href":"https:\/\/www.unioviedo.es\/SUBproducts4LIFE\/wp-json\/wp\/v2\/tags?post=2207"}],"curies":[{"name":"wp","href":"https:\/\/api.w.org\/{rel}","templated":true}]}}