{"id":2215,"date":"2020-12-26T23:37:03","date_gmt":"2020-12-26T22:37:03","guid":{"rendered":"https:\/\/www.unioviedo.es\/SUBproducts4LIFE\/?p=2215"},"modified":"2023-07-14T09:27:50","modified_gmt":"2023-07-14T07:27:50","slug":"la-descontaminacion-de-la-antigua-mina-de-la-soterrana-en-lena-comenzara-a-principios-del-ano","status":"publish","type":"post","link":"https:\/\/www.unioviedo.es\/SUBproducts4LIFE\/la-descontaminacion-de-la-antigua-mina-de-la-soterrana-en-lena-comenzara-a-principios-del-ano\/","title":{"rendered":"La descontaminaci\u00f3n de la antigua mina de la Soterra\u00f1a, en Lena, comenzar\u00e1 a principios del a\u00f1o"},"content":{"rendered":"<div class=\"fusion-fullwidth fullwidth-box fusion-builder-row-1 hundred-percent-fullwidth non-hundred-percent-height-scrolling\" style=\"background-color: rgba(255,255,255,0);background-position: center center;background-repeat: no-repeat;padding-top:0px;padding-right:0px;padding-bottom:0px;padding-left:0px;margin-bottom: 0px;margin-top: 0px;border-width: 0px 0px 0px 0px;border-color:#eae9e9;border-style:solid;\" ><div class=\"fusion-builder-row fusion-row\"><div class=\"fusion-layout-column fusion_builder_column fusion-builder-column-0 fusion_builder_column_1_1 1_1 fusion-one-full fusion-column-first fusion-column-last fusion-column-no-min-height\" style=\"margin-top:0px;margin-bottom:0px;\"><div class=\"fusion-column-wrapper fusion-flex-column-wrapper-legacy\" style=\"background-position:left top;background-repeat:no-repeat;-webkit-background-size:cover;-moz-background-size:cover;-o-background-size:cover;background-size:cover;padding: 0px 0px 0px 0px;\"><div class=\"fusion-text fusion-text-1\"><p>La mina de La Soterra\u00f1a, la antigua explotaci\u00f3n de mercurio en el valle de Mu\u00f1\u00f3n (Lena), ya est\u00e1 lista para ser el escenario de una descontaminaci\u00f3n pionera en Europa. Los trabajos de campo en la zona, que guarda importantes niveles de mercurio y ars\u00e9nico en el subsuelo, ya est\u00e1n lo suficientemente avanzados para el siguiente paso del proyecto Subproducts4LIFE: la fijaci\u00f3n de esos contaminantes a trav\u00e9s de 20.000 toneladas de escoria y ceniza. \u201cEsperamos que est\u00e9 en marcha durante el primer trimestre del a\u00f1o\u201d, explic\u00f3 Estefan\u00eda D\u00edaz, responsable de la empresa Tecmim (encargada de la ejecuci\u00f3n de las obras). Si el plan funciona, como ya indican las pruebas del laboratorio, se replicar\u00e1 en explotaciones contaminadas de otros pa\u00edses europeos.<\/p>\n<p>Es una actuaci\u00f3n, sin duda, esperada. La mina de La Soterra\u00f1a lleva ya m\u00e1s de cuatro d\u00e9cadas sin actividad. En sus entra\u00f1as, cientos de trabajadores enfermaron por el contacto directo con los contaminantes. \u201cAlgunos sal\u00edan vomitando y enfermaban para siempre\u201d, afirman extrabajadores de la explotaci\u00f3n. El tiempo pasaba lento en sus entra\u00f1as, pero a finales de los a\u00f1os sesenta empez\u00f3 la decadencia de mina La Soterra\u00f1a. Seg\u00fan algunos testimonios, \u201cel precio del mercurio cay\u00f3 en picado, por el descenso de la demanda de este material. Un frasco, que hab\u00eda llegado a costar 30.000 pesetas, se qued\u00f3 en 4.000 pesetas. Aquello no era rentable\u201d. Comenzaron los despidos y, a principios de los setenta, la plantilla empez\u00f3 a sentir la tensi\u00f3n: \u201cEst\u00e1bamos nerviosos, pero no llegamos a hacer una huelga ni nada. Por aquel entonces hab\u00eda m\u00e1s trabajo\u201d. El candado luce en la puerta de entrada desde 1974. Y ya desde esa fecha, la de su cierre definitivo, los vecinos del valle de Mu\u00f1\u00f3n hab\u00edan reclamado en m\u00faltiples ocasiones su descontaminaci\u00f3n.<\/p>\n<p>Y la fe en conseguirlo empezaba a tambalearse. Hubo varios proyectos sobre la mesa, pero ninguno sali\u00f3 adelante. Al fin, en 2017, se present\u00f3 el programa Subproducts4LIFE. Est\u00e1 financiado por la Uni\u00f3n Europea y ser\u00e1 un trabajo en equipo. Cuenta con la colaboraci\u00f3n de empresas, como la ya citada Tecmim, y est\u00e1 encabezado por la Universidad de Oviedo. Tambi\u00e9n colaboran el Principado de Asturias y el Ayuntamiento de Lena. Es un plan ambicioso.<\/p>\n<p><strong>Materiales<\/strong><\/p>\n<p>Entre las antiguas instalaciones de la mina y el entorno se repartir\u00e1n 20.000 toneladas de subproductos para \u201cfijar\u201d los contaminantes al suelo. As\u00ed, evitar\u00e1n su expansi\u00f3n y lo m\u00e1s importante su paso a las aguas de escorrent\u00eda. Los subproductos llegar\u00e1n desde t\u00e9rmicas, cementeras y hornos de acer\u00edas de la regi\u00f3n.<\/p>\n<p>El plan va en tiempo, seg\u00fan los plazos marcados por Europa, aunque ha tenido que adaptarse a los tiempos dictados por la crisis sanitaria del coronavirus. \u201cEste a\u00f1o no se ha avanzado tanto como deber\u00eda, pero por razones bien justificadas\u201d, destac\u00f3 Estefan\u00eda D\u00edaz. A pesar de ello, el trabajo ha sido duro: se ha limpiado el entorno para preparar las antiguas instalaciones y se ha acondicionado el subsuelo para la llegada de las escorias.<\/p>\n<p>La mayor parte de los trabajos est\u00e1n previstos para la mina de La Soterra\u00f1a, aunque algunas pruebas se llevar\u00e1n a cabo en la antigua explotaci\u00f3n de La Terronal. Ubicada en Mieres, esta antigua mina tambi\u00e9n guarda importantes niveles de mercurio en su interior: \u201cEl objetivo ser\u00eda poder replicar este proyecto en m\u00e1s ocasiones, ya que est\u00e1 previsto que sea un \u00e9xito\u201d. Y no solo en Mieres. Tambi\u00e9n valoran llevar este m\u00e9todo de descontaminaci\u00f3n a otros pa\u00edses de Europa, como Alemania, Polonia o la Rep\u00fablica Checa, que cuentan con explotaciones de id\u00e9ntica problem\u00e1tica.<\/p>\n<p>Los responsables del proyecto europeo esperan ahora el acuerdo con las acer\u00edas y cementeras que surtir\u00e1n las escorias para comenzar con la siguiente fase, muy posiblemente a partir de enero. Los vecinos, en los \u00faltimos meses, no se han pronunciado sobre la actuaci\u00f3n. En un principio se mostraron reticentes, al considerar que podr\u00eda generar un grave impacto visual y ambiental en el valle. Ahora solo piden que el proyecto avance \u201ccon total transparencia\u201d.<\/p>\n<p><strong>Fuente: La Nueva Espa\u00f1a<\/strong><\/p>\n<p><a href=\"https:\/\/www.lne.es\/cuencas\/2020\/12\/26\/descontaminacion-antigua-mina-soterrana-lena-26740257.html\">Enlace a la noticia<\/a><\/p>\n<\/div><div class=\"fusion-button-wrapper\"><style type=\"text\/css\">.fusion-button.button-1 {border-radius:0px;}<\/style><a class=\"fusion-button button-flat fusion-button-default-size button-default button-1 fusion-button-default-span fusion-button-default-type\" target=\"_self\" href=\"http:\/\/www.unioviedo.es\/SUBproducts4LIFE\/wp-content\/uploads\/2023\/06\/26122020-La-Nueva-Espana-Soterrana.pdf\"><span class=\"fusion-button-text\">Descargar PDF<\/span><\/a><\/div><div class=\"fusion-clearfix\"><\/div><\/div><\/div><\/div><style type=\"text\/css\">.fusion-fullwidth.fusion-builder-row-1 { overflow:visible; }<\/style><\/div>\n","protected":false},"excerpt":{"rendered":"","protected":false},"author":1,"featured_media":2547,"comment_status":"closed","ping_status":"open","sticky":false,"template":"","format":"standard","meta":{"_mi_skip_tracking":false,"_monsterinsights_sitenote_active":false,"_monsterinsights_sitenote_note":"","_monsterinsights_sitenote_category":0},"categories":[5,4],"tags":[],"_links":{"self":[{"href":"https:\/\/www.unioviedo.es\/SUBproducts4LIFE\/wp-json\/wp\/v2\/posts\/2215"}],"collection":[{"href":"https:\/\/www.unioviedo.es\/SUBproducts4LIFE\/wp-json\/wp\/v2\/posts"}],"about":[{"href":"https:\/\/www.unioviedo.es\/SUBproducts4LIFE\/wp-json\/wp\/v2\/types\/post"}],"author":[{"embeddable":true,"href":"https:\/\/www.unioviedo.es\/SUBproducts4LIFE\/wp-json\/wp\/v2\/users\/1"}],"replies":[{"embeddable":true,"href":"https:\/\/www.unioviedo.es\/SUBproducts4LIFE\/wp-json\/wp\/v2\/comments?post=2215"}],"version-history":[{"count":4,"href":"https:\/\/www.unioviedo.es\/SUBproducts4LIFE\/wp-json\/wp\/v2\/posts\/2215\/revisions"}],"predecessor-version":[{"id":2888,"href":"https:\/\/www.unioviedo.es\/SUBproducts4LIFE\/wp-json\/wp\/v2\/posts\/2215\/revisions\/2888"}],"wp:featuredmedia":[{"embeddable":true,"href":"https:\/\/www.unioviedo.es\/SUBproducts4LIFE\/wp-json\/wp\/v2\/media\/2547"}],"wp:attachment":[{"href":"https:\/\/www.unioviedo.es\/SUBproducts4LIFE\/wp-json\/wp\/v2\/media?parent=2215"}],"wp:term":[{"taxonomy":"category","embeddable":true,"href":"https:\/\/www.unioviedo.es\/SUBproducts4LIFE\/wp-json\/wp\/v2\/categories?post=2215"},{"taxonomy":"post_tag","embeddable":true,"href":"https:\/\/www.unioviedo.es\/SUBproducts4LIFE\/wp-json\/wp\/v2\/tags?post=2215"}],"curies":[{"name":"wp","href":"https:\/\/api.w.org\/{rel}","templated":true}]}}