{"id":2232,"date":"2020-07-07T09:30:00","date_gmt":"2020-07-07T07:30:00","guid":{"rendered":"http:\/\/www.unioviedo.es\/SUBproducts4LIFE\/?p=2232"},"modified":"2023-07-14T09:32:12","modified_gmt":"2023-07-14T07:32:12","slug":"los-vecinos-reclaman-restaurar-la-antigua-mina-de-mercurio-de-vildeo-en-aller-duplicate-1","status":"publish","type":"post","link":"https:\/\/www.unioviedo.es\/SUBproducts4LIFE\/los-vecinos-reclaman-restaurar-la-antigua-mina-de-mercurio-de-vildeo-en-aller-duplicate-1\/","title":{"rendered":"La Soterra\u00f1a ya est\u00e1 lista para recibir los escombros que descontaminar\u00e1n el suelo"},"content":{"rendered":"<div class=\"fusion-fullwidth fullwidth-box fusion-builder-row-1 hundred-percent-fullwidth non-hundred-percent-height-scrolling\" style=\"background-color: rgba(255,255,255,0);background-position: center center;background-repeat: no-repeat;padding-top:0px;padding-right:0px;padding-bottom:0px;padding-left:0px;margin-bottom: 0px;margin-top: 0px;border-width: 0px 0px 0px 0px;border-color:#eae9e9;border-style:solid;\" ><div class=\"fusion-builder-row fusion-row\"><div class=\"fusion-layout-column fusion_builder_column fusion-builder-column-0 fusion_builder_column_1_1 1_1 fusion-one-full fusion-column-first fusion-column-last fusion-column-no-min-height\" style=\"margin-top:0px;margin-bottom:0px;\"><div class=\"fusion-column-wrapper fusion-flex-column-wrapper-legacy\" style=\"background-position:left top;background-repeat:no-repeat;-webkit-background-size:cover;-moz-background-size:cover;-o-background-size:cover;background-size:cover;padding: 0px 0px 0px 0px;\"><div class=\"fusion-text fusion-text-1\"><p>Paso definitivo para la \u00abdescontaminaci\u00f3n\u00bb de la mina de La Soterra\u00f1a, en Lena. La antigua explotaci\u00f3n lleva m\u00e1s de treinta a\u00f1os cerrada, pero a\u00fan guarda en sus entra\u00f1as restos de mercurio y ars\u00e9nico. Hace ya tres a\u00f1os que se present\u00f3 el proyecto europeo \u00abSubproducts 4LIFE\u00bb, que consistir\u00e1 en una \u00abfijaci\u00f3n\u00bb de los contaminantes para evitar su propagaci\u00f3n por el valle de Mu\u00f1\u00f3n -donde se ubica la explotaci\u00f3n-. El trabajo de campo sufri\u00f3 un retraso en los \u00faltimos meses, por la crisis sanitaria del covid-19, pero ya est\u00e1 listo para recibir los \u00absubproductos\u00bb que limpiar\u00e1n el suelo: un total de 20.000 toneladas de escombros y cenizas para tratar los contaminantes.<\/p>\n<p>Estefan\u00eda D\u00edaz es la directora t\u00e9cnica del proyecto, en el que participan la Universidad de Oviedo y la empresa Global Service. Tambi\u00e9n colaboran el Principado y el Ayuntamiento de Lena. Cuenta con una financiaci\u00f3n de 1,4 millones de euros, de los que el 60 por ciento est\u00e1n financiados desde la Uni\u00f3n Europea. Se trata de una \u00abdescontaminaci\u00f3n\u00bb, as\u00ed entre comillas, porque no se retirar\u00e1n los elementos contaminantes. Esas 20.000 toneladas de escoria y cenizas servir\u00e1n para \u00abfijar\u00bb al suelo los contaminantes y evitar que se propaguen o pasen al agua de escorrent\u00eda.<\/p>\n<p>Y la primera fase ya ha terminado. Seg\u00fan explic\u00f3 Estefan\u00eda D\u00edaz, se han ejecutado ya los trabajos previos para la recepci\u00f3n de los subproductos. Seg\u00fan explic\u00f3, \u00abse ha ejecutado la permeabilizaci\u00f3n, la ejecuci\u00f3n de cunetas, entre otras obras. Estamos esperando a que el Principado d\u00e9 el visto bueno para iniciar la recepci\u00f3n de los subproductos\u00bb.<\/p>\n<p>Un visto bueno muy esperado por el concejo de Lena, especialmente por los vecinos del valle de Mu\u00f1\u00f3n. Esta actuaci\u00f3n es pionera en Europa y ha dado buenos resultados en el laboratorio. Tambi\u00e9n se har\u00e1n pruebas en la mina de La Terronal, en Mieres. Si el plan resulta seg\u00fan lo previsto, se replicar\u00e1 en otras zonas de Europa con minas clausuradas que guardan en sus entra\u00f1as contaminantes. Por la mina de La Soterra\u00f1a pasaron centenares de trabajadores. Algunos murieron en el tajo, por la directa exposici\u00f3n a los contaminantes. Otros quedaron con secuelas para toda la vida.<\/p>\n<p><strong>Fuente: La Nueva Espa\u00f1a<\/strong><\/p>\n<p><a href=\"https:\/\/www.lne.es\/cuencas\/2020\/07\/07\/soterrana-lista-recibir-escombros-descontaminaran-14470531.html\">Enlace a la noticia<\/a><\/p>\n<\/div><div class=\"fusion-button-wrapper\"><style type=\"text\/css\">.fusion-button.button-1 {border-radius:0px;}<\/style><a class=\"fusion-button button-flat fusion-button-default-size button-default button-1 fusion-button-default-span fusion-button-default-type\" target=\"_self\" href=\"http:\/\/www.unioviedo.es\/SUBproducts4LIFE\/wp-content\/uploads\/2023\/06\/07072020-La-Nueva-Espana-Soterrana.pdf\"><span class=\"fusion-button-text\">Descargar PDF<\/span><\/a><\/div><div class=\"fusion-clearfix\"><\/div><\/div><\/div><\/div><style type=\"text\/css\">.fusion-fullwidth.fusion-builder-row-1 { overflow:visible; }<\/style><\/div>\n","protected":false},"excerpt":{"rendered":"","protected":false},"author":1,"featured_media":2571,"comment_status":"closed","ping_status":"open","sticky":false,"template":"","format":"standard","meta":{"_mi_skip_tracking":false,"_monsterinsights_sitenote_active":false,"_monsterinsights_sitenote_note":"","_monsterinsights_sitenote_category":0},"categories":[5,4],"tags":[],"_links":{"self":[{"href":"https:\/\/www.unioviedo.es\/SUBproducts4LIFE\/wp-json\/wp\/v2\/posts\/2232"}],"collection":[{"href":"https:\/\/www.unioviedo.es\/SUBproducts4LIFE\/wp-json\/wp\/v2\/posts"}],"about":[{"href":"https:\/\/www.unioviedo.es\/SUBproducts4LIFE\/wp-json\/wp\/v2\/types\/post"}],"author":[{"embeddable":true,"href":"https:\/\/www.unioviedo.es\/SUBproducts4LIFE\/wp-json\/wp\/v2\/users\/1"}],"replies":[{"embeddable":true,"href":"https:\/\/www.unioviedo.es\/SUBproducts4LIFE\/wp-json\/wp\/v2\/comments?post=2232"}],"version-history":[{"count":4,"href":"https:\/\/www.unioviedo.es\/SUBproducts4LIFE\/wp-json\/wp\/v2\/posts\/2232\/revisions"}],"predecessor-version":[{"id":2891,"href":"https:\/\/www.unioviedo.es\/SUBproducts4LIFE\/wp-json\/wp\/v2\/posts\/2232\/revisions\/2891"}],"wp:featuredmedia":[{"embeddable":true,"href":"https:\/\/www.unioviedo.es\/SUBproducts4LIFE\/wp-json\/wp\/v2\/media\/2571"}],"wp:attachment":[{"href":"https:\/\/www.unioviedo.es\/SUBproducts4LIFE\/wp-json\/wp\/v2\/media?parent=2232"}],"wp:term":[{"taxonomy":"category","embeddable":true,"href":"https:\/\/www.unioviedo.es\/SUBproducts4LIFE\/wp-json\/wp\/v2\/categories?post=2232"},{"taxonomy":"post_tag","embeddable":true,"href":"https:\/\/www.unioviedo.es\/SUBproducts4LIFE\/wp-json\/wp\/v2\/tags?post=2232"}],"curies":[{"name":"wp","href":"https:\/\/api.w.org\/{rel}","templated":true}]}}