{"id":2237,"date":"2020-04-08T09:34:53","date_gmt":"2020-04-08T07:34:53","guid":{"rendered":"http:\/\/www.unioviedo.es\/SUBproducts4LIFE\/?p=2237"},"modified":"2023-07-14T09:32:53","modified_gmt":"2023-07-14T07:32:53","slug":"la-soterrana-lista-para-descontaminar-cuando-todo-vuelva-a-la-normalidad","status":"publish","type":"post","link":"https:\/\/www.unioviedo.es\/SUBproducts4LIFE\/la-soterrana-lista-para-descontaminar-cuando-todo-vuelva-a-la-normalidad\/","title":{"rendered":"La Soterra\u00f1a, lista para descontaminar \u00abcuando todo vuelva a la normalidad\u00bb"},"content":{"rendered":"<div class=\"fusion-fullwidth fullwidth-box fusion-builder-row-1 hundred-percent-fullwidth non-hundred-percent-height-scrolling\" style=\"background-color: rgba(255,255,255,0);background-position: center center;background-repeat: no-repeat;padding-top:0px;padding-right:0px;padding-bottom:0px;padding-left:0px;margin-bottom: 0px;margin-top: 0px;border-width: 0px 0px 0px 0px;border-color:#eae9e9;border-style:solid;\" ><div class=\"fusion-builder-row fusion-row\"><div class=\"fusion-layout-column fusion_builder_column fusion-builder-column-0 fusion_builder_column_1_1 1_1 fusion-one-full fusion-column-first fusion-column-last fusion-column-no-min-height\" style=\"margin-top:0px;margin-bottom:0px;\"><div class=\"fusion-column-wrapper fusion-flex-column-wrapper-legacy\" style=\"background-position:left top;background-repeat:no-repeat;-webkit-background-size:cover;-moz-background-size:cover;-o-background-size:cover;background-size:cover;padding: 0px 0px 0px 0px;\"><div class=\"fusion-text fusion-text-1\"><p>La \u00abcontenci\u00f3n de los contaminantes\u00bb de la antigua mina de La Soterra\u00f1a, en el valle de Mu\u00f1\u00f3n (Lena), podr\u00e1 comenzar cuando se recupere la normalidad tras el estado de alarma derivado de la crisis sanitaria por el coronavirus. As\u00ed lo han asegurado responsables del proyecto europeo SubProducts4LIFE -dentro de la l\u00ednea del programa LIFE-, que cuenta con una inversi\u00f3n de 1,7 millones de euros. El objetivo es \u00abcontener\u00bb el avance de los contaminantes que guarda el subsuelo de la explotaci\u00f3n, cerrada hace m\u00e1s de veinte a\u00f1os, principalmente mercurio y ars\u00e9nico.<\/p>\n<p>Muchos fueron los trabajadores que perdieron la vida por su trabajo en La Soterra\u00f1a. Las narraciones m\u00e1s crudas hablan de hombres que \u00abvomitaban sangre\u00bb al salir de las entra\u00f1as de la mina. Otros notaron sus efectos mucho tiempo despu\u00e9s, y sus dolencias nunca fueron reconocidas como enfermedades de trabajo. Al cierre de La Soterra\u00f1a sigui\u00f3 una exigencia de los vecinos que a\u00fan se mantiene: la descontaminaci\u00f3n de los suelos.<\/p>\n<p>\u00abEste proyecto no es una descontaminaci\u00f3n como tal, sino una contenci\u00f3n de los contaminantes para evitar su propagaci\u00f3n\u00bb, han aclarado a este diario responsables del programa SubProductos4LIFE. En el plan participa la Universidad de Oviedo, Ayuntamiento de Lena, entidades p\u00fablicas y privadas. Es una iniciativa pionera en Europa y, si funciona, podr\u00e1 replicarse en otras explotaciones clausuradas en el Este de Europa.<\/p>\n<p>Es innovador, primero, por los materiales: incluye el uso de 20.000 toneladas de escoria y cenizas para \u00abfijar\u00bb esos contaminantes. Es decir, evitar que pasen al agua de escorrent\u00eda y que se distribuyan por el valle. Los subproductos llegar\u00e1n desde t\u00e9rmicas, cementeras y de acer\u00edas de la regi\u00f3n. Se utilizar\u00e1n cuatro tipos de \u00absubproductos\u00bb: cenizas de las t\u00e9rmicas y los yesos que se utilizan para eliminar el sulfuro de los humos de las centrales, tambi\u00e9n escorias de hornos altos y de cementeras.<\/p>\n<p>El proyecto ha dado \u00abmuy buenos resultados\u00bb en el laboratorio. Ahora es el momento de llevarlo pasar del ensayo \u00abal escenario\u00bb. La cronolog\u00eda del plan SubProducts4LIFE se ha visto retrasada, primero, por la farragosa tramitaci\u00f3n necesaria para trabajar en La Soterra\u00f1a. Una primera parte que parece ya solventada: \u00abEl trabajo previo de campo est\u00e1 ya culminado, lo que empezar\u00eda ahora ser\u00eda la primera fase de fijaci\u00f3n de los contaminantes\u00bb. Pero otro golpe a la actuaci\u00f3n. \u00abEl actual estado de alarma no permite que sigamos adelante, por el momento, con la planificaci\u00f3n inicialmente prevista. Esperamos retomar las labores lo antes posible\u00bb.<\/p>\n<p><strong>Transparencia<\/strong><\/p>\n<p>El proyecto europeo incluye una cl\u00e1usula de suma transparencia hacia el entorno y los vecinos. Extremo que, seg\u00fan los responsables del proyecto y las Administraciones regional y municipal, se est\u00e1 cumpliendo. No piensan igual los vecinos del valle de Mu\u00f1\u00f3n. Fuentes vecinales han afirmado a este diario que \u00abno nos han dicho absolutamente nada del momento en el que se encuentra el proyecto, solo sabemos lo que se publica en la prensa desde la presentaci\u00f3n p\u00fablica que se hizo ya hace dos veranos (en agosto de 2018)\u00bb. Tampoco, seg\u00fan su versi\u00f3n, sobre el posible impacto que generar\u00e1 en la zona: \u00abEst\u00e1n hablando de tratar la contaminaci\u00f3n con 20.000 toneladas de escoria. Queremos saber en qu\u00e9 situaci\u00f3n quedar\u00e1 el valle, que ya ha sufrido bastante\u00bb, clamaron.<\/p>\n<p><strong>Fuente: La Nueva Espa\u00f1a<\/strong><\/p>\n<p><a href=\"https:\/\/www.lne.es\/cuencas\/2020\/04\/08\/soterrana-lista-descontaminar-vuelva-normalidad-14666941.html\">Enlace a la noticia<\/a><\/p>\n<\/div><div class=\"fusion-button-wrapper\"><style type=\"text\/css\">.fusion-button.button-1 {border-radius:0px;}<\/style><a class=\"fusion-button button-flat fusion-button-default-size button-default button-1 fusion-button-default-span fusion-button-default-type\" target=\"_self\" href=\"http:\/\/www.unioviedo.es\/SUBproducts4LIFE\/wp-content\/uploads\/2023\/06\/08042020-La-Nueva-Espana-Soterrana.pdf\"><span class=\"fusion-button-text\">Descargar PDF<\/span><\/a><\/div><div class=\"fusion-clearfix\"><\/div><\/div><\/div><\/div><style type=\"text\/css\">.fusion-fullwidth.fusion-builder-row-1 { overflow:visible; }<\/style><\/div>\n","protected":false},"excerpt":{"rendered":"","protected":false},"author":1,"featured_media":2558,"comment_status":"closed","ping_status":"open","sticky":false,"template":"","format":"standard","meta":{"_mi_skip_tracking":false,"_monsterinsights_sitenote_active":false,"_monsterinsights_sitenote_note":"","_monsterinsights_sitenote_category":0},"categories":[5,4],"tags":[],"_links":{"self":[{"href":"https:\/\/www.unioviedo.es\/SUBproducts4LIFE\/wp-json\/wp\/v2\/posts\/2237"}],"collection":[{"href":"https:\/\/www.unioviedo.es\/SUBproducts4LIFE\/wp-json\/wp\/v2\/posts"}],"about":[{"href":"https:\/\/www.unioviedo.es\/SUBproducts4LIFE\/wp-json\/wp\/v2\/types\/post"}],"author":[{"embeddable":true,"href":"https:\/\/www.unioviedo.es\/SUBproducts4LIFE\/wp-json\/wp\/v2\/users\/1"}],"replies":[{"embeddable":true,"href":"https:\/\/www.unioviedo.es\/SUBproducts4LIFE\/wp-json\/wp\/v2\/comments?post=2237"}],"version-history":[{"count":5,"href":"https:\/\/www.unioviedo.es\/SUBproducts4LIFE\/wp-json\/wp\/v2\/posts\/2237\/revisions"}],"predecessor-version":[{"id":2892,"href":"https:\/\/www.unioviedo.es\/SUBproducts4LIFE\/wp-json\/wp\/v2\/posts\/2237\/revisions\/2892"}],"wp:featuredmedia":[{"embeddable":true,"href":"https:\/\/www.unioviedo.es\/SUBproducts4LIFE\/wp-json\/wp\/v2\/media\/2558"}],"wp:attachment":[{"href":"https:\/\/www.unioviedo.es\/SUBproducts4LIFE\/wp-json\/wp\/v2\/media?parent=2237"}],"wp:term":[{"taxonomy":"category","embeddable":true,"href":"https:\/\/www.unioviedo.es\/SUBproducts4LIFE\/wp-json\/wp\/v2\/categories?post=2237"},{"taxonomy":"post_tag","embeddable":true,"href":"https:\/\/www.unioviedo.es\/SUBproducts4LIFE\/wp-json\/wp\/v2\/tags?post=2237"}],"curies":[{"name":"wp","href":"https:\/\/api.w.org\/{rel}","templated":true}]}}