{"id":2252,"date":"2019-08-06T10:08:56","date_gmt":"2019-08-06T08:08:56","guid":{"rendered":"http:\/\/www.unioviedo.es\/SUBproducts4LIFE\/?p=2252"},"modified":"2023-07-14T09:35:19","modified_gmt":"2023-07-14T07:35:19","slug":"los-vecinos-temen-que-los-aridos-para-limpiar-la-soterrana-sean-daninos","status":"publish","type":"post","link":"https:\/\/www.unioviedo.es\/SUBproducts4LIFE\/los-vecinos-temen-que-los-aridos-para-limpiar-la-soterrana-sean-daninos\/","title":{"rendered":"Los vecinos temen que los \u00e1ridos para limpiar La Soterra\u00f1a sean da\u00f1inos"},"content":{"rendered":"<div class=\"fusion-fullwidth fullwidth-box fusion-builder-row-1 hundred-percent-fullwidth non-hundred-percent-height-scrolling\" style=\"background-color: rgba(255,255,255,0);background-position: center center;background-repeat: no-repeat;padding-top:0px;padding-right:0px;padding-bottom:0px;padding-left:0px;margin-bottom: 0px;margin-top: 0px;border-width: 0px 0px 0px 0px;border-color:#eae9e9;border-style:solid;\" ><div class=\"fusion-builder-row fusion-row\"><div class=\"fusion-layout-column fusion_builder_column fusion-builder-column-0 fusion_builder_column_1_1 1_1 fusion-one-full fusion-column-first fusion-column-last fusion-column-no-min-height\" style=\"margin-top:0px;margin-bottom:0px;\"><div class=\"fusion-column-wrapper fusion-flex-column-wrapper-legacy\" style=\"background-position:left top;background-repeat:no-repeat;-webkit-background-size:cover;-moz-background-size:cover;-o-background-size:cover;background-size:cover;padding: 0px 0px 0px 0px;\"><div class=\"fusion-text fusion-text-1\"><p>Ya se han iniciado las labores para proceder a la descontaminaci\u00f3n de la antigua mina de mercurio de La Soterra\u00f1a, en Lena. Se trata de un proyecto liderado por la Universidad de Oviedo, que cuenta con un presupuesto de 1,4 millones de euros y va a utilizar una t\u00e9cnica pionera: se utilizar\u00e1n materiales residuales de empresas asturianas como escoria de alto horno, yesos, cenizas de t\u00e9rmica y restos de la fabricaci\u00f3n de cemento para \u00abcaptar y retener\u00bb los elementos contaminantes. \u00bfY qu\u00e9 efectos puede tener este experimento en la zona y en sus habitantes? Es la preocupaci\u00f3n que representantes de vecinos y de asociaciones de Mu\u00f1\u00f3n Cimero han trasladado por registro al Ayuntamiento de Lena, reclamando informaci\u00f3n sobre este proyecto y su impacto en quienes residen cerca de la antigua explotaci\u00f3n.<\/p>\n<p>Desde los colectivos se indicaba ayer que han esperado al inicio de los trabajos para comprobar si alguien del proyecto o del Consistorio convocaba una reuni\u00f3n para dar informaci\u00f3n de primera mano; no ha sido as\u00ed, por eso han remitido un escrito reclamando informaci\u00f3n, que ya ha recibido respuesta municipal. En la misiva recibida se se\u00f1ala que es la propia Universidad la que tiene que ofrecer los datos solicitados, \u00abdado que la gesti\u00f3n y coordinaci\u00f3n de este proyecto\u00bb corresponde a la instituci\u00f3n acad\u00e9mica.<\/p>\n<p>Pero son m\u00e1s datos lo que piden los vecinos de la zona; adem\u00e1s de que se garantice la seguridad de los \u00e1ridos que se utilicen en la iniciativa, se pide saber qu\u00e9 parcelas van a ser objeto del programa de descontaminaci\u00f3n. Tambi\u00e9n se exige que se cierre el per\u00edmetro del terreno contaminado. Otro de los temores es que pueda haber material radiactivo y se insta a hacer pruebas al respecto para descartar totalmente esta posibilidad.<\/p>\n<p><strong>Reclaman un cierre perimetral de la antigua explotaci\u00f3n que tiene mercurio y ars\u00e9nico<\/strong><\/p>\n<p>Estefan\u00eda D\u00edaz, directora t\u00e9cnica responsable del proyecto para descontaminar la antigua mina de mercurio, se\u00f1alaba recientemente que la idea es aplicar los posibles usos de lo que denominan &#8216;subproductos&#8217; para contener el mercurio y el ars\u00e9nico que se produc\u00eda en esta instalaci\u00f3n. Los ensayos, posteriormente, se quieren trasladar a la vieja explotaci\u00f3n de El Terronal, en Mieres. Se trata de las actuaciones asociadas al proyecto SUBproducts4LIFE.<\/p>\n<p>La iniciativa est\u00e1 coordinada por la instituci\u00f3n acad\u00e9mica asturiana y financiada dentro de la convocatoria de 2016 del Programa LIFE de la Comisi\u00f3n Europea en el \u00e1rea de medioambiente y uso eficiente de los recursos. Liv Brandt, una de las responsables de la investigaci\u00f3n, aseguraba que va a ser una zona m\u00e1s segura para los vecinos que viven cerca de esta zona. Pero ellos no se f\u00edan.<\/p>\n<p>De toda formas, los colectivos consideran que esta actuaci\u00f3n es insuficiente. Explican que es precisa una actuaci\u00f3n m\u00e1s en profundidad para limpiar la parcela. Esta mina funcion\u00f3 desde 1950 hasta 1974 y est\u00e1 afectada por la contaminaci\u00f3n de metales como el ars\u00e9nico y el mercurio.<\/p>\n<p><strong>Futura explotaci\u00f3n<\/strong><\/p>\n<p>Otro de los temas que preocupa a la comunidad vecinal, y mucho, es el plan de investigaci\u00f3n previsto para el Aramo en busca de oro, plata, bario, bismuto, cobalto, cobre, fluorita, n\u00edquel y mercurio entre los concejos de Lena, Morc\u00edn, Quir\u00f3s, Riosa y Proaza por una empresa minera asociada a un fondo de inversi\u00f3n. \u00abQue no nos enga\u00f1en, el mercurio solo se encuentra en esta zona y puede que vuelvan a extraerlo\u00bb, se\u00f1alan desde la poblaci\u00f3n.<\/p>\n<p><strong>Fuente: El Comercio<\/strong><\/p>\n<p><a href=\"https:\/\/www.elcomercio.es\/asturias\/cuencas\/vecinos-temen-aridos-20190806001113-ntvo.html\">Enlace a la noticia<\/a><\/p>\n<\/div><div class=\"fusion-button-wrapper\"><style type=\"text\/css\">.fusion-button.button-1 {border-radius:0px;}<\/style><a class=\"fusion-button button-flat fusion-button-default-size button-default button-1 fusion-button-default-span fusion-button-default-type\" target=\"_self\" href=\"http:\/\/www.unioviedo.es\/SUBproducts4LIFE\/wp-content\/uploads\/2023\/06\/06082019-El-Comercio-Soterrana.pdf\"><span class=\"fusion-button-text\">Descargar PDF<\/span><\/a><\/div><div class=\"fusion-clearfix\"><\/div><\/div><\/div><\/div><style type=\"text\/css\">.fusion-fullwidth.fusion-builder-row-1 { overflow:visible; }<\/style><\/div>\n","protected":false},"excerpt":{"rendered":"","protected":false},"author":1,"featured_media":2588,"comment_status":"closed","ping_status":"open","sticky":false,"template":"","format":"standard","meta":{"_mi_skip_tracking":false,"_monsterinsights_sitenote_active":false,"_monsterinsights_sitenote_note":"","_monsterinsights_sitenote_category":0},"categories":[5,4],"tags":[],"_links":{"self":[{"href":"https:\/\/www.unioviedo.es\/SUBproducts4LIFE\/wp-json\/wp\/v2\/posts\/2252"}],"collection":[{"href":"https:\/\/www.unioviedo.es\/SUBproducts4LIFE\/wp-json\/wp\/v2\/posts"}],"about":[{"href":"https:\/\/www.unioviedo.es\/SUBproducts4LIFE\/wp-json\/wp\/v2\/types\/post"}],"author":[{"embeddable":true,"href":"https:\/\/www.unioviedo.es\/SUBproducts4LIFE\/wp-json\/wp\/v2\/users\/1"}],"replies":[{"embeddable":true,"href":"https:\/\/www.unioviedo.es\/SUBproducts4LIFE\/wp-json\/wp\/v2\/comments?post=2252"}],"version-history":[{"count":6,"href":"https:\/\/www.unioviedo.es\/SUBproducts4LIFE\/wp-json\/wp\/v2\/posts\/2252\/revisions"}],"predecessor-version":[{"id":2895,"href":"https:\/\/www.unioviedo.es\/SUBproducts4LIFE\/wp-json\/wp\/v2\/posts\/2252\/revisions\/2895"}],"wp:featuredmedia":[{"embeddable":true,"href":"https:\/\/www.unioviedo.es\/SUBproducts4LIFE\/wp-json\/wp\/v2\/media\/2588"}],"wp:attachment":[{"href":"https:\/\/www.unioviedo.es\/SUBproducts4LIFE\/wp-json\/wp\/v2\/media?parent=2252"}],"wp:term":[{"taxonomy":"category","embeddable":true,"href":"https:\/\/www.unioviedo.es\/SUBproducts4LIFE\/wp-json\/wp\/v2\/categories?post=2252"},{"taxonomy":"post_tag","embeddable":true,"href":"https:\/\/www.unioviedo.es\/SUBproducts4LIFE\/wp-json\/wp\/v2\/tags?post=2252"}],"curies":[{"name":"wp","href":"https:\/\/api.w.org\/{rel}","templated":true}]}}