{"id":2264,"date":"2019-07-11T10:25:24","date_gmt":"2019-07-11T08:25:24","guid":{"rendered":"http:\/\/www.unioviedo.es\/SUBproducts4LIFE\/?p=2264"},"modified":"2023-07-14T09:37:22","modified_gmt":"2023-07-14T07:37:22","slug":"la-mina-de-la-soterrana-banco-de-pruebas-para-la-descontaminacion-de-mercurio-y-arsenico","status":"publish","type":"post","link":"https:\/\/www.unioviedo.es\/SUBproducts4LIFE\/la-mina-de-la-soterrana-banco-de-pruebas-para-la-descontaminacion-de-mercurio-y-arsenico\/","title":{"rendered":"La mina de La Soterra\u00f1a, banco de pruebas para la descontaminaci\u00f3n de mercurio y ars\u00e9nico"},"content":{"rendered":"<div class=\"fusion-fullwidth fullwidth-box fusion-builder-row-1 hundred-percent-fullwidth non-hundred-percent-height-scrolling\" style=\"background-color: rgba(255,255,255,0);background-position: center center;background-repeat: no-repeat;padding-top:0px;padding-right:0px;padding-bottom:0px;padding-left:0px;margin-bottom: 0px;margin-top: 0px;border-width: 0px 0px 0px 0px;border-color:#eae9e9;border-style:solid;\" ><div class=\"fusion-builder-row fusion-row\"><div class=\"fusion-layout-column fusion_builder_column fusion-builder-column-0 fusion_builder_column_1_1 1_1 fusion-one-full fusion-column-first fusion-column-last fusion-column-no-min-height\" style=\"margin-top:0px;margin-bottom:0px;\"><div class=\"fusion-column-wrapper fusion-flex-column-wrapper-legacy\" style=\"background-position:left top;background-repeat:no-repeat;-webkit-background-size:cover;-moz-background-size:cover;-o-background-size:cover;background-size:cover;padding: 0px 0px 0px 0px;\"><div class=\"fusion-text fusion-text-1\"><p>Esta ma\u00f1ana se ha desarrollado la\u00a0<strong>inauguraci\u00f3n oficial de las obras preliminares de la mina de La Soterra\u00f1a<\/strong>, en las que un consorcio liderado por la\u00a0<strong>Universidad de Oviedo<\/strong>\u00a0inici\u00f3 en junio como punto de partida para las actuaciones asociadas al Proyecto SUBproducts4LIFE. El proyecto est\u00e1 coordinado por la instituci\u00f3n acad\u00e9mica asturiana y financiado dentro de la convocatoria de 2016 del Programa LIFE de la Comisi\u00f3n Europea en el\u00a0<strong>\u00e1rea de Medioambiente y uso eficiente de los recursos<\/strong>. Cuenta con una financiaci\u00f3n del 60 % del presupuesto total de 1.470.296 euros, as\u00ed como la cofinanciaci\u00f3n del\u00a0<strong>Ayuntamiento de Lena<\/strong>. \u00abVa a ser una zona m\u00e1s segura para los vecinos que viven cerca de esta zona\u00bb, afirm\u00f3 Liv Brandt, una de las responsables del proyecto.<\/p>\n<p>La actuaci\u00f3n se centrar\u00e1 en la utilizaci\u00f3n de &#8216;subproductos&#8217; -que son materiales residuales de empresas asturianas como escoria de alto horno, yesos, cenizas de t\u00e9rmica o restos de la fabricaci\u00f3n de cemento- para \u00abcaptar y retener\u00bb los elementos contaminantes que se encuentran en esta antigua explotaci\u00f3n, como son el mercurio y el ars\u00e9nico. Los primeros trabajos se centran en adecuar el terreno para su posterior tratamiento y se calcula que podr\u00edan durar unos seis meses. Corren a cargo de personal especializado de la empresa Global Service.<\/p>\n<p>Se trata de una t\u00e9cnica experimental que se desarrollar\u00e1 durante cuatro a\u00f1os, aproximadamente, gracias a una subvenci\u00f3n europea del programa medioambiental Life por un importe de 1,4 millones de euros. No se mover\u00e1 la tierra contaminada sino que se controlar\u00e1 su efecto negativo, tratando de evitar que los metales pesados, por la acci\u00f3n del agua, se dispersen por los terrenos cercanos, que es una de las quejas de los vecinos de la zona.<\/p>\n<p><strong>Fuente: El Comercio<\/strong><\/p>\n<p><a href=\"https:\/\/www.elcomercio.es\/asturias\/cuencas\/mina-soterrana-banco-20190711160432-nt.html\">Enlace a la noticia<\/a><\/p>\n<\/div><div class=\"fusion-button-wrapper\"><style type=\"text\/css\">.fusion-button.button-1 {border-radius:0px;}<\/style><a class=\"fusion-button button-flat fusion-button-default-size button-default button-1 fusion-button-default-span fusion-button-default-type\" target=\"_self\" href=\"http:\/\/www.unioviedo.es\/SUBproducts4LIFE\/wp-content\/uploads\/2023\/06\/11072019-El-Comercio-Soterrana.pdf\"><span class=\"fusion-button-text\">Descargar PDF<\/span><\/a><\/div><div class=\"fusion-clearfix\"><\/div><\/div><\/div><\/div><style type=\"text\/css\">.fusion-fullwidth.fusion-builder-row-1 { overflow:visible; }<\/style><\/div>\n","protected":false},"excerpt":{"rendered":"","protected":false},"author":1,"featured_media":2602,"comment_status":"closed","ping_status":"open","sticky":false,"template":"","format":"standard","meta":{"_mi_skip_tracking":false,"_monsterinsights_sitenote_active":false,"_monsterinsights_sitenote_note":"","_monsterinsights_sitenote_category":0},"categories":[5,4],"tags":[],"_links":{"self":[{"href":"https:\/\/www.unioviedo.es\/SUBproducts4LIFE\/wp-json\/wp\/v2\/posts\/2264"}],"collection":[{"href":"https:\/\/www.unioviedo.es\/SUBproducts4LIFE\/wp-json\/wp\/v2\/posts"}],"about":[{"href":"https:\/\/www.unioviedo.es\/SUBproducts4LIFE\/wp-json\/wp\/v2\/types\/post"}],"author":[{"embeddable":true,"href":"https:\/\/www.unioviedo.es\/SUBproducts4LIFE\/wp-json\/wp\/v2\/users\/1"}],"replies":[{"embeddable":true,"href":"https:\/\/www.unioviedo.es\/SUBproducts4LIFE\/wp-json\/wp\/v2\/comments?post=2264"}],"version-history":[{"count":4,"href":"https:\/\/www.unioviedo.es\/SUBproducts4LIFE\/wp-json\/wp\/v2\/posts\/2264\/revisions"}],"predecessor-version":[{"id":2897,"href":"https:\/\/www.unioviedo.es\/SUBproducts4LIFE\/wp-json\/wp\/v2\/posts\/2264\/revisions\/2897"}],"wp:featuredmedia":[{"embeddable":true,"href":"https:\/\/www.unioviedo.es\/SUBproducts4LIFE\/wp-json\/wp\/v2\/media\/2602"}],"wp:attachment":[{"href":"https:\/\/www.unioviedo.es\/SUBproducts4LIFE\/wp-json\/wp\/v2\/media?parent=2264"}],"wp:term":[{"taxonomy":"category","embeddable":true,"href":"https:\/\/www.unioviedo.es\/SUBproducts4LIFE\/wp-json\/wp\/v2\/categories?post=2264"},{"taxonomy":"post_tag","embeddable":true,"href":"https:\/\/www.unioviedo.es\/SUBproducts4LIFE\/wp-json\/wp\/v2\/tags?post=2264"}],"curies":[{"name":"wp","href":"https:\/\/api.w.org\/{rel}","templated":true}]}}