{"id":2273,"date":"2019-06-25T10:47:05","date_gmt":"2019-06-25T08:47:05","guid":{"rendered":"http:\/\/www.unioviedo.es\/SUBproducts4LIFE\/?p=2273"},"modified":"2023-07-14T09:39:04","modified_gmt":"2023-07-14T07:39:04","slug":"vecinos-de-la-soterrana-temen-que-se-explote-de-nuevo-mercurio-en-la-zona","status":"publish","type":"post","link":"https:\/\/www.unioviedo.es\/SUBproducts4LIFE\/vecinos-de-la-soterrana-temen-que-se-explote-de-nuevo-mercurio-en-la-zona\/","title":{"rendered":"Vecinos de La Soterra\u00f1a temen que se explote de nuevo mercurio en la zona"},"content":{"rendered":"<div class=\"fusion-fullwidth fullwidth-box fusion-builder-row-1 hundred-percent-fullwidth non-hundred-percent-height-scrolling\" style=\"background-color: rgba(255,255,255,0);background-position: center center;background-repeat: no-repeat;padding-top:0px;padding-right:0px;padding-bottom:0px;padding-left:0px;margin-bottom: 0px;margin-top: 0px;border-width: 0px 0px 0px 0px;border-color:#eae9e9;border-style:solid;\" ><div class=\"fusion-builder-row fusion-row\"><div class=\"fusion-layout-column fusion_builder_column fusion-builder-column-0 fusion_builder_column_1_1 1_1 fusion-one-full fusion-column-first fusion-column-last fusion-column-no-min-height\" style=\"margin-top:0px;margin-bottom:0px;\"><div class=\"fusion-column-wrapper fusion-flex-column-wrapper-legacy\" style=\"background-position:left top;background-repeat:no-repeat;-webkit-background-size:cover;-moz-background-size:cover;-o-background-size:cover;background-size:cover;padding: 0px 0px 0px 0px;\"><div class=\"fusion-text fusion-text-1\"><p>Temor a que se vuelva a buscar mercurio en Lena. Eso es lo que expresan los vecinos del n\u00facleo de Mu\u00f1\u00f3n Cimero, pr\u00f3ximo a la antigua mina de La Soterra\u00f1a, ante el proyecto -aprobado ya por el Principado- previsto para el Aramo en busca de oro, plata, bario, bismuto, cobalto, cobre, fluorita, n\u00edquel y mercurio entre los concejos de Lena, Morc\u00edn, Quir\u00f3s, Riosa y Proaza por una empresa minera asociada a un fondo de inversi\u00f3n. \u00abQue no nos enga\u00f1en, el mercurio solo se encuentra en esta zona y puede que vuelvan a extraerlo\u00bb, se\u00f1alan desde la poblaci\u00f3n.<\/p>\n<p>El pueblo muestra este miedo cuando ya han dado comienzo, tal y como adelant\u00f3 EL COMERCIO, las labores de descontaminaci\u00f3n de la antigua explotaci\u00f3n de La Soterra\u00f1a. Esta mina funcion\u00f3 desde 1950 hasta 1974 y est\u00e1 afectada por la contaminaci\u00f3n de metales como el ars\u00e9nico y el mercurio.<\/p>\n<p>El proyecto, liderado por la Universidad de Oviedo, servir\u00e1 para las actuaciones asociadas al Proyecto SUBproducts4LIFE, coordinado por la instituci\u00f3n acad\u00e9mica asturiana, y financiado dentro de la convocatoria de 2016 del Programa LIFE de la Comisi\u00f3n Europea en el \u00e1rea de Medioambiente y uso eficiente de los recursos. Cuenta con una financiaci\u00f3n del 60% del presupuesto total de casi 1,5 millones de euros, as\u00ed como la cofinanciaci\u00f3n del Ayuntamiento de Lena.<\/p>\n<p>El proyecto, que se enmarca dentro de la estrategia europea de econom\u00eda circular, lleva por t\u00edtulo &#8216;SUBproducts4LIFE, Innovative circular economy concepts by reusing industrial subproducts and waste&#8217; (Reutilizaci\u00f3n de subproductos y residuos industriales en procesos innovadores de econom\u00eda circular). En \u00e9l participan como socios la Universidad de Oviedo, el Instituto Asturiano de Prevenci\u00f3n y Riesgos Laborales y las empresas Biosfera, Cuestiones Econ\u00f3micas, EdP, Edersa y Tecmin. Adem\u00e1s, cuenta con el patrocinio de ArcelorMittal, Asturbelga de Minas e IMSA. El proyecto, iniciado en septiembre de 2017, tiene una duraci\u00f3n estimada hasta septiembre de 2021.<\/p>\n<p>No obstante, los vecinos -a pesar de dar la bienvenida a estas labores de descontaminaci\u00f3n de los terrenos- consideran que esta actuaci\u00f3n es insuficiente, ya que afirman que se va a limitar tan solo a identificar y cerrar los terrenos contaminados. Explican que es precisa una actuaci\u00f3n m\u00e1s en profundidad para limpiar la parcela, muy contaminada, y se recuerda que hubo un proyecto mucho m\u00e1s ambicioso que fue cancelado.<\/p>\n<p><strong>Fuente: El Comercio<\/strong><\/p>\n<p><a href=\"https:\/\/www.elcomercio.es\/asturias\/cuencas\/vecinos-soterrana-temen-20190625001929-ntvo.html\">Enlace a la noticia<\/a><\/p>\n<\/div><div class=\"fusion-button-wrapper\"><style type=\"text\/css\">.fusion-button.button-1 {border-radius:0px;}<\/style><a class=\"fusion-button button-flat fusion-button-default-size button-default button-1 fusion-button-default-span fusion-button-default-type\" target=\"_self\" href=\"http:\/\/www.unioviedo.es\/SUBproducts4LIFE\/wp-content\/uploads\/2023\/06\/25062019-El-Comercio-Soterrana.pdf\"><span class=\"fusion-button-text\">Descargar PDF<\/span><\/a><\/div><div class=\"fusion-clearfix\"><\/div><\/div><\/div><\/div><style type=\"text\/css\">.fusion-fullwidth.fusion-builder-row-1 { overflow:visible; }<\/style><\/div>\n","protected":false},"excerpt":{"rendered":"","protected":false},"author":1,"featured_media":2624,"comment_status":"closed","ping_status":"open","sticky":false,"template":"","format":"standard","meta":{"_mi_skip_tracking":false,"_monsterinsights_sitenote_active":false,"_monsterinsights_sitenote_note":"","_monsterinsights_sitenote_category":0},"categories":[5,4],"tags":[],"_links":{"self":[{"href":"https:\/\/www.unioviedo.es\/SUBproducts4LIFE\/wp-json\/wp\/v2\/posts\/2273"}],"collection":[{"href":"https:\/\/www.unioviedo.es\/SUBproducts4LIFE\/wp-json\/wp\/v2\/posts"}],"about":[{"href":"https:\/\/www.unioviedo.es\/SUBproducts4LIFE\/wp-json\/wp\/v2\/types\/post"}],"author":[{"embeddable":true,"href":"https:\/\/www.unioviedo.es\/SUBproducts4LIFE\/wp-json\/wp\/v2\/users\/1"}],"replies":[{"embeddable":true,"href":"https:\/\/www.unioviedo.es\/SUBproducts4LIFE\/wp-json\/wp\/v2\/comments?post=2273"}],"version-history":[{"count":4,"href":"https:\/\/www.unioviedo.es\/SUBproducts4LIFE\/wp-json\/wp\/v2\/posts\/2273\/revisions"}],"predecessor-version":[{"id":2899,"href":"https:\/\/www.unioviedo.es\/SUBproducts4LIFE\/wp-json\/wp\/v2\/posts\/2273\/revisions\/2899"}],"wp:featuredmedia":[{"embeddable":true,"href":"https:\/\/www.unioviedo.es\/SUBproducts4LIFE\/wp-json\/wp\/v2\/media\/2624"}],"wp:attachment":[{"href":"https:\/\/www.unioviedo.es\/SUBproducts4LIFE\/wp-json\/wp\/v2\/media?parent=2273"}],"wp:term":[{"taxonomy":"category","embeddable":true,"href":"https:\/\/www.unioviedo.es\/SUBproducts4LIFE\/wp-json\/wp\/v2\/categories?post=2273"},{"taxonomy":"post_tag","embeddable":true,"href":"https:\/\/www.unioviedo.es\/SUBproducts4LIFE\/wp-json\/wp\/v2\/tags?post=2273"}],"curies":[{"name":"wp","href":"https:\/\/api.w.org\/{rel}","templated":true}]}}