{"id":2286,"date":"2017-12-04T11:04:07","date_gmt":"2017-12-04T10:04:07","guid":{"rendered":"http:\/\/www.unioviedo.es\/SUBproducts4LIFE\/?p=2286"},"modified":"2023-07-14T09:20:03","modified_gmt":"2023-07-14T07:20:03","slug":"la-plataforma-la-soterrana-quiere-saber-que-suelos-estan-contaminados","status":"publish","type":"post","link":"https:\/\/www.unioviedo.es\/SUBproducts4LIFE\/la-plataforma-la-soterrana-quiere-saber-que-suelos-estan-contaminados\/","title":{"rendered":"La Plataforma La Soterra\u00f1a quiere saber qu\u00e9 suelos est\u00e1n contaminados"},"content":{"rendered":"<div class=\"fusion-fullwidth fullwidth-box fusion-builder-row-1 hundred-percent-fullwidth non-hundred-percent-height-scrolling\" style=\"background-color: rgba(255,255,255,0);background-position: center center;background-repeat: no-repeat;padding-top:0px;padding-right:0px;padding-bottom:0px;padding-left:0px;margin-bottom: 0px;margin-top: 0px;border-width: 0px 0px 0px 0px;border-color:#eae9e9;border-style:solid;\" ><div class=\"fusion-builder-row fusion-row\"><div class=\"fusion-layout-column fusion_builder_column fusion-builder-column-0 fusion_builder_column_1_1 1_1 fusion-one-full fusion-column-first fusion-column-last fusion-column-no-min-height\" style=\"margin-top:0px;margin-bottom:0px;\"><div class=\"fusion-column-wrapper fusion-flex-column-wrapper-legacy\" style=\"background-position:left top;background-repeat:no-repeat;-webkit-background-size:cover;-moz-background-size:cover;-o-background-size:cover;background-size:cover;padding: 0px 0px 0px 0px;\"><div class=\"fusion-text fusion-text-1\"><p>El lenense valle de Mu\u00f1\u00f3n quiere conocer en detalle el proyecto de descontaminaci\u00f3n que se llevar\u00e1 a cabo en las instalaciones de la antigua mina de mercurio de Pola de Lena. La Plataforma La Soterra\u00f1a, compuesta por vecinos y propietarios de fincas en esa zona, se han reunido y han decidido solicitar por escrito al Ayuntamiento una reuni\u00f3n para que informe del proyecto \u00abante la falta de noticias por v\u00edas oficiales\u00bb. Quieren saber si ya hay plazos para el inicio de estos trabajos y que el proyecto sea expuesto al p\u00fablico para tener la opci\u00f3n de presentar posibles reclamaciones a esta iniciativa.<\/p>\n<p>Los integrantes de la plataforma reclaman saber qu\u00e9 suelos est\u00e1n contaminados en el valle de Mu\u00f1\u00f3n y si se va a actuar en ellos o solo en los que ocupaba la explotaci\u00f3n . Seg\u00fan explicaron en la reuni\u00f3n que mantuvieron ayer \u00abpara vender una finca estamos obligados a poner en la escritura que est\u00e1 ubicada en una zona posiblemente contaminada\u00bb.<\/p>\n<p>Por otro lado, desde esta agrupaci\u00f3n llevan a\u00f1os intentando que el concejo reconozca la labor de los trabajadores de la mina de mercurio, dando su nombre a una calle. Ya sucedi\u00f3 con la anterior Corporaci\u00f3n municipal, pero afirman que les indic\u00f3 que era complicado cambiar la denominaci\u00f3n viaria porque \u00abnos comentaron que supondr\u00eda muchos trastornos\u00bb.<\/p>\n<p>Ante esta situaci\u00f3n, han propuesto dar este nombre al paseo del r\u00edo y que pasase a ser el Paseo de los mineros del mercurio. Adem\u00e1s, piden que al final de este bulevar, \u00abdonde hay unas grandes rocas\u00bb se instale una placa en reconocimiento a los empleados de La Soterra\u00f1a. Enviar\u00e1n esta petici\u00f3n al Ayuntamiento de Lena.<\/p>\n<p><strong>Fuente: El Comercio<\/strong><\/p>\n<p><a href=\"https:\/\/www.elcomercio.es\/asturias\/cuencas\/plataforma-soterrana-quiere-20171204003407-ntvo.html\">Enlace a la noticia<\/a><\/p>\n<\/div><div class=\"fusion-button-wrapper\"><style type=\"text\/css\">.fusion-button.button-1 {border-radius:0px;}<\/style><a class=\"fusion-button button-flat fusion-button-default-size button-default button-1 fusion-button-default-span fusion-button-default-type\" target=\"_self\" href=\"http:\/\/www.unioviedo.es\/SUBproducts4LIFE\/wp-content\/uploads\/2023\/06\/04122017-El-Comercio-Soterrana.pdf\"><span class=\"fusion-button-text\">Descargar PDF<\/span><\/a><\/div><div class=\"fusion-clearfix\"><\/div><\/div><\/div><\/div><style type=\"text\/css\">.fusion-fullwidth.fusion-builder-row-1 { overflow:visible; }<\/style><\/div>\n","protected":false},"excerpt":{"rendered":"","protected":false},"author":1,"featured_media":2633,"comment_status":"closed","ping_status":"open","sticky":false,"template":"","format":"standard","meta":{"_mi_skip_tracking":false,"_monsterinsights_sitenote_active":false,"_monsterinsights_sitenote_note":"","_monsterinsights_sitenote_category":0},"categories":[5,4],"tags":[],"_links":{"self":[{"href":"https:\/\/www.unioviedo.es\/SUBproducts4LIFE\/wp-json\/wp\/v2\/posts\/2286"}],"collection":[{"href":"https:\/\/www.unioviedo.es\/SUBproducts4LIFE\/wp-json\/wp\/v2\/posts"}],"about":[{"href":"https:\/\/www.unioviedo.es\/SUBproducts4LIFE\/wp-json\/wp\/v2\/types\/post"}],"author":[{"embeddable":true,"href":"https:\/\/www.unioviedo.es\/SUBproducts4LIFE\/wp-json\/wp\/v2\/users\/1"}],"replies":[{"embeddable":true,"href":"https:\/\/www.unioviedo.es\/SUBproducts4LIFE\/wp-json\/wp\/v2\/comments?post=2286"}],"version-history":[{"count":3,"href":"https:\/\/www.unioviedo.es\/SUBproducts4LIFE\/wp-json\/wp\/v2\/posts\/2286\/revisions"}],"predecessor-version":[{"id":2883,"href":"https:\/\/www.unioviedo.es\/SUBproducts4LIFE\/wp-json\/wp\/v2\/posts\/2286\/revisions\/2883"}],"wp:featuredmedia":[{"embeddable":true,"href":"https:\/\/www.unioviedo.es\/SUBproducts4LIFE\/wp-json\/wp\/v2\/media\/2633"}],"wp:attachment":[{"href":"https:\/\/www.unioviedo.es\/SUBproducts4LIFE\/wp-json\/wp\/v2\/media?parent=2286"}],"wp:term":[{"taxonomy":"category","embeddable":true,"href":"https:\/\/www.unioviedo.es\/SUBproducts4LIFE\/wp-json\/wp\/v2\/categories?post=2286"},{"taxonomy":"post_tag","embeddable":true,"href":"https:\/\/www.unioviedo.es\/SUBproducts4LIFE\/wp-json\/wp\/v2\/tags?post=2286"}],"curies":[{"name":"wp","href":"https:\/\/api.w.org\/{rel}","templated":true}]}}