{"id":2299,"date":"2011-10-02T12:34:29","date_gmt":"2011-10-02T10:34:29","guid":{"rendered":"http:\/\/www.unioviedo.es\/SUBproducts4LIFE\/?p=2299"},"modified":"2021-12-17T11:05:47","modified_gmt":"2021-12-17T10:05:47","slug":"descontaminar-la-mina-de-soterrana-en-lena-costara-13-millones-de-euros","status":"publish","type":"post","link":"https:\/\/www.unioviedo.es\/SUBproducts4LIFE\/descontaminar-la-mina-de-soterrana-en-lena-costara-13-millones-de-euros\/","title":{"rendered":"Descontaminar la mina de Soterra\u00f1a en Lena costar\u00e1 13 millones de euros"},"content":{"rendered":"<div class=\"fusion-fullwidth fullwidth-box fusion-builder-row-1 hundred-percent-fullwidth non-hundred-percent-height-scrolling\" style=\"background-color: rgba(255,255,255,0);background-position: center center;background-repeat: no-repeat;padding-top:0px;padding-right:0px;padding-bottom:0px;padding-left:0px;margin-bottom: 0px;margin-top: 0px;border-width: 0px 0px 0px 0px;border-color:#eae9e9;border-style:solid;\" ><div class=\"fusion-builder-row fusion-row\"><div class=\"fusion-layout-column fusion_builder_column fusion-builder-column-0 fusion_builder_column_1_1 1_1 fusion-one-full fusion-column-first fusion-column-last fusion-column-no-min-height\" style=\"margin-top:0px;margin-bottom:0px;\"><div class=\"fusion-column-wrapper fusion-flex-column-wrapper-legacy\" style=\"background-position:left top;background-repeat:no-repeat;-webkit-background-size:cover;-moz-background-size:cover;-o-background-size:cover;background-size:cover;padding: 0px 0px 0px 0px;\"><div class=\"fusion-text fusion-text-1\"><p>El Ministerio de Medio Ambiente y Medio Rural y Marino est\u00e1 a la espera de que el Principado de Asturias acepte la donaci\u00f3n de los terrenos de la mina de Soterra\u00f1a para proceder a su descontaminaci\u00f3n. As\u00ed lo indica Hugo Alfonso Mor\u00e1n, diputado nacional, secretario federal de Medio Ambiente del PSOE y ex alcalde de Lena. Mor\u00e1n explica que el propietario de la antigua mina, que lleva m\u00e1s de treinta a\u00f1os cerrada, cedi\u00f3 la parcela al Principado para que quede en manos de la Administraci\u00f3n, ya que es \u00abimposible acometer una inversi\u00f3n de car\u00e1cter p\u00fablica en un terreno de titularidad privada\u00bb. Mor\u00e1n afirma que la actuaci\u00f3n de descontaminaci\u00f3n, que contar\u00e1 con una inversi\u00f3n total de 13 millones de euros, \u00abpodr\u00eda prolongarse durante cinco a\u00f1os\u00bb.<\/p>\n<p>Estaba previsto que la primera fase de proyecto de recuperaci\u00f3n ambiental de la antigua f\u00e1brica y minas de mercurio de La Soterra\u00f1a comenzase este a\u00f1o, pero debido a la tardanza en la tramitaci\u00f3n en el Principado, a d\u00eda de hoy, \u00abno se sabe cu\u00e1ndo podr\u00e1n comenzar las labores de saneamiento\u00bb.<\/p>\n<p>No obstante, Mor\u00e1n se\u00f1ala que el Gobierno regional todav\u00eda tiene pendiente inscribir los terrenos en el registro de Patrimonio de Bienes y emitir la correspondiente notificaci\u00f3n al ministerio, para que, a su vez, este ponga en marcha el proceso de licitaci\u00f3n de la partida presupuestaria asignada para esta anualidad que asciende a 395.536,55 euros. La empresa Estatal para la Gesti\u00f3n de Residuos Industriales S. A. (Emgrisa) ha sido la encargada de la elaboraci\u00f3n del estudio, que incluye actuaciones en un superficie de m\u00e1s de 20.000 metros cuadrados de suelo afectadas por restos de mercurio y ars\u00e9nico.<\/p>\n<p>El primer paso de la descontaminaci\u00f3n comenzar\u00e1 con la realizaci\u00f3n de penetr\u00f3metros a pie de escombrera para la revisi\u00f3n de la estabilidad. Asimismo, est\u00e1 prevista la demolici\u00f3n de las chimeneas de ladera y de las zonas de proceso de hornos y condensadores. Los residuos peligrosos y org\u00e1nicos se cargar\u00e1n y se transportar\u00e1n para su tratamiento mediante un gestor autorizado. .<\/p>\n<p>El regidor lenense, Ram\u00f3n Arg\u00fcelles acoge con cierto escepticismo \u00abel supuesto\u00bb proyecto del ministerio, ya que, en su opini\u00f3n, se trata de \u00abpura parafernalia\u00bb porque el Principado a\u00fan no ha declarado el suelo como terreno contaminado. Indica que, a dos meses de las elecciones, \u00abni hay 13 millones de euros, ni nunca los hubo\u00bb. Aun as\u00ed, el regidor aclara: \u00abOjal\u00e1 me equivoque y tenga que rectificar\u00bb. De llevarse a cabo, la intenci\u00f3n del gobierno local es crear un \u00e1rea recreativa.<\/p>\n<p><strong>Fuente: El Comercio<\/strong><\/p>\n<p><a href=\"https:\/\/www.elcomercio.es\/v\/20111002\/cuencas\/descontaminar-mina-soterrana-lena-20111002.html\">Enlace a la noticia<\/a><\/p>\n<\/div><div class=\"fusion-clearfix\"><\/div><\/div><\/div><\/div><style type=\"text\/css\">.fusion-fullwidth.fusion-builder-row-1 { overflow:visible; }<\/style><\/div>\n","protected":false},"excerpt":{"rendered":"","protected":false},"author":1,"featured_media":2301,"comment_status":"closed","ping_status":"open","sticky":false,"template":"","format":"standard","meta":{"_mi_skip_tracking":false,"_monsterinsights_sitenote_active":false,"_monsterinsights_sitenote_note":"","_monsterinsights_sitenote_category":0},"categories":[5,4],"tags":[],"_links":{"self":[{"href":"https:\/\/www.unioviedo.es\/SUBproducts4LIFE\/wp-json\/wp\/v2\/posts\/2299"}],"collection":[{"href":"https:\/\/www.unioviedo.es\/SUBproducts4LIFE\/wp-json\/wp\/v2\/posts"}],"about":[{"href":"https:\/\/www.unioviedo.es\/SUBproducts4LIFE\/wp-json\/wp\/v2\/types\/post"}],"author":[{"embeddable":true,"href":"https:\/\/www.unioviedo.es\/SUBproducts4LIFE\/wp-json\/wp\/v2\/users\/1"}],"replies":[{"embeddable":true,"href":"https:\/\/www.unioviedo.es\/SUBproducts4LIFE\/wp-json\/wp\/v2\/comments?post=2299"}],"version-history":[{"count":2,"href":"https:\/\/www.unioviedo.es\/SUBproducts4LIFE\/wp-json\/wp\/v2\/posts\/2299\/revisions"}],"predecessor-version":[{"id":2646,"href":"https:\/\/www.unioviedo.es\/SUBproducts4LIFE\/wp-json\/wp\/v2\/posts\/2299\/revisions\/2646"}],"wp:featuredmedia":[{"embeddable":true,"href":"https:\/\/www.unioviedo.es\/SUBproducts4LIFE\/wp-json\/wp\/v2\/media\/2301"}],"wp:attachment":[{"href":"https:\/\/www.unioviedo.es\/SUBproducts4LIFE\/wp-json\/wp\/v2\/media?parent=2299"}],"wp:term":[{"taxonomy":"category","embeddable":true,"href":"https:\/\/www.unioviedo.es\/SUBproducts4LIFE\/wp-json\/wp\/v2\/categories?post=2299"},{"taxonomy":"post_tag","embeddable":true,"href":"https:\/\/www.unioviedo.es\/SUBproducts4LIFE\/wp-json\/wp\/v2\/tags?post=2299"}],"curies":[{"name":"wp","href":"https:\/\/api.w.org\/{rel}","templated":true}]}}