{"id":2320,"date":"2020-12-29T12:37:25","date_gmt":"2020-12-29T11:37:25","guid":{"rendered":"https:\/\/www.unioviedo.es\/SUBproducts4LIFE\/?p=2320"},"modified":"2023-07-14T09:26:39","modified_gmt":"2023-07-14T07:26:39","slug":"las-minas-de-la-soterrana-y-el-terronal-se-restauraran-con-10-millones-de-euros","status":"publish","type":"post","link":"https:\/\/www.unioviedo.es\/SUBproducts4LIFE\/las-minas-de-la-soterrana-y-el-terronal-se-restauraran-con-10-millones-de-euros\/","title":{"rendered":"Las minas de la Soterra\u00f1a y el Terronal se restaurar\u00e1n con 10 millones de euros"},"content":{"rendered":"<div class=\"fusion-fullwidth fullwidth-box fusion-builder-row-1 hundred-percent-fullwidth non-hundred-percent-height-scrolling\" style=\"background-color: rgba(255,255,255,0);background-position: center center;background-repeat: no-repeat;padding-top:0px;padding-right:0px;padding-bottom:0px;padding-left:0px;margin-bottom: 0px;margin-top: 0px;border-width: 0px 0px 0px 0px;border-color:#eae9e9;border-style:solid;\" ><div class=\"fusion-builder-row fusion-row\"><div class=\"fusion-layout-column fusion_builder_column fusion-builder-column-0 fusion_builder_column_1_1 1_1 fusion-one-full fusion-column-first fusion-column-last fusion-column-no-min-height\" style=\"margin-top:0px;margin-bottom:0px;\"><div class=\"fusion-column-wrapper fusion-flex-column-wrapper-legacy\" style=\"background-position:left top;background-repeat:no-repeat;-webkit-background-size:cover;-moz-background-size:cover;-o-background-size:cover;background-size:cover;padding: 0px 0px 0px 0px;\"><div class=\"fusion-text fusion-text-1\"><p>Entraban j\u00f3venes fuertes, sal\u00edan ancianos prematuros. Durante d\u00e9cadas, las minas de La Soterra\u00f1a (Lena) y El Terronal (Mieres) fueron un aut\u00e9ntico infierno para sus trabajadores. Estaban en contacto con altas concentraciones de mercurio y ars\u00e9nico. Cientos de hombres murieron o enfermaron. \u201cEra mortal por necesidad\u201d, afirman los que conocieron las explotaciones. Cerraron sus puertas en los a\u00f1os setenta del pasado siglo, cuando el precio del mercurio cay\u00f3 dr\u00e1sticamente.<\/p>\n<p>Pero esos contaminantes siguieron en el subsuelo; degradando el entorno, preocupando a los vecinos. Hace dos a\u00f1os, la Universidad de Oviedo \u2013en colaboraci\u00f3n con el Principado, el Ayuntamiento de Lena y empresas del sector\u2013 anunci\u00f3 el primer proyecto de descontaminaci\u00f3n para La Soterra\u00f1a. Con una financiaci\u00f3n de 1,5 millones de la Uni\u00f3n Europea. El Ministerio para la Transici\u00f3n Ecol\u00f3gica y el Reto Demogr\u00e1fico sube ahora la apuesta por la recuperaci\u00f3n de estas zonas: ha anunciado una inversi\u00f3n complementaria de 10 millones de euros para La Soterra\u00f1a y El Terronal.<\/p>\n<p>El secretario de Estado de Medio Ambiente, el lenense Hugo Mor\u00e1n (PSOE), anunci\u00f3 la actuaci\u00f3n dentro de un paquete de medidas para toda Asturias. La inversi\u00f3n prevista para el pr\u00f3ximo a\u00f1o es de 59 a\u00f1os, la mayor\u00eda dedicada a obras en el saneamiento y los suministros de agua de distintas zonas de la regi\u00f3n.<\/p>\n<p>\u201cHemos solicitado una reuni\u00f3n con la viceconsejera de Medio Ambiente para que se nos explique el proyecto, porque ahora mismo no tenemos m\u00e1s informaci\u00f3n de la que se ha hecho p\u00fablica\u201d, explic\u00f3 ayer la alcaldesa de Lena, Gema \u00c1lvarez (IU). Lo que se conoce hasta el momento es que la Direcci\u00f3n General de Biodiversidad, Bosques y Desertificaci\u00f3n estima invertir con cargo al Mecanismo de Recuperaci\u00f3n y Resiliencia una cuant\u00eda de 20 millones de euros \u201cen actuaciones de mejora del conocimiento del patrimonio natural, conservaci\u00f3n de la biodiversidad, restauraci\u00f3n ecol\u00f3gica, gesti\u00f3n forestal y defensa de los ecosistemas contra incendios\u201d.<\/p>\n<p>Y que el cincuenta por ciento de la inversi\u00f3n total se destinar\u00e1 \u201cal proyecto de restauraci\u00f3n de los espacios mineros de Soterra\u00f1a, en Lena, y Terronal, en Mieres\u201d. Es por tanto, la obra m\u00e1s destacada en este cap\u00edtulo de inversiones. En cuanto al proyecto europeo para La Soterra\u00f1a, seguir\u00e1 adelante sin obst\u00e1culos. Los terrenos est\u00e1n listos para la fase definitiva del plan de descontaminaci\u00f3n: la implantaci\u00f3n de 20.000 toneladas de escorias y cenizas en las antiguas instalaciones y el entorno. Estas escorias tienen como objetivo \u201cinmovilizar\u201d los contaminantes y evitar su expansi\u00f3n hacia las aguas de escorrent\u00eda.<\/p>\n<p><strong>Fuente: La Nueva Espa\u00f1a<\/strong><\/p>\n<p><a href=\"https:\/\/www.lne.es\/cuencas\/2020\/12\/29\/minas-soterrana-terronal-restauraran-diez-26821210.html\">Enlace a la noticia<\/a><\/p>\n<\/div><div class=\"fusion-button-wrapper\"><style type=\"text\/css\">.fusion-button.button-1 {border-radius:0px;}<\/style><a class=\"fusion-button button-flat fusion-button-default-size button-default button-1 fusion-button-default-span fusion-button-default-type\" target=\"_self\" href=\"http:\/\/www.unioviedo.es\/SUBproducts4LIFE\/wp-content\/uploads\/2023\/06\/29122020-La-Nueva-Espana-Soterrana.pdf\"><span class=\"fusion-button-text\">Descargar PDF<\/span><\/a><\/div><div class=\"fusion-clearfix\"><\/div><\/div><\/div><\/div><style type=\"text\/css\">.fusion-fullwidth.fusion-builder-row-1 { overflow:visible; }<\/style><\/div>\n","protected":false},"excerpt":{"rendered":"","protected":false},"author":1,"featured_media":2524,"comment_status":"closed","ping_status":"open","sticky":false,"template":"","format":"standard","meta":{"_mi_skip_tracking":false,"_monsterinsights_sitenote_active":false,"_monsterinsights_sitenote_note":"","_monsterinsights_sitenote_category":0},"categories":[5,4],"tags":[],"_links":{"self":[{"href":"https:\/\/www.unioviedo.es\/SUBproducts4LIFE\/wp-json\/wp\/v2\/posts\/2320"}],"collection":[{"href":"https:\/\/www.unioviedo.es\/SUBproducts4LIFE\/wp-json\/wp\/v2\/posts"}],"about":[{"href":"https:\/\/www.unioviedo.es\/SUBproducts4LIFE\/wp-json\/wp\/v2\/types\/post"}],"author":[{"embeddable":true,"href":"https:\/\/www.unioviedo.es\/SUBproducts4LIFE\/wp-json\/wp\/v2\/users\/1"}],"replies":[{"embeddable":true,"href":"https:\/\/www.unioviedo.es\/SUBproducts4LIFE\/wp-json\/wp\/v2\/comments?post=2320"}],"version-history":[{"count":5,"href":"https:\/\/www.unioviedo.es\/SUBproducts4LIFE\/wp-json\/wp\/v2\/posts\/2320\/revisions"}],"predecessor-version":[{"id":2887,"href":"https:\/\/www.unioviedo.es\/SUBproducts4LIFE\/wp-json\/wp\/v2\/posts\/2320\/revisions\/2887"}],"wp:featuredmedia":[{"embeddable":true,"href":"https:\/\/www.unioviedo.es\/SUBproducts4LIFE\/wp-json\/wp\/v2\/media\/2524"}],"wp:attachment":[{"href":"https:\/\/www.unioviedo.es\/SUBproducts4LIFE\/wp-json\/wp\/v2\/media?parent=2320"}],"wp:term":[{"taxonomy":"category","embeddable":true,"href":"https:\/\/www.unioviedo.es\/SUBproducts4LIFE\/wp-json\/wp\/v2\/categories?post=2320"},{"taxonomy":"post_tag","embeddable":true,"href":"https:\/\/www.unioviedo.es\/SUBproducts4LIFE\/wp-json\/wp\/v2\/tags?post=2320"}],"curies":[{"name":"wp","href":"https:\/\/api.w.org\/{rel}","templated":true}]}}