{"id":2493,"date":"2021-10-27T09:34:43","date_gmt":"2021-10-27T07:34:43","guid":{"rendered":"https:\/\/www.unioviedo.es\/SUBproducts4LIFE\/?p=2493"},"modified":"2023-06-30T08:47:11","modified_gmt":"2023-06-30T06:47:11","slug":"una-actuacion-pionera-en-europa-comienzan-las-obras-en-la-soterrana-para-descontaminar-la-antigua-mina-de-mercurio","status":"publish","type":"post","link":"https:\/\/www.unioviedo.es\/SUBproducts4LIFE\/una-actuacion-pionera-en-europa-comienzan-las-obras-en-la-soterrana-para-descontaminar-la-antigua-mina-de-mercurio\/","title":{"rendered":"Una actuaci\u00f3n pionera en Europa: comienzan las obras en La Soterra\u00f1a para descontaminar la antigua mina de mercurio"},"content":{"rendered":"<div class=\"fusion-fullwidth fullwidth-box fusion-builder-row-1 hundred-percent-fullwidth non-hundred-percent-height-scrolling\" style=\"background-color: rgba(255,255,255,0);background-position: center center;background-repeat: no-repeat;padding-top:0px;padding-right:0px;padding-bottom:0px;padding-left:0px;margin-bottom: 0px;margin-top: 0px;border-width: 0px 0px 0px 0px;border-color:#eae9e9;border-style:solid;\" ><div class=\"fusion-builder-row fusion-row\"><div class=\"fusion-layout-column fusion_builder_column fusion-builder-column-0 fusion_builder_column_1_1 1_1 fusion-one-full fusion-column-first fusion-column-last fusion-column-no-min-height\" style=\"margin-top:0px;margin-bottom:0px;\"><div class=\"fusion-column-wrapper fusion-flex-column-wrapper-legacy\" style=\"background-position:left top;background-repeat:no-repeat;-webkit-background-size:cover;-moz-background-size:cover;-o-background-size:cover;background-size:cover;padding: 0px 0px 0px 0px;\"><div class=\"fusion-text fusion-text-1\"><p>Semana hist\u00f3rica en el valle de Mu\u00f1\u00f3n (Lena). Las m\u00e1quinas ya est\u00e1n trabajando en la antigua mina de mercurio de La Soterra\u00f1a para proceder a la descontaminaci\u00f3n del subsuelo. Matizan desde la direcci\u00f3n de obra que se trata de \u201cuna fijaci\u00f3n de los materiales\u201d, para evitar la filtraci\u00f3n a las aguas de escorrent\u00eda y su expansi\u00f3n por el valle. La actuaci\u00f3n cuenta con una partida europea de 1,2 millones de euros, a trav\u00e9s del proyecto \u201cSUBProducts 4Life\u201d. Es un plan pionero: supondr\u00e1 movilizar 20.000 toneladas de escoria y cenizas para la contenci\u00f3n de los contaminantes. Incluye pruebas en las instalaciones de El Terronal (Mieres) y, si funciona, se replicar\u00e1 en antiguas minas de toda Europa.<\/p>\n<p>La mina Soterra\u00f1a guarda en sus entra\u00f1as, adem\u00e1s de contaminantes, una terrible historia. Durante d\u00e9cadas, trabajadores enfermaron por su exposici\u00f3n a los contaminantes. \u201cHab\u00eda hombres fuertes, como pinos, que sal\u00edan de la mina malos. Algunos no volv\u00edan m\u00e1s, porque estaban enfermos y no pod\u00edan seguir\u201d, explic\u00f3 un antiguo empleado de la explotaci\u00f3n. La mina cerr\u00f3 definitivamente sus puertas en los a\u00f1os sesenta, cuando el valor del mercurio se desplom\u00f3 sin remedio.<\/p>\n<p>Los vecinos reclamaron ya entonces la descontaminaci\u00f3n de la zona. Un clamor que se ha alargado durante medio siglo y que, por fin, esta semana ha recibido respuesta. \u201cEs una buena noticia aunque, hasta que no veamos las actuaciones m\u00e1s avanzadas, no respiraremos tranquilos. Esperamos que esta vez sea ya la definitiva, que no tengamos que esperar m\u00e1s\u201d, apuntaron fuentes vecinales del valle de Mu\u00f1\u00f3n.<\/p>\n<p>La espera ha sido larga. Ya se hab\u00edan anunciado otros proyectos de descontaminaci\u00f3n que nunca llegaron a buen puerto. De hecho, el plan SUBProducts 4LIFE se anunci\u00f3 en 2017. Fuentes de la direcci\u00f3n de obra explicaron ayer que \u201cla tramitaci\u00f3n administrativa ha sido larga\u201d. En el proyecto participan la Universidad de Oviedo, el Principado y empresas particulares. Tambi\u00e9n cuenta con la colaboraci\u00f3n del Ayuntamiento de Lena.<\/p>\n<p>\u201cA unos tr\u00e1mites que ya eran largos de por s\u00ed, se sum\u00f3 la crisis sanitaria del covid-19\u201d, detallaron las mismas fuentes. Sobre todo, la obra requiere de una cuidadosa planificaci\u00f3n en el \u00e1mbito medio ambiental para evitar el impacto en el subsuelo y tambi\u00e9n paisaj\u00edstico.<\/p>\n<p>No ser\u00e1 f\u00e1cil dar cabida a los \u201csubproductos\u201d. Las 20.000 toneladas de escorias y cenizas llegar\u00e1n desde t\u00e9rmicas, cementeras y hornos de acer\u00edas de la regi\u00f3n. Seg\u00fan explicaron responsables de la actuaci\u00f3n, \u201cse utilizar\u00e1n cuatro subproductos\u201d. Estos son las cenizas de las t\u00e9rmicas y los yesos que se utilizan para eliminar el sulfuro de los humos de las centrales. Las escorias son de hornos altos de acer\u00edas y de cementeras.<\/p>\n<p>Las m\u00e1quinas trabajan desde comienzos de esta semana para dar cabida a esos \u201csubproductos\u201d, que fijar\u00e1n el mercurio al subsuelo y evitar\u00e1n que se siga expandiendo. El ritmo del trabajo estar\u00e1 ahora marcado por la meteorolog\u00eda: \u201cLo ideal es aprovechar los d\u00edas sin precipitaciones, para garantizar que los subproductos llegan en el mejor estado posible\u201d. \u201cEn unos meses se obtendr\u00e1n ya los primeros resultados\u201d, a\u00f1adieron.<\/p>\n<p>Las puertas de La Soterra\u00f1a est\u00e1n otra vez abiertas, aunque el acceso est\u00e1 limitado al personal de obra. Tambi\u00e9n se han incrementado las medidas de seguridad para evitar actos vand\u00e1licos, como los que se hab\u00edan denunciado en los \u00faltimos a\u00f1os. La Soterra\u00f1a se hab\u00eda convertido tambi\u00e9n en lugar para la organizaci\u00f3n de \u201cbotellones\u201d antes de la pandemia.<\/p>\n<p><span style=\"color: #000000;\">Fuente: La Nueva Espa\u00f1a<\/span><\/p>\n<p><a href=\"https:\/\/www.lne.es\/cuencas\/2021\/10\/27\/actuacion-pionera-europa-comienzan-obras-58843915.html#comments\">Enlace a la noticia<\/a><\/p>\n<\/div><div class=\"fusion-button-wrapper\"><style type=\"text\/css\">.fusion-button.button-1 {border-radius:0px;}<\/style><a class=\"fusion-button button-flat fusion-button-default-size button-default button-1 fusion-button-default-span fusion-button-default-type\" target=\"_self\" href=\"http:\/\/www.unioviedo.es\/SUBproducts4LIFE\/wp-content\/uploads\/2023\/06\/27102021-La-Nueva-Espana-Soterrana.pdf\"><span class=\"fusion-button-text\">Descargar PDF<\/span><\/a><\/div><div class=\"fusion-clearfix\"><\/div><\/div><\/div><\/div><style type=\"text\/css\">.fusion-fullwidth.fusion-builder-row-1 { overflow:visible; }<\/style><\/div>\n","protected":false},"excerpt":{"rendered":"","protected":false},"author":1,"featured_media":2494,"comment_status":"closed","ping_status":"open","sticky":false,"template":"","format":"standard","meta":{"_mi_skip_tracking":false,"_monsterinsights_sitenote_active":false,"_monsterinsights_sitenote_note":"","_monsterinsights_sitenote_category":0},"categories":[5,4],"tags":[],"_links":{"self":[{"href":"https:\/\/www.unioviedo.es\/SUBproducts4LIFE\/wp-json\/wp\/v2\/posts\/2493"}],"collection":[{"href":"https:\/\/www.unioviedo.es\/SUBproducts4LIFE\/wp-json\/wp\/v2\/posts"}],"about":[{"href":"https:\/\/www.unioviedo.es\/SUBproducts4LIFE\/wp-json\/wp\/v2\/types\/post"}],"author":[{"embeddable":true,"href":"https:\/\/www.unioviedo.es\/SUBproducts4LIFE\/wp-json\/wp\/v2\/users\/1"}],"replies":[{"embeddable":true,"href":"https:\/\/www.unioviedo.es\/SUBproducts4LIFE\/wp-json\/wp\/v2\/comments?post=2493"}],"version-history":[{"count":6,"href":"https:\/\/www.unioviedo.es\/SUBproducts4LIFE\/wp-json\/wp\/v2\/posts\/2493\/revisions"}],"predecessor-version":[{"id":2858,"href":"https:\/\/www.unioviedo.es\/SUBproducts4LIFE\/wp-json\/wp\/v2\/posts\/2493\/revisions\/2858"}],"wp:featuredmedia":[{"embeddable":true,"href":"https:\/\/www.unioviedo.es\/SUBproducts4LIFE\/wp-json\/wp\/v2\/media\/2494"}],"wp:attachment":[{"href":"https:\/\/www.unioviedo.es\/SUBproducts4LIFE\/wp-json\/wp\/v2\/media?parent=2493"}],"wp:term":[{"taxonomy":"category","embeddable":true,"href":"https:\/\/www.unioviedo.es\/SUBproducts4LIFE\/wp-json\/wp\/v2\/categories?post=2493"},{"taxonomy":"post_tag","embeddable":true,"href":"https:\/\/www.unioviedo.es\/SUBproducts4LIFE\/wp-json\/wp\/v2\/tags?post=2493"}],"curies":[{"name":"wp","href":"https:\/\/api.w.org\/{rel}","templated":true}]}}