{"id":2665,"date":"2022-01-11T09:08:07","date_gmt":"2022-01-11T08:08:07","guid":{"rendered":"https:\/\/www.unioviedo.es\/SUBproducts4LIFE\/?p=2665"},"modified":"2023-06-30T08:46:39","modified_gmt":"2023-06-30T06:46:39","slug":"la-aparicion-de-un-barro-blanco-en-la-soterrana-alarma-a-los-vecinos","status":"publish","type":"post","link":"https:\/\/www.unioviedo.es\/SUBproducts4LIFE\/la-aparicion-de-un-barro-blanco-en-la-soterrana-alarma-a-los-vecinos\/","title":{"rendered":"La aparici\u00f3n de un \u00abbarro blanco\u00bb en La Soterra\u00f1a alarma a los vecinos"},"content":{"rendered":"<div class=\"fusion-fullwidth fullwidth-box fusion-builder-row-1 hundred-percent-fullwidth non-hundred-percent-height-scrolling\" style=\"background-color: rgba(255,255,255,0);background-position: center center;background-repeat: no-repeat;padding-top:0px;padding-right:0px;padding-bottom:0px;padding-left:0px;margin-bottom: 0px;margin-top: 0px;border-width: 0px 0px 0px 0px;border-color:#eae9e9;border-style:solid;\" ><div class=\"fusion-builder-row fusion-row\"><div class=\"fusion-layout-column fusion_builder_column fusion-builder-column-0 fusion_builder_column_1_1 1_1 fusion-one-full fusion-column-first fusion-column-last fusion-column-no-min-height\" style=\"margin-top:0px;margin-bottom:0px;\"><div class=\"fusion-column-wrapper fusion-flex-column-wrapper-legacy\" style=\"background-position:left top;background-repeat:no-repeat;-webkit-background-size:cover;-moz-background-size:cover;-o-background-size:cover;background-size:cover;padding: 0px 0px 0px 0px;\"><div class=\"fusion-text fusion-text-1\"><p class=\"voc-paragraph\">La mina lenense de La Soterra\u00f1a, antigua explotaci\u00f3n de mercurio en el valle de Mu\u00f1\u00f3n de Lena ser\u00e1 el laboratorio para terminar con tierras descontaminadas. Un escenario que seg\u00fan han observado los vecinos de la zona ha cambiado en los \u00faltimos d\u00edas. Explican que un trozo del exterior de La Soterra\u00f1a parece estar cubierto de una especie de \u00abbarro blanco, como si estuviese helado\u00bb que ha alertado a los habitantes, que desconocen el porqu\u00e9 de este fen\u00f3meno y sus posibles consecuencias.<\/p>\n<p class=\"voc-paragraph\">Alberto Fern\u00e1ndez, vecino de la zona, explicaba que \u00abpresuponemos que no ser\u00e1 nada malo, pero es que han estado trabajando en la zona y no han tapado nada con pl\u00e1sticos, y ese barro est\u00e1 bajando hacia la zona por donde discurre un reguero. Esperemos que no ocurra nada\u00bb.<\/p>\n<div id=\"_wmass_1875\">\n<div id=\"jw-_18751875\">Este no es el primer rev\u00e9s que deben afrontar los vecinos de la zona. A mediados del pasado diciembre y tras a\u00f1os de reclamaciones pudieron conocer el proyecto para contener los materiales contaminantes de la antigua explotaci\u00f3n minera de mercurio de La Soterra\u00f1a. Se pretend\u00eda tranquilizar a los habitantes de la zona entre otras cuestiones sobre el posible aumento del tr\u00e1fico de camiones para transportar los materiales. Algo que no ocurrir\u00e1 ya que en esta primera fase se usar\u00e1n 5.000 toneladas de cenizas en lugar de las 20.000 previstas de forma inicial. As\u00ed la actuaci\u00f3n se ce\u00f1ir\u00e1 al entorno de la plataforma de hormig\u00f3n y de la carretera de acceso a los hornos de la antigua mina de mercurio. Los vecinos salieron molestos ante la creencia de que \u00abse nos vendi\u00f3 un gran proyecto descontaminador, y puntualizaron que se trata de un estudio de prueba, y una vez se obtengan resultados se podr\u00eda descontaminar todo el espacio, pero parece que para resto no hay dinero. Solo para el estudio\u00bb, puntualizaba ayer Fern\u00e1ndez.<\/div>\n<\/div>\n<p class=\"voc-paragraph\">La idea es probar la mezcla de materiales para comprobar su funcionalidad a la hora de retener los contaminantes. Una vez comprobada su eficacia ya se podr\u00eda ampliar el campo de actuaci\u00f3n. Proceso que tendr\u00e1 una duraci\u00f3n superior al a\u00f1o, si los datos fuesen satisfactorios se evaluar\u00eda ampliar la superficie de actuaci\u00f3n. El proyecto cuenta con un presupuesto de 1,5 millones y se prev\u00e9 iniciarlo antes de abril.<\/p>\n<p><span style=\"color: #000000;\">Fuente: El Comercio<\/span><\/p>\n<p><a href=\"https:\/\/www.elcomercio.es\/asturias\/cuencas\/aparicion-barro-blanco-20220111000829-ntvo.html\">Enlace a la noticia<\/a><\/p>\n<\/div><div class=\"fusion-button-wrapper\"><style type=\"text\/css\">.fusion-button.button-1 {border-radius:0px;}<\/style><a class=\"fusion-button button-flat fusion-button-default-size button-default button-1 fusion-button-default-span fusion-button-default-type\" target=\"_self\" href=\"http:\/\/www.unioviedo.es\/SUBproducts4LIFE\/wp-content\/uploads\/2023\/06\/11012022-El-Comercio-Soterrana.pdf\"><span class=\"fusion-button-text\">Descargar PDF<\/span><\/a><\/div><div class=\"fusion-clearfix\"><\/div><\/div><\/div><\/div><style type=\"text\/css\">.fusion-fullwidth.fusion-builder-row-1 { overflow:visible; }<\/style><\/div>\n","protected":false},"excerpt":{"rendered":"","protected":false},"author":1,"featured_media":2666,"comment_status":"closed","ping_status":"open","sticky":false,"template":"","format":"standard","meta":{"_mi_skip_tracking":false,"_monsterinsights_sitenote_active":false,"_monsterinsights_sitenote_note":"","_monsterinsights_sitenote_category":0},"categories":[5,4],"tags":[],"_links":{"self":[{"href":"https:\/\/www.unioviedo.es\/SUBproducts4LIFE\/wp-json\/wp\/v2\/posts\/2665"}],"collection":[{"href":"https:\/\/www.unioviedo.es\/SUBproducts4LIFE\/wp-json\/wp\/v2\/posts"}],"about":[{"href":"https:\/\/www.unioviedo.es\/SUBproducts4LIFE\/wp-json\/wp\/v2\/types\/post"}],"author":[{"embeddable":true,"href":"https:\/\/www.unioviedo.es\/SUBproducts4LIFE\/wp-json\/wp\/v2\/users\/1"}],"replies":[{"embeddable":true,"href":"https:\/\/www.unioviedo.es\/SUBproducts4LIFE\/wp-json\/wp\/v2\/comments?post=2665"}],"version-history":[{"count":4,"href":"https:\/\/www.unioviedo.es\/SUBproducts4LIFE\/wp-json\/wp\/v2\/posts\/2665\/revisions"}],"predecessor-version":[{"id":2857,"href":"https:\/\/www.unioviedo.es\/SUBproducts4LIFE\/wp-json\/wp\/v2\/posts\/2665\/revisions\/2857"}],"wp:featuredmedia":[{"embeddable":true,"href":"https:\/\/www.unioviedo.es\/SUBproducts4LIFE\/wp-json\/wp\/v2\/media\/2666"}],"wp:attachment":[{"href":"https:\/\/www.unioviedo.es\/SUBproducts4LIFE\/wp-json\/wp\/v2\/media?parent=2665"}],"wp:term":[{"taxonomy":"category","embeddable":true,"href":"https:\/\/www.unioviedo.es\/SUBproducts4LIFE\/wp-json\/wp\/v2\/categories?post=2665"},{"taxonomy":"post_tag","embeddable":true,"href":"https:\/\/www.unioviedo.es\/SUBproducts4LIFE\/wp-json\/wp\/v2\/tags?post=2665"}],"curies":[{"name":"wp","href":"https:\/\/api.w.org\/{rel}","templated":true}]}}