{"id":2679,"date":"2022-01-16T09:40:11","date_gmt":"2022-01-16T08:40:11","guid":{"rendered":"https:\/\/www.unioviedo.es\/SUBproducts4LIFE\/?p=2679"},"modified":"2023-06-30T08:46:08","modified_gmt":"2023-06-30T06:46:08","slug":"https-www-elcomercio-es-asturias-cuencas-lluvias-causaron-manchas-20220116000625-ntvo-html","status":"publish","type":"post","link":"https:\/\/www.unioviedo.es\/SUBproducts4LIFE\/https-www-elcomercio-es-asturias-cuencas-lluvias-causaron-manchas-20220116000625-ntvo-html\/","title":{"rendered":"Las lluvias causaron las manchas blancas de la mina de La Soterra\u00f1a y \u00abdesaparecer\u00e1n\u00bb"},"content":{"rendered":"<div class=\"fusion-fullwidth fullwidth-box fusion-builder-row-1 hundred-percent-fullwidth non-hundred-percent-height-scrolling\" style=\"background-color: rgba(255,255,255,0);background-position: center center;background-repeat: no-repeat;padding-top:0px;padding-right:0px;padding-bottom:0px;padding-left:0px;margin-bottom: 0px;margin-top: 0px;border-width: 0px 0px 0px 0px;border-color:#eae9e9;border-style:solid;\" ><div class=\"fusion-builder-row fusion-row\"><div class=\"fusion-layout-column fusion_builder_column fusion-builder-column-0 fusion_builder_column_1_1 1_1 fusion-one-full fusion-column-first fusion-column-last fusion-column-no-min-height\" style=\"margin-top:0px;margin-bottom:0px;\"><div class=\"fusion-column-wrapper fusion-flex-column-wrapper-legacy\" style=\"background-position:left top;background-repeat:no-repeat;-webkit-background-size:cover;-moz-background-size:cover;-o-background-size:cover;background-size:cover;padding: 0px 0px 0px 0px;\"><div class=\"fusion-text fusion-text-1\"><p class=\"voc-paragraph\">\u00bfQu\u00e9 son las manchas de barro blanco aparecidas en las inmediaciones de la antigua mina de mercurio de La Soterra\u00f1a, en Lena? Es lo que se preguntan muchos vecinos de esta zona y hay una explicaci\u00f3n para su formaci\u00f3n. El profesor de la Escuela de Minas de Oviedo e investigador en el proyecto para &#8216;inertizar&#8217; (inactivar) los materiales contaminantes de esta explotaci\u00f3n, Efr\u00e9n Garc\u00eda Ordiales, explic\u00f3 que se trata de una caliza con ars\u00e9nico \u00abque fue arrastrada por las intensas lluvias recientes en el Principado\u00bb. A esas precipitaciones le siguieron unos d\u00edas de calor an\u00f3malo en pleno diciembre. \u00abPor lo que se sec\u00f3 y qued\u00f3 expuesto\u00bb. \u00bfEs preocupante? En principio no, ya que ese material tender\u00e1 a desaparecer en los pr\u00f3ximos d\u00edas.<\/p>\n<p class=\"voc-paragraph\">Garc\u00eda Ordiales se\u00f1ala que el material est\u00e1 contaminado, pero como el resto de la superficie de la antigua mina. \u00abPara eso estamos trabajando, para inertizar esos componentes y evitar que afecten a m\u00e1s terrenos de la zona\u00bb. El profesor se\u00f1ala que los responsables del proyecto analizaron el material para determinar si era por las labores que se desarrollan dentro del proyecto &#8216;Life&#8217; liderado por la Universidad de Oviedo \u00aby no: fue consecuencia de la meteorolog\u00eda\u00bb.<\/p>\n<div id=\"_wmass_178\">\n<div id=\"jw-s_178178\"><\/div>\n<div id=\"sm-it-main-container-1643099942037\" class=\"sm-it-main-container\" data-it=\"dfd6f2e7-dda3-4c94-95aa-9e21beb2bfe0\" data-device=\"desktop\" data-index=\"0\">\n<div id=\"sm-reference-1643099942037\" class=\"sm-reference\"><strong>Experimento<\/strong><\/div>\n<\/div>\n<\/div>\n<p class=\"voc-paragraph\">El investigador explica, adem\u00e1s, que el proyecto para contener los elementos contaminantes de la explotaci\u00f3n prosigue. \u00abAhora estamos centrados en la zona que m\u00e1s concentraci\u00f3n de ars\u00e9nico contiene, junto a los antiguos hornos\u00bb. Ya se ha comenzado a construir una gran balsa, a donde se arrastrar\u00e1n estas tierras y se mezclar\u00e1n con los materiales que tienen que servir para &#8216;atrapar&#8217; las sustancias nocivas.<\/p>\n<p class=\"voc-paragraph\">El proyecto est\u00e1 liderado por la Universidad de Oviedo. Este plan trata de aplicar t\u00e9cnicas asociadas al proyecto &#8216;SUBproducts4LIFE&#8217;. La iniciativa est\u00e1 coordinada por la instituci\u00f3n acad\u00e9mica asturiana y financiada dentro de la convocatoria de 2016 del Programa &#8216;Life&#8217; de la Comisi\u00f3n Europea en el \u00e1rea de medioambiente y uso eficiente de los recursos. Cuenta con una financiaci\u00f3n del 60 % del presupuesto total de 1.470.296 euros, as\u00ed como la cofinanciaci\u00f3n del Ayuntamiento de Lena. La actuaci\u00f3n se centrar\u00e1 en la utilizaci\u00f3n de materiales residuales para \u00abcaptar y retener\u00bb los contaminantes.<\/p>\n<p class=\"voc-paragraph\">.<\/p>\n<p><span style=\"color: #000000;\">Fuente: El Comercio<\/span><\/p>\n<p><a href=\"https:\/\/www.elcomercio.es\/asturias\/cuencas\/lluvias-causaron-manchas-20220116000625-ntvo.html\">Enlace a la noticia<\/a><\/p>\n<\/div><div class=\"fusion-button-wrapper\"><style type=\"text\/css\">.fusion-button.button-1 {border-radius:0px;}<\/style><a class=\"fusion-button button-flat fusion-button-default-size button-default button-1 fusion-button-default-span fusion-button-default-type\" target=\"_self\" href=\"http:\/\/www.unioviedo.es\/SUBproducts4LIFE\/wp-content\/uploads\/2023\/06\/16012022-El-Comercio-Soterrana.pdf\"><span class=\"fusion-button-text\">Descargar PDF<\/span><\/a><\/div><div class=\"fusion-clearfix\"><\/div><\/div><\/div><\/div><style type=\"text\/css\">.fusion-fullwidth.fusion-builder-row-1 { overflow:visible; }<\/style><\/div>\n","protected":false},"excerpt":{"rendered":"","protected":false},"author":1,"featured_media":2680,"comment_status":"closed","ping_status":"open","sticky":false,"template":"","format":"standard","meta":{"_mi_skip_tracking":false,"_monsterinsights_sitenote_active":false,"_monsterinsights_sitenote_note":"","_monsterinsights_sitenote_category":0},"categories":[5,4],"tags":[],"_links":{"self":[{"href":"https:\/\/www.unioviedo.es\/SUBproducts4LIFE\/wp-json\/wp\/v2\/posts\/2679"}],"collection":[{"href":"https:\/\/www.unioviedo.es\/SUBproducts4LIFE\/wp-json\/wp\/v2\/posts"}],"about":[{"href":"https:\/\/www.unioviedo.es\/SUBproducts4LIFE\/wp-json\/wp\/v2\/types\/post"}],"author":[{"embeddable":true,"href":"https:\/\/www.unioviedo.es\/SUBproducts4LIFE\/wp-json\/wp\/v2\/users\/1"}],"replies":[{"embeddable":true,"href":"https:\/\/www.unioviedo.es\/SUBproducts4LIFE\/wp-json\/wp\/v2\/comments?post=2679"}],"version-history":[{"count":6,"href":"https:\/\/www.unioviedo.es\/SUBproducts4LIFE\/wp-json\/wp\/v2\/posts\/2679\/revisions"}],"predecessor-version":[{"id":2856,"href":"https:\/\/www.unioviedo.es\/SUBproducts4LIFE\/wp-json\/wp\/v2\/posts\/2679\/revisions\/2856"}],"wp:featuredmedia":[{"embeddable":true,"href":"https:\/\/www.unioviedo.es\/SUBproducts4LIFE\/wp-json\/wp\/v2\/media\/2680"}],"wp:attachment":[{"href":"https:\/\/www.unioviedo.es\/SUBproducts4LIFE\/wp-json\/wp\/v2\/media?parent=2679"}],"wp:term":[{"taxonomy":"category","embeddable":true,"href":"https:\/\/www.unioviedo.es\/SUBproducts4LIFE\/wp-json\/wp\/v2\/categories?post=2679"},{"taxonomy":"post_tag","embeddable":true,"href":"https:\/\/www.unioviedo.es\/SUBproducts4LIFE\/wp-json\/wp\/v2\/tags?post=2679"}],"curies":[{"name":"wp","href":"https:\/\/api.w.org\/{rel}","templated":true}]}}