{"id":2788,"date":"2017-07-04T10:45:43","date_gmt":"2017-07-04T08:45:43","guid":{"rendered":"https:\/\/www.unioviedo.es\/SUBproducts4LIFE\/?p=2788"},"modified":"2023-07-14T09:21:29","modified_gmt":"2023-07-14T07:21:29","slug":"el-modelo-de-descontaminacion-de-la-soterrana-se-aplicara-en-toda-europa","status":"publish","type":"post","link":"https:\/\/www.unioviedo.es\/SUBproducts4LIFE\/el-modelo-de-descontaminacion-de-la-soterrana-se-aplicara-en-toda-europa\/","title":{"rendered":"El modelo de descontaminaci\u00f3n de La Soterra\u00f1a se aplicar\u00e1 en toda Europa"},"content":{"rendered":"<div class=\"fusion-fullwidth fullwidth-box fusion-builder-row-1 hundred-percent-fullwidth non-hundred-percent-height-scrolling\" style=\"background-color: rgba(255,255,255,0);background-position: center center;background-repeat: no-repeat;padding-top:0px;padding-right:0px;padding-bottom:0px;padding-left:0px;margin-bottom: 0px;margin-top: 0px;border-width: 0px 0px 0px 0px;border-color:#eae9e9;border-style:solid;\" ><div class=\"fusion-builder-row fusion-row\"><div class=\"fusion-layout-column fusion_builder_column fusion-builder-column-0 fusion_builder_column_1_1 1_1 fusion-one-full fusion-column-first fusion-column-last fusion-column-no-min-height\" style=\"margin-top:0px;margin-bottom:0px;\"><div class=\"fusion-column-wrapper fusion-flex-column-wrapper-legacy\" style=\"background-position:left top;background-repeat:no-repeat;-webkit-background-size:cover;-moz-background-size:cover;-o-background-size:cover;background-size:cover;padding: 0px 0px 0px 0px;\"><div class=\"fusion-text fusion-text-1\"><p><strong>La Universidad de Oviedo coordina el proyecto, con buenos resultados en el laboratorio, que tratar\u00e1 el ars\u00e9nico y el mercurio con escoria y cenizas<\/strong><\/p>\n<p>Hace m\u00e1s de treinta a\u00f1os que la mina de mercurio de La Soterra\u00f1a (Valle de Mu\u00f1\u00f3n, Lena) cerr\u00f3 sus puertas. Cientos de trabajadores pasaron por la explotaci\u00f3n, muchos no sobrevivieron: estaban sometidos a altos niveles de contaminaci\u00f3n por mercurio y ars\u00e9nico. Las galer\u00edas quedaron desiertas, pero los contaminantes permanecieron en la tierra y en las aguas que fluyen por el valle. Ahora la Uni\u00f3n Europea, a trav\u00e9s de un proyecto Life, financiar\u00e1 la primera parte de la descontaminaci\u00f3n de la antigua explotaci\u00f3n: 1,5 millones de euros. Es un plan pionero, que incluye el uso de 20.000 toneladas de escoria y cenizas para tratar los contaminantes. Si sale bien en La Soterra\u00f1a, se aplicar\u00e1 en otras minas de Europa. El proyecto est\u00e1 coordinado por la Universidad de Oviedo y<br \/>\ncuenta con la colaboraci\u00f3n del Ayuntamiento de Lena, el Principado y otras entidades y empresas. Los responsables del programa acudieron ayer a La Soterra\u00f1a para explicar sus planes a los vecinos.<br \/>\nTreinta a\u00f1os de quejas vecinales que ahora tienen respuesta. La alcaldesa, Genma \u00c1lvarez, explic\u00f3 que la planificaci\u00f3n empez\u00f3 ya en 2008. \u00abLos vecinos son los verdaderos art\u00edfices de este logro\u00bb, se\u00f1al\u00f3. Tambi\u00e9n agradeci\u00f3 la colaboraci\u00f3n del t\u00e9cnico municipal, David Barraso, \u00abque ha trabajado mucho para que este proyecto sea una realidad\u00bb. Un proyecto que coordina el investigador Rafael Rodr\u00edguez y que ha resultado \u00abmuy bien\u00bb en las pruebas de laboratorio. Ahora actuar\u00e1n en una mina real. Las 20.000 toneladas de subproductos llegar\u00e1n desde t\u00e9rmicas, cementeras y hornos de acer\u00edas de la regi\u00f3n. Seg\u00fan explic\u00f3 Rodr\u00edguez, \u00abse utilizar\u00e1n cuatro subproductos\u00bb. Estos son las cenizas de las t\u00e9rmicas y los yesos que se utilizan para eliminar el sulfuro de los humos de las centrales. Las escorias son de hornos altos de acer\u00edas y de cementeras. El objetivo es que esos subproductos \u00abfijen\u00bb los contaminantes en varias zanjas, para evitar as\u00ed que el agua fluya contaminado. Tambi\u00e9n actuar\u00e1n en la principal escombrera de La Soterra\u00f1a que \u00abtiene altas concentraciones de contaminantes\u00bb. Es la primera vez que estos subproductos se aplican a la descontaminaci\u00f3n de ars\u00e9nico y mercurio. Y el proyecto continuar\u00e1 en distintas fases: \u00abCuando se pone en marcha un plan europeo es para darle continuidad\u00bb. La Soterra\u00f1a es la \u00abplanta piloto\u00bb de la investigaci\u00f3n. Pero, a medida que avancen los resultados, se podr\u00e1 trasladar a otros lugares de Europa. Diego Fern\u00e1ndez, de Biosfera (entidad involucrada en el factor ambiental), afirm\u00f3 que \u00abeste tipo de problemas de contaminaci\u00f3n existen en centro Europa, como la Rep\u00fablica Checa y Alemania\u00bb. Pero antes de volar lejos, tambi\u00e9n intentar\u00e1n involucrar en sus planes a la mina de La Tarronal, en Mieres: una explotaci\u00f3n que funcion\u00f3 durante d\u00e9cadas y con una problem\u00e1tica id\u00e9ntica a la de La Soterra\u00f1a. Con calma. El proyecto de descontaminaci\u00f3n de La Soterra\u00f1a se desarrollar\u00e1 en un plazo de cuatro a\u00f1os. Estefan\u00eda D\u00edaz, de la empresa Tecmim (encargada de la ejecuci\u00f3n de obras), destac\u00f3 que \u00abla llegada de los subproductos ser\u00e1 paulatina y no tendr\u00e1 un gran impacto en la zona\u00bb. \u00abNo habr\u00e1 camiones todo el d\u00eda por la carretera\u00bb, asever\u00f3. Los vecinos estar\u00e1n informados en todo momento del avance de la actuaci\u00f3n: \u00abLa difusi\u00f3n y la transparencia sobre lo que estamos haciendo es esencial<br \/>\npara acometer con \u00e9xito el proyecto\u00bb, concluy\u00f3 Rafael Rodr\u00edguez.<\/p>\n<p><span style=\"color: #000000;\">Fuente: La Nueva Espa\u00f1a<\/span><\/p>\n<p><a href=\"https:\/\/www.lne.es\/cuencas\/2017\/07\/04\/modelo-descontaminacion-soterrana-aplicara-europa-19276072.html\">Enlace a la noticia<\/a><\/p>\n<\/div><div class=\"fusion-button-wrapper\"><style type=\"text\/css\">.fusion-button.button-1 {border-radius:0px;}<\/style><a class=\"fusion-button button-flat fusion-button-default-size button-default button-1 fusion-button-default-span fusion-button-default-type\" target=\"_self\" href=\"http:\/\/www.unioviedo.es\/SUBproducts4LIFE\/wp-content\/uploads\/2023\/06\/04072017-La-Nueva-Espana-Soterrana.pdf\"><span class=\"fusion-button-text\">Descargar PDF<\/span><\/a><\/div><div class=\"fusion-clearfix\"><\/div><\/div><\/div><\/div><style type=\"text\/css\">.fusion-fullwidth.fusion-builder-row-1 { overflow:visible; }<\/style><\/div>\n","protected":false},"excerpt":{"rendered":"","protected":false},"author":1,"featured_media":2789,"comment_status":"closed","ping_status":"open","sticky":false,"template":"","format":"standard","meta":{"_mi_skip_tracking":false,"_monsterinsights_sitenote_active":false,"_monsterinsights_sitenote_note":"","_monsterinsights_sitenote_category":0},"categories":[5,4,36],"tags":[],"_links":{"self":[{"href":"https:\/\/www.unioviedo.es\/SUBproducts4LIFE\/wp-json\/wp\/v2\/posts\/2788"}],"collection":[{"href":"https:\/\/www.unioviedo.es\/SUBproducts4LIFE\/wp-json\/wp\/v2\/posts"}],"about":[{"href":"https:\/\/www.unioviedo.es\/SUBproducts4LIFE\/wp-json\/wp\/v2\/types\/post"}],"author":[{"embeddable":true,"href":"https:\/\/www.unioviedo.es\/SUBproducts4LIFE\/wp-json\/wp\/v2\/users\/1"}],"replies":[{"embeddable":true,"href":"https:\/\/www.unioviedo.es\/SUBproducts4LIFE\/wp-json\/wp\/v2\/comments?post=2788"}],"version-history":[{"count":2,"href":"https:\/\/www.unioviedo.es\/SUBproducts4LIFE\/wp-json\/wp\/v2\/posts\/2788\/revisions"}],"predecessor-version":[{"id":2884,"href":"https:\/\/www.unioviedo.es\/SUBproducts4LIFE\/wp-json\/wp\/v2\/posts\/2788\/revisions\/2884"}],"wp:featuredmedia":[{"embeddable":true,"href":"https:\/\/www.unioviedo.es\/SUBproducts4LIFE\/wp-json\/wp\/v2\/media\/2789"}],"wp:attachment":[{"href":"https:\/\/www.unioviedo.es\/SUBproducts4LIFE\/wp-json\/wp\/v2\/media?parent=2788"}],"wp:term":[{"taxonomy":"category","embeddable":true,"href":"https:\/\/www.unioviedo.es\/SUBproducts4LIFE\/wp-json\/wp\/v2\/categories?post=2788"},{"taxonomy":"post_tag","embeddable":true,"href":"https:\/\/www.unioviedo.es\/SUBproducts4LIFE\/wp-json\/wp\/v2\/tags?post=2788"}],"curies":[{"name":"wp","href":"https:\/\/api.w.org\/{rel}","templated":true}]}}