{"id":2860,"date":"2023-06-23T10:23:53","date_gmt":"2023-06-23T08:23:53","guid":{"rendered":"https:\/\/www.unioviedo.es\/SUBproducts4LIFE\/?p=2860"},"modified":"2023-06-30T10:38:25","modified_gmt":"2023-06-30T08:38:25","slug":"visita-de-cinea-reunion-del-consorcio-en-el-life-center-de-pola-de-lena","status":"publish","type":"post","link":"https:\/\/www.unioviedo.es\/SUBproducts4LIFE\/visita-de-cinea-reunion-del-consorcio-en-el-life-center-de-pola-de-lena\/","title":{"rendered":"Visita de CINEA: Reuni\u00f3n del Consorcio en el LIFE Center de Pola de Lena"},"content":{"rendered":"<div class=\"fusion-fullwidth fullwidth-box fusion-builder-row-1 hundred-percent-fullwidth non-hundred-percent-height-scrolling\" style=\"background-color: rgba(255,255,255,0);background-position: center center;background-repeat: no-repeat;padding-top:0px;padding-right:0px;padding-bottom:0px;padding-left:0px;margin-bottom: 0px;margin-top: 0px;border-width: 0px 0px 0px 0px;border-color:#eae9e9;border-style:solid;\" ><div class=\"fusion-builder-row fusion-row\"><div class=\"fusion-layout-column fusion_builder_column fusion-builder-column-0 fusion_builder_column_1_1 1_1 fusion-one-full fusion-column-first fusion-column-last fusion-column-no-min-height\" style=\"margin-top:0px;margin-bottom:0px;\"><div class=\"fusion-column-wrapper fusion-flex-column-wrapper-legacy\" style=\"background-position:left top;background-repeat:no-repeat;-webkit-background-size:cover;-moz-background-size:cover;-o-background-size:cover;background-size:cover;padding: 0px 0px 0px 0px;\"><div class=\"fusion-text fusion-text-1\"><h3>Europa replicar\u00e1 la descontaminaci\u00f3n de la vieja mina de mercurio La Soterra\u00f1a en otros pa\u00edses<\/h3>\n<p><\/strong><\/p>\n<h4>Fabio Leone, responsable de la Agencia Ejecutiva Europea de Clima, apuesta por expandir el proyecto \u00abante los \u00f3ptimos resultados\u00bb<\/h4>\n<p><\/strong><br \/>\nPaso al frente definitivo del proyecto europeo LIFE SubProducts, que investiga la \u00abfijaci\u00f3n\u00bb de contaminantes al suelo para evitar su expansi\u00f3n en la mina La Soterra\u00f1a (Lena). Fabio Leone, Head of sector de la Agencia Ejecutiva Europea de Clima, Infraestructuras y Medio Ambiente (European Climate, Infrastructure and Environment Executive Agency, CINEA) \u2013un alto cargo de la Uni\u00f3n Europea\u2013, visit\u00f3 ayer Lena para conocer de primera mano los trabajos en la antigua explotaci\u00f3n de mercurio. Hizo un anuncio rotundo: \u00abSi sigue dando estos\u00a0<a href=\"https:\/\/elecciones.lne.es\/resultados-elecciones\/autonomicas\/principado-de-asturias\/\"><strong>resultados<\/strong><\/a>, lo que pretendemos es replicarlo en otros pa\u00edses con el mismo problema\u00bb.<\/p>\n<p>Era algo que ya se planteaba desde el inicio del proyecto. Pero la clave estaba en una pregunta: \u00bfFuncionar\u00e1? De primeras, era arriesgado. Explic\u00f3 Rafael Rodr\u00edguez, profesor de la Universidad de Oviedo y uno de los responsables del proyecto, que \u00abse trata de un plan muy innovador\u00bb. Porque es relativamente barato: los elementos contaminantes se \u00abfijan\u00bb al suelo, para evitar su expansi\u00f3n con el agua de escorrent\u00eda, con el uso de cenizas y escorias de otras empresas. Porque es circular: \u00abTerminamos con un problema, la contaminaci\u00f3n en la mina, y mejoramos otro, con la reducci\u00f3n de desechos de la industria\u00bb. Y, lo que es m\u00e1s importante, porque est\u00e1 recogiendo unos resultados \u00ab\u00f3ptimos\u00bb.<\/p>\n<h4><strong>Resultados<\/strong><\/h4>\n<p><\/strong><br \/>\nTan buenos como que no solo han conseguido fijar los contaminantes, sino que han registrado una reducci\u00f3n en las emisiones del subsuelo. Tendr\u00e1n que esperar unas semanas m\u00e1s para culminar el estudio. \u00abLa meteorolog\u00eda actual no est\u00e1 ayudando en la recogida de pruebas\u00bb, apunt\u00f3 Estefan\u00eda D\u00edaz, directora t\u00e9cnica del proyecto.<\/p>\n<p>Con los primeros resultados, al proyecto ya le han salido un par de \u00abpretendientes\u00bb. Se han informado sobre el plan LIFE SubProducts desde Italia, en una explotaci\u00f3n que se est\u00e1 restaurando. Tambi\u00e9n desde Eslovenia, para abordar una descontaminaci\u00f3n que a\u00fan no ha comenzado. \u00abEstamos en continuo contacto y esperamos organizar un congreso internacional\u00bb, apunt\u00f3 Rafael Rodr\u00edguez.<\/p>\n<p>Al encuentro con Fabio Leone tambi\u00e9n acudieron responsables del plan LIFE en Espa\u00f1a, como Borja Dom\u00ednguez, o Ricardo Fe, de la empresa Edersa. Tambi\u00e9n hubo representantes de\u00a0<a href=\"https:\/\/www.lne.es\/tags\/edp\/\"><strong>EDP<\/strong><\/a>\u00a0y otras entidades privadas que colaboran. Adem\u00e1s de la alcaldesa de Lena, Gema \u00c1lvarez.<\/p>\n<\/div><div class=\"fusion-button-wrapper\"><style type=\"text\/css\">.fusion-button.button-1 {border-radius:0px;}<\/style><a class=\"fusion-button button-flat fusion-button-default-size button-default button-1 fusion-button-default-span fusion-button-default-type\" target=\"_self\" href=\"http:\/\/www.unioviedo.es\/SUBproducts4LIFE\/wp-content\/uploads\/2023\/06\/20230623-Noticia-LNE.pdf\"><span class=\"fusion-button-text\">Descargar PDF<\/span><\/a><\/div><div class=\"fusion-clearfix\"><\/div><\/div><\/div><\/div><style type=\"text\/css\">.fusion-fullwidth.fusion-builder-row-1 { overflow:visible; }<\/style><\/div>\n","protected":false},"excerpt":{"rendered":"","protected":false},"author":1,"featured_media":2861,"comment_status":"closed","ping_status":"open","sticky":false,"template":"","format":"standard","meta":{"_mi_skip_tracking":false,"_monsterinsights_sitenote_active":false,"_monsterinsights_sitenote_note":"","_monsterinsights_sitenote_category":0},"categories":[5,4,36],"tags":[],"_links":{"self":[{"href":"https:\/\/www.unioviedo.es\/SUBproducts4LIFE\/wp-json\/wp\/v2\/posts\/2860"}],"collection":[{"href":"https:\/\/www.unioviedo.es\/SUBproducts4LIFE\/wp-json\/wp\/v2\/posts"}],"about":[{"href":"https:\/\/www.unioviedo.es\/SUBproducts4LIFE\/wp-json\/wp\/v2\/types\/post"}],"author":[{"embeddable":true,"href":"https:\/\/www.unioviedo.es\/SUBproducts4LIFE\/wp-json\/wp\/v2\/users\/1"}],"replies":[{"embeddable":true,"href":"https:\/\/www.unioviedo.es\/SUBproducts4LIFE\/wp-json\/wp\/v2\/comments?post=2860"}],"version-history":[{"count":6,"href":"https:\/\/www.unioviedo.es\/SUBproducts4LIFE\/wp-json\/wp\/v2\/posts\/2860\/revisions"}],"predecessor-version":[{"id":2870,"href":"https:\/\/www.unioviedo.es\/SUBproducts4LIFE\/wp-json\/wp\/v2\/posts\/2860\/revisions\/2870"}],"wp:featuredmedia":[{"embeddable":true,"href":"https:\/\/www.unioviedo.es\/SUBproducts4LIFE\/wp-json\/wp\/v2\/media\/2861"}],"wp:attachment":[{"href":"https:\/\/www.unioviedo.es\/SUBproducts4LIFE\/wp-json\/wp\/v2\/media?parent=2860"}],"wp:term":[{"taxonomy":"category","embeddable":true,"href":"https:\/\/www.unioviedo.es\/SUBproducts4LIFE\/wp-json\/wp\/v2\/categories?post=2860"},{"taxonomy":"post_tag","embeddable":true,"href":"https:\/\/www.unioviedo.es\/SUBproducts4LIFE\/wp-json\/wp\/v2\/tags?post=2860"}],"curies":[{"name":"wp","href":"https:\/\/api.w.org\/{rel}","templated":true}]}}