{"id":2903,"date":"2023-08-17T09:03:33","date_gmt":"2023-08-17T07:03:33","guid":{"rendered":"https:\/\/www.unioviedo.es\/SUBproducts4LIFE\/?p=2903"},"modified":"2023-08-25T10:15:45","modified_gmt":"2023-08-25T08:15:45","slug":"la-sequia-obliga-a-prolongar-unos-meses-la-descontaminacion-de-la-mina-de-mercurio-de-la-soterrana-en-lena","status":"publish","type":"post","link":"https:\/\/www.unioviedo.es\/SUBproducts4LIFE\/la-sequia-obliga-a-prolongar-unos-meses-la-descontaminacion-de-la-mina-de-mercurio-de-la-soterrana-en-lena\/","title":{"rendered":"La sequ\u00eda obliga a prolongar unos meses la descontaminaci\u00f3n de la mina de mercurio de La Soterra\u00f1a, en Lena"},"content":{"rendered":"<div class=\"fusion-fullwidth fullwidth-box fusion-builder-row-1 hundred-percent-fullwidth non-hundred-percent-height-scrolling\" style=\"background-color: rgba(255,255,255,0);background-position: center center;background-repeat: no-repeat;padding-top:0px;padding-right:0px;padding-bottom:0px;padding-left:0px;margin-bottom: 0px;margin-top: 0px;border-width: 0px 0px 0px 0px;border-color:#eae9e9;border-style:solid;\" ><div class=\"fusion-builder-row fusion-row\"><div class=\"fusion-layout-column fusion_builder_column fusion-builder-column-0 fusion_builder_column_1_1 1_1 fusion-one-full fusion-column-first fusion-column-last fusion-column-no-min-height\" style=\"margin-top:0px;margin-bottom:0px;\"><div class=\"fusion-column-wrapper fusion-flex-column-wrapper-legacy\" style=\"background-position:left top;background-repeat:no-repeat;-webkit-background-size:cover;-moz-background-size:cover;-o-background-size:cover;background-size:cover;padding: 0px 0px 0px 0px;\"><div class=\"fusion-text fusion-text-1\"><h5 class=\"headline-article__extended-subtitle\">El proyecto continuar\u00e1 hasta el invierno para observar la fijaci\u00f3n de materiales bajo la lluvia, que ya se ha comprobado con cubas de agua<\/h5>\n<p>El proyecto europeo para la descontaminaci\u00f3n de la antigua mina de La Soterra\u00f1a (en el valle de Mu\u00f1\u00f3n, Lena) ha conseguido una pr\u00f3rroga en el plazo de ejecuci\u00f3n hasta el final de a\u00f1o. Los responsables de la actuaci\u00f3n, presentada bajo el ep\u00edgrafe LIFE SubProducts, dedicar\u00e1n los pr\u00f3ximos meses a afianzar los excelentes resultados que ha arrojado el estudio. La falta de precipitaciones durante los \u00faltimos meses ha obligado, incluso, a usar<br \/>\ncubas de agua para simular lluvias torrenciales. \u00abYa que tenemos la posibilidad de seguir trabajando, preferimos esperar al invierno para estar absolutamente seguros\u00bb, apunt\u00f3 Estefan\u00eda D\u00edaz, responsable de la empresa Tecmim (encargada de la ejecuci\u00f3n de las obras). El proyecto, que empez\u00f3 a finales de 2019, es pionero en Europa. Por la f\u00f3rmula: limpia la zona de contaminantes, en este caso mercurio y ars\u00e9nico, a trav\u00e9s de su \u00abfijaci\u00f3n \u00bb al subsuelo. Por el m\u00e9todo: se utilizan 20.000 toneladas de escorias y cenizas procedentes del sector industrial de la regi\u00f3n. Adem\u00e1s de Tecmim, participan la Universidad de Oviedo con colaboraci\u00f3n del Ayuntamiento de Lena. Adem\u00e1s de otras empresas privadas que se han involucrado en distintas fases de la actuaci\u00f3n. Ahora ya est\u00e1n en los \u00faltimos flecos. Los responsables de la obra han asegurado que \u00ablas pruebas que hemos conseguido hasta ahora son excelentes\u00bb. No solo han conseguido \u00abfijar\u00bb los contaminantes al subsuelo, evitando as\u00ed su propagaci\u00f3n por el valle de Mu\u00f1\u00f3n, sino tambi\u00e9n mermar las emisiones de mercurio en el entorno. Son tan buenos resultados que incluso responsables de la Uni\u00f3n Europea han visitado el concejo para interesarse por el trabajo. Fabio Leone, Head of sector de la Agencia Ejecutiva Europea de Clima, Infraestructuras y Medio Ambiente, anunci\u00f3 recientemente en Lena que est\u00e1 previsto replicar este proyecto en otras minas de Europa. Sin que el proyecto se haya dado por culminado, a la espera de estos \u00faltimos meses, los responsables conf\u00edan en mantener los buenos resultados. \u00abSe trata \u00fanicamente de una \u00faltima comprobaci\u00f3n del comportamiento de los contaminantes con intensas precipitaciones \u00bb, reiter\u00f3 Estefan\u00eda D\u00edaz. Las pruebas con las cubas de agua, que fueron trasladadas por el valle de Mu\u00f1\u00f3n hasta las instalaciones, tambi\u00e9n fueron exitosas.<\/p>\n<p><span style=\"color: #000000;\">Fuente: La Nueva Espa\u00f1a<\/span><\/p>\n<p><a href=\"https:\/\/www.lne.es\/cuencas\/2023\/08\/17\/sequia-obliga-prolongar-meses-descontaminacion-91028013.html\">Enlace a la noticia<\/a><\/p>\n<\/div><div class=\"fusion-button-wrapper\"><style type=\"text\/css\">.fusion-button.button-1 {border-radius:0px;}<\/style><a class=\"fusion-button button-flat fusion-button-default-size button-default button-1 fusion-button-default-span fusion-button-default-type\" target=\"_self\" href=\"http:\/\/www.unioviedo.es\/SUBproducts4LIFE\/wp-content\/uploads\/2023\/08\/20230817-Noticia-LNE.pdf\"><span class=\"fusion-button-text\">Descargar PDF<\/span><\/a><\/div><div class=\"fusion-clearfix\"><\/div><\/div><\/div><\/div><style type=\"text\/css\">.fusion-fullwidth.fusion-builder-row-1 { overflow:visible; }<\/style><\/div>\n","protected":false},"excerpt":{"rendered":"","protected":false},"author":1,"featured_media":2905,"comment_status":"closed","ping_status":"open","sticky":false,"template":"","format":"standard","meta":{"_mi_skip_tracking":false,"_monsterinsights_sitenote_active":false,"_monsterinsights_sitenote_note":"","_monsterinsights_sitenote_category":0},"categories":[5,4,36],"tags":[],"_links":{"self":[{"href":"https:\/\/www.unioviedo.es\/SUBproducts4LIFE\/wp-json\/wp\/v2\/posts\/2903"}],"collection":[{"href":"https:\/\/www.unioviedo.es\/SUBproducts4LIFE\/wp-json\/wp\/v2\/posts"}],"about":[{"href":"https:\/\/www.unioviedo.es\/SUBproducts4LIFE\/wp-json\/wp\/v2\/types\/post"}],"author":[{"embeddable":true,"href":"https:\/\/www.unioviedo.es\/SUBproducts4LIFE\/wp-json\/wp\/v2\/users\/1"}],"replies":[{"embeddable":true,"href":"https:\/\/www.unioviedo.es\/SUBproducts4LIFE\/wp-json\/wp\/v2\/comments?post=2903"}],"version-history":[{"count":5,"href":"https:\/\/www.unioviedo.es\/SUBproducts4LIFE\/wp-json\/wp\/v2\/posts\/2903\/revisions"}],"predecessor-version":[{"id":2916,"href":"https:\/\/www.unioviedo.es\/SUBproducts4LIFE\/wp-json\/wp\/v2\/posts\/2903\/revisions\/2916"}],"wp:featuredmedia":[{"embeddable":true,"href":"https:\/\/www.unioviedo.es\/SUBproducts4LIFE\/wp-json\/wp\/v2\/media\/2905"}],"wp:attachment":[{"href":"https:\/\/www.unioviedo.es\/SUBproducts4LIFE\/wp-json\/wp\/v2\/media?parent=2903"}],"wp:term":[{"taxonomy":"category","embeddable":true,"href":"https:\/\/www.unioviedo.es\/SUBproducts4LIFE\/wp-json\/wp\/v2\/categories?post=2903"},{"taxonomy":"post_tag","embeddable":true,"href":"https:\/\/www.unioviedo.es\/SUBproducts4LIFE\/wp-json\/wp\/v2\/tags?post=2903"}],"curies":[{"name":"wp","href":"https:\/\/api.w.org\/{rel}","templated":true}]}}