{"id":482,"date":"2017-06-30T17:10:24","date_gmt":"2017-06-30T15:10:24","guid":{"rendered":"http:\/\/www.unioviedo.es\/SUBproducts4LIFE\/?p=482"},"modified":"2018-12-11T10:56:39","modified_gmt":"2018-12-11T09:56:39","slug":"conceptual-fluid-design","status":"publish","type":"post","link":"https:\/\/www.unioviedo.es\/SUBproducts4LIFE\/conceptual-fluid-design\/","title":{"rendered":"La Universidad de Oviedo logra financiaci\u00f3n de la Uni\u00f3n Europea en su programa Medioambiental LIFE"},"content":{"rendered":"<div class=\"fusion-fullwidth fullwidth-box fusion-builder-row-1 hundred-percent-fullwidth non-hundred-percent-height-scrolling\" style=\"background-color: rgba(255,255,255,0);background-position: center center;background-repeat: no-repeat;padding-top:0px;padding-right:0px;padding-bottom:0px;padding-left:0px;margin-bottom: 0px;margin-top: 0px;border-width: 0px 0px 0px 0px;border-color:#eae9e9;border-style:solid;\" ><div class=\"fusion-builder-row fusion-row\"><div class=\"fusion-layout-column fusion_builder_column fusion-builder-column-0 fusion_builder_column_1_1 1_1 fusion-one-full fusion-column-first fusion-column-last fusion-column-no-min-height\" style=\"margin-top:0px;margin-bottom:0px;\"><div class=\"fusion-column-wrapper fusion-flex-column-wrapper-legacy\" style=\"background-position:left top;background-repeat:no-repeat;-webkit-background-size:cover;-moz-background-size:cover;-o-background-size:cover;background-size:cover;padding: 0px 0px 0px 0px;\"><div class=\"fusion-text fusion-text-1\"><p>Un proyecto coordinado por la Universidad de Oviedo ha conseguido cerca de 1,5 millones de euros de financiaci\u00f3n de la Uni\u00f3n Europea en el marco del programa Medioambiental LIFE. La iniciativa de la instituci\u00f3n acad\u00e9mica, que se enmarca dentro de la estrategia europea de econom\u00eda circular, lleva por t\u00edtulo \u00abSUBproducts4LIFE, Innovative circular economy concepts by reusing industrial subproducts and waste (Reutilizaci\u00f3n de subproductos y residuos industriales en procesos innovadores de econom\u00eda circular)\u00bb.<\/p>\n<h3><\/h3>\n<\/div><div class=\"fusion-clearfix\"><\/div><\/div><\/div><div class=\"fusion-layout-column fusion_builder_column fusion-builder-column-1 fusion_builder_column_1_2 1_2 fusion-one-half fusion-column-first\" style=\"width:48%; margin-right: 4%;margin-top:20px;margin-bottom:0px;\"><div class=\"fusion-column-wrapper fusion-flex-column-wrapper-legacy\" style=\"background-position:left top;background-repeat:no-repeat;-webkit-background-size:cover;-moz-background-size:cover;-o-background-size:cover;background-size:cover;padding: 0px 0px 0px 0px;\"><div class=\"fusion-slider-sc fusion-flexslider-loading flexslider flexslider-hover-type-none\" data-slideshow_autoplay=\"1\" data-slideshow_smooth_height=\"1\" data-slideshow_speed=\"7000\" style=\"max-width:100%;height:100%;\"><ul class=\"slides\"><li class=\"image\"><span class=\"fusion-image-hover-element hover-type-none\"><img src=\"http:\/\/www.unioviedo.es\/SUBproducts4LIFE\/wp-content\/uploads\/2017\/06\/Foto-rueda-de-prensa-proyecto.JPG.jpg\" \/><\/span><\/li><\/ul><\/div><div class=\"fusion-clearfix\"><\/div><\/div><\/div><div class=\"fusion-layout-column fusion_builder_column fusion-builder-column-2 fusion_builder_column_1_2 1_2 fusion-one-half fusion-column-last\" style=\"width:48%;margin-top:0px;margin-bottom:20px;\"><div class=\"fusion-column-wrapper fusion-flex-column-wrapper-legacy\" style=\"background-position:left top;background-repeat:no-repeat;-webkit-background-size:cover;-moz-background-size:cover;-o-background-size:cover;background-size:cover;padding: 10px 0px 0px 0px;\"><div class=\"fusion-column-content-centered\"><div class=\"fusion-column-content\"><div class=\"fusion-text fusion-text-2\"><h4>El proyecto coordinado por la instituci\u00f3n acad\u00e9mica, que contar\u00e1 con un presupuesto cercano a los 1,5 millones de euros, iniciar\u00e1 la recuperaci\u00f3n de la mina de La Soterra\u00f1a, ubicada en el alto del valle de Mu\u00f1\u00f3n (Lena).<\/h4>\n<\/div><\/div><\/div><div class=\"fusion-clearfix\"><\/div><\/div><\/div><div class=\"fusion-layout-column fusion_builder_column fusion-builder-column-3 fusion_builder_column_1_1 1_1 fusion-one-full fusion-column-first fusion-column-last fusion-column-no-min-height\" style=\"margin-top:0px;margin-bottom:0px;\"><div class=\"fusion-column-wrapper fusion-flex-column-wrapper-legacy\" style=\"background-position:left top;background-repeat:no-repeat;-webkit-background-size:cover;-moz-background-size:cover;-o-background-size:cover;background-size:cover;padding: 0px 0px 0px 0px;\"><div class=\"fusion-text fusion-text-3\"><p>Este proyecto sentar\u00e1 las bases para la recuperaci\u00f3n de la explotaci\u00f3n de La Soterra\u00f1a, ubicada en el alto del valle de Mu\u00f1\u00f3n, concejo de Lena, que funcion\u00f3 desde 1950 hasta 1974, afectada por la contaminaci\u00f3n de metales como el ars\u00e9nico y el mercurio. M\u00e1s de cuarenta a\u00f1os despu\u00e9s de su cierre, este ser\u00e1 el primer proyecto que afronte su descontaminaci\u00f3n parcial. Tambi\u00e9n est\u00e1n previstas actuaciones en El Terronal en Mieres.<\/p>\n<p>En el consorcio participan grandes empresas como el Grupo Masaveu Industria (Edersa) y HC Energ\u00eda del Grupo EDP, pymes como \u00abBiosfera\u00bb, \u00abGlobal Services\u00bb, y \u00abTecnolog\u00eda del Medio Ambiente y Miner\u00eda\u00bb, empresas arraigadas en Asturias. El Ayuntamiento de Lena participa como cofinanciador y el Gobierno del Principado de Asturias lo hace a trav\u00e9s del Instituto Asturiano de Prevenci\u00f3n de Riesgos Laborales.<\/p>\n<\/div><style type=\"text\/css\"><\/style><div class=\"fusion-title title fusion-title-1 fusion-sep-none fusion-title-text fusion-title-size-one\" style=\"margin-top:0px;margin-right:0px;margin-bottom:30px;margin-left:0px;\"><h1 class=\"title-heading-left fusion-responsive-typography-calculated\" style=\"margin:0;--fontSize:52;line-height:1.3;\"><h4 data-fontsize=\"24\" data-lineheight=\"33\">SUBproducts4LIFE apuesta por la reutilizaci\u00f3n de subproductos y residuos industriales para la rehabilitaci\u00f3n de suelos contaminados y \u00e1reas de industriales degradadas.<\/h4><\/h1><\/div><div class=\"fusion-text fusion-text-4\"><p>El rector, Santiago Garc\u00eda Granda, present\u00f3 SUBproducts4LIFE en rueda de prensa junto a la directora general de Miner\u00eda y Energ\u00eda del Principado de Asturias, M.\u00aa Belarmina D\u00edaz Aguado; la alcaldesa de Lena, Gemma \u00c1lvarez; y el investigador principal del proyecto, Rafael Rodr\u00edguez D\u00edez, de la Universidad de Oviedo.<\/p>\n<p>La explicaci\u00f3n t\u00e9cnica del proyecto corri\u00f3 a cargo de su investigador principal, Rafael Rodr\u00edguez, que se\u00f1al\u00f3 que SUBproducts4LIFE trabajar\u00e1 en dos direcciones: \u00abpor un lado, el tratamiento del propio escombro, para mejorar su situaci\u00f3n, y por otro, el tratamiento del agua, para evitar que el agua de lluvia se pueda cargar de elementos contaminantes en la escombrera y llegar al cauce de los r\u00edos\u00bb. Para estas actuaciones se contar\u00e1 con entre 15.000 y 20.000 toneladas de subproducto, en concreto cenizas y yeso, es decir, material inerte, obtenido de los desechos de industrias de Asturias.<\/p>\n<\/div><div class=\"fusion-clearfix\"><\/div><\/div><\/div><\/div><style type=\"text\/css\">.fusion-fullwidth.fusion-builder-row-1 { overflow:visible; }<\/style><\/div>\n","protected":false},"excerpt":{"rendered":"","protected":false},"author":1,"featured_media":1936,"comment_status":"closed","ping_status":"open","sticky":false,"template":"","format":"standard","meta":{"_mi_skip_tracking":false,"_monsterinsights_sitenote_active":false,"_monsterinsights_sitenote_note":"","_monsterinsights_sitenote_category":0},"categories":[5,4],"tags":[],"_links":{"self":[{"href":"https:\/\/www.unioviedo.es\/SUBproducts4LIFE\/wp-json\/wp\/v2\/posts\/482"}],"collection":[{"href":"https:\/\/www.unioviedo.es\/SUBproducts4LIFE\/wp-json\/wp\/v2\/posts"}],"about":[{"href":"https:\/\/www.unioviedo.es\/SUBproducts4LIFE\/wp-json\/wp\/v2\/types\/post"}],"author":[{"embeddable":true,"href":"https:\/\/www.unioviedo.es\/SUBproducts4LIFE\/wp-json\/wp\/v2\/users\/1"}],"replies":[{"embeddable":true,"href":"https:\/\/www.unioviedo.es\/SUBproducts4LIFE\/wp-json\/wp\/v2\/comments?post=482"}],"version-history":[{"count":13,"href":"https:\/\/www.unioviedo.es\/SUBproducts4LIFE\/wp-json\/wp\/v2\/posts\/482\/revisions"}],"predecessor-version":[{"id":1969,"href":"https:\/\/www.unioviedo.es\/SUBproducts4LIFE\/wp-json\/wp\/v2\/posts\/482\/revisions\/1969"}],"wp:featuredmedia":[{"embeddable":true,"href":"https:\/\/www.unioviedo.es\/SUBproducts4LIFE\/wp-json\/wp\/v2\/media\/1936"}],"wp:attachment":[{"href":"https:\/\/www.unioviedo.es\/SUBproducts4LIFE\/wp-json\/wp\/v2\/media?parent=482"}],"wp:term":[{"taxonomy":"category","embeddable":true,"href":"https:\/\/www.unioviedo.es\/SUBproducts4LIFE\/wp-json\/wp\/v2\/categories?post=482"},{"taxonomy":"post_tag","embeddable":true,"href":"https:\/\/www.unioviedo.es\/SUBproducts4LIFE\/wp-json\/wp\/v2\/tags?post=482"}],"curies":[{"name":"wp","href":"https:\/\/api.w.org\/{rel}","templated":true}]}}