{"id":1845,"date":"2019-12-20T10:00:36","date_gmt":"2019-12-20T09:00:36","guid":{"rendered":"https:\/\/www.unioviedo.es\/aei\/?p=1845"},"modified":"2021-01-24T20:04:04","modified_gmt":"2021-01-24T19:04:04","slug":"divulgacion-en-la-web-del-cepa-bernal-diaz-del-castillo-medina-del-campo%ef%bb%bf","status":"publish","type":"post","link":"https:\/\/www.unioviedo.es\/aei\/2019\/12\/20\/divulgacion-en-la-web-del-cepa-bernal-diaz-del-castillo-medina-del-campo%ef%bb%bf\/","title":{"rendered":"Divulgaci\u00f3n en la web del CEPA Bernal D\u00edaz del Castillo. Medina del Campo\ufeff"},"content":{"rendered":"\n<figure class=\"wp-block-image\"><a href=\"https:\/\/47007409.wixsite.com\/cepabernal\/erasmus-ka204-gij%C3%B3n\"><img loading=\"lazy\" decoding=\"async\" width=\"1014\" height=\"985\" src=\"https:\/\/www.unioviedo.es\/aei\/wp-content\/uploads\/2020\/12\/cepa_bernal.jpg\" alt=\"Publicaci\u00f3n en la web del CEPA Bernal D\u00edaz del Castillo\" class=\"wp-image-1846\" srcset=\"https:\/\/www.unioviedo.es\/aei\/wp-content\/uploads\/2020\/12\/cepa_bernal.jpg 1014w, https:\/\/www.unioviedo.es\/aei\/wp-content\/uploads\/2020\/12\/cepa_bernal-300x291.jpg 300w, https:\/\/www.unioviedo.es\/aei\/wp-content\/uploads\/2020\/12\/cepa_bernal-768x746.jpg 768w\" sizes=\"auto, (max-width: 1014px) 100vw, 1014px\" \/><\/a><\/figure>\n\n\n\n<p>Divulgaci\u00f3n en el blog Wix del CEPA Bernal D\u00edaz del Castillo dedicado a la publicaci\u00f3n de noticias relacionadas con los proyectos Erasmus+ que se llevan a cabo en nuestro centro, asimismo se incluyen en el blog todas las noticias de inter\u00e9s relacionadas con la Internacionalizaci\u00f3n del centro.<\/p>\n","protected":false},"excerpt":{"rendered":"<p>Divulgaci\u00f3n en el blog Wix del CEPA Bernal D\u00edaz del Castillo dedicado a la publicaci\u00f3n de noticias relacionadas con los proyectos Erasmus+ que se llevan a cabo en nuestro centro, asimismo se incluyen en el blog todas las noticias de&#8230; <a href=\"https:\/\/www.unioviedo.es\/aei\/2019\/12\/20\/divulgacion-en-la-web-del-cepa-bernal-diaz-del-castillo-medina-del-campo%ef%bb%bf\/\" class=\"readmore\">Leer m\u00e1s<span class=\"screen-reader-text\">Divulgaci\u00f3n en la web del CEPA Bernal D\u00edaz del Castillo. Medina del Campo\ufeff<\/span><span class=\"fa fa-angle-double-right\" aria-hidden=\"true\"><\/span><\/a><\/p>\n","protected":false},"author":1,"featured_media":1388,"comment_status":"closed","ping_status":"closed","sticky":false,"template":"","format":"standard","meta":{"footnotes":""},"categories":[1],"tags":[],"class_list":["post-1845","post","type-post","status-publish","format-standard","has-post-thumbnail","hentry","category-blog","content-layout-full"],"_links":{"self":[{"href":"https:\/\/www.unioviedo.es\/aei\/wp-json\/wp\/v2\/posts\/1845","targetHints":{"allow":["GET"]}}],"collection":[{"href":"https:\/\/www.unioviedo.es\/aei\/wp-json\/wp\/v2\/posts"}],"about":[{"href":"https:\/\/www.unioviedo.es\/aei\/wp-json\/wp\/v2\/types\/post"}],"author":[{"embeddable":true,"href":"https:\/\/www.unioviedo.es\/aei\/wp-json\/wp\/v2\/users\/1"}],"replies":[{"embeddable":true,"href":"https:\/\/www.unioviedo.es\/aei\/wp-json\/wp\/v2\/comments?post=1845"}],"version-history":[{"count":0,"href":"https:\/\/www.unioviedo.es\/aei\/wp-json\/wp\/v2\/posts\/1845\/revisions"}],"wp:featuredmedia":[{"embeddable":true,"href":"https:\/\/www.unioviedo.es\/aei\/wp-json\/wp\/v2\/media\/1388"}],"wp:attachment":[{"href":"https:\/\/www.unioviedo.es\/aei\/wp-json\/wp\/v2\/media?parent=1845"}],"wp:term":[{"taxonomy":"category","embeddable":true,"href":"https:\/\/www.unioviedo.es\/aei\/wp-json\/wp\/v2\/categories?post=1845"},{"taxonomy":"post_tag","embeddable":true,"href":"https:\/\/www.unioviedo.es\/aei\/wp-json\/wp\/v2\/tags?post=1845"}],"curies":[{"name":"wp","href":"https:\/\/api.w.org\/{rel}","templated":true}]}}