{"id":2083,"date":"2021-10-19T11:18:30","date_gmt":"2021-10-19T09:18:30","guid":{"rendered":"https:\/\/www.unioviedo.es\/aei\/?p=2083"},"modified":"2021-10-19T17:57:52","modified_gmt":"2021-10-19T15:57:52","slug":"erasmus-aei-en-ciechanow","status":"publish","type":"post","link":"https:\/\/www.unioviedo.es\/aei\/2021\/10\/19\/erasmus-aei-en-ciechanow\/","title":{"rendered":"Erasmus+ aei en Ciechanow"},"content":{"rendered":"\n<p>Los medios de comunicaci\u00f3n polacos publican informaci\u00f3n sobre las jornadas de formaci\u00f3n de los miembros del proyecto Erasmus+ aei celebradas en Ciechanow del 20 al 24 de septiembre de 2021.<\/p>\n\n\n\n<div class=\"wp-block-image\"><figure class=\"aligncenter size-full\"><a href=\"https:\/\/plonskwsieci.pl\/pl\/14_kultura\/688_edukacja\/8374_miedzynarodowe-spotkania-w-panstwowej-uczelni-zawodowej-w-ciechanowie-hiszpanie-wlosi-i-finowie-odwiedza-nasz-region.html\" target=\"_blank\" rel=\"noopener\"><img loading=\"lazy\" decoding=\"async\" width=\"429\" height=\"744\" src=\"https:\/\/www.unioviedo.es\/aei\/wp-content\/uploads\/2021\/10\/Prensa_Polonia.jpg\" alt=\"\" class=\"wp-image-2084\" srcset=\"https:\/\/www.unioviedo.es\/aei\/wp-content\/uploads\/2021\/10\/Prensa_Polonia.jpg 429w, https:\/\/www.unioviedo.es\/aei\/wp-content\/uploads\/2021\/10\/Prensa_Polonia-173x300.jpg 173w\" sizes=\"auto, (max-width: 429px) 100vw, 429px\" \/><\/a><figcaption> M\u00e1s informaci\u00f3n en <a href=\"https:\/\/plonskwsieci.pl\/pl\/14_kultura\/688_edukacja\/8374_miedzynarodowe-spotkania-w-panstwowej-uczelni-zawodowej-w-ciechanowie-hiszpanie-wlosi-i-finowie-odwiedza-nasz-region.html\" data-type=\"URL\" data-id=\"https:\/\/plonskwsieci.pl\/pl\/14_kultura\/688_edukacja\/8374_miedzynarodowe-spotkania-w-panstwowej-uczelni-zawodowej-w-ciechanowie-hiszpanie-wlosi-i-finowie-odwiedza-nasz-region.html\" target=\"_blank\" rel=\"noreferrer noopener\">plonskwsieci.pl<\/a><\/figcaption><\/figure><\/div>\n\n\n\n<div class=\"wp-block-image\"><figure class=\"aligncenter size-large\"><img loading=\"lazy\" decoding=\"async\" width=\"491\" height=\"1024\" src=\"https:\/\/www.unioviedo.es\/aei\/wp-content\/uploads\/2021\/10\/Tv_Polonia2-491x1024.jpg\" alt=\"\" class=\"wp-image-2088\" srcset=\"https:\/\/www.unioviedo.es\/aei\/wp-content\/uploads\/2021\/10\/Tv_Polonia2-491x1024.jpg 491w, https:\/\/www.unioviedo.es\/aei\/wp-content\/uploads\/2021\/10\/Tv_Polonia2-144x300.jpg 144w, https:\/\/www.unioviedo.es\/aei\/wp-content\/uploads\/2021\/10\/Tv_Polonia2.jpg 591w\" sizes=\"auto, (max-width: 491px) 100vw, 491px\" \/><figcaption> M\u00e1s informaci\u00f3n en <a href=\"https:\/\/www.tvciechanow.pl\/miedzynarodowe-spotkania-w-panstwowej-uczelni-zawodowej-w-ciechanowie\/?fbclid=IwAR37DzFBt-5zceFJ3iy52g-_nBYX7N7fUP3-SOpknbDepTbsdC-TwiiRUlM\">TV Ciechan\u00f3w (tvciechanow.pl)<\/a> <\/figcaption><\/figure><\/div>\n\n\n\n<p><\/p>\n\n\n\n<div class=\"wp-block-image\"><figure class=\"aligncenter size-full\"><a href=\"https:\/\/czasciechanowa.pl\/edukacja\/miedzynarodowe-spotkania-w-panstwowej-uczelni-zawodowej-w-ciechanowie-hiszpanie-wlosi-i-finowie-odwiedza-nasz-region\/\" target=\"_blank\" rel=\"noopener\"><img loading=\"lazy\" decoding=\"async\" width=\"666\" height=\"674\" src=\"https:\/\/www.unioviedo.es\/aei\/wp-content\/uploads\/2021\/10\/Prensa_Polonia2.jpg\" alt=\"\" class=\"wp-image-2090\" srcset=\"https:\/\/www.unioviedo.es\/aei\/wp-content\/uploads\/2021\/10\/Prensa_Polonia2.jpg 666w, https:\/\/www.unioviedo.es\/aei\/wp-content\/uploads\/2021\/10\/Prensa_Polonia2-296x300.jpg 296w\" sizes=\"auto, (max-width: 666px) 100vw, 666px\" \/><\/a><figcaption> M\u00e1s informaci\u00f3n en <a href=\"https:\/\/czasciechanowa.pl\/edukacja\/miedzynarodowe-spotkania-w-panstwowej-uczelni-zawodowej-w-ciechanowie-hiszpanie-wlosi-i-finowie-odwiedza-nasz-region\/\" data-type=\"URL\" data-id=\"https:\/\/czasciechanowa.pl\/edukacja\/miedzynarodowe-spotkania-w-panstwowej-uczelni-zawodowej-w-ciechanowie-hiszpanie-wlosi-i-finowie-odwiedza-nasz-region\/\" target=\"_blank\" rel=\"noreferrer noopener\">Czas Ciechanowa<\/a><\/figcaption><\/figure><\/div>\n\n\n\n<p><\/p>\n","protected":false},"excerpt":{"rendered":"<p>Los medios de comunicaci\u00f3n polacos publican informaci\u00f3n sobre las jornadas de formaci\u00f3n de los miembros del proyecto Erasmus+ aei celebradas en Ciechanow del 20 al 24 de septiembre de 2021.<\/p>\n","protected":false},"author":1,"featured_media":1388,"comment_status":"closed","ping_status":"closed","sticky":false,"template":"","format":"standard","meta":{"footnotes":""},"categories":[1],"tags":[],"class_list":["post-2083","post","type-post","status-publish","format-standard","has-post-thumbnail","hentry","category-blog","content-layout-full"],"_links":{"self":[{"href":"https:\/\/www.unioviedo.es\/aei\/wp-json\/wp\/v2\/posts\/2083","targetHints":{"allow":["GET"]}}],"collection":[{"href":"https:\/\/www.unioviedo.es\/aei\/wp-json\/wp\/v2\/posts"}],"about":[{"href":"https:\/\/www.unioviedo.es\/aei\/wp-json\/wp\/v2\/types\/post"}],"author":[{"embeddable":true,"href":"https:\/\/www.unioviedo.es\/aei\/wp-json\/wp\/v2\/users\/1"}],"replies":[{"embeddable":true,"href":"https:\/\/www.unioviedo.es\/aei\/wp-json\/wp\/v2\/comments?post=2083"}],"version-history":[{"count":0,"href":"https:\/\/www.unioviedo.es\/aei\/wp-json\/wp\/v2\/posts\/2083\/revisions"}],"wp:featuredmedia":[{"embeddable":true,"href":"https:\/\/www.unioviedo.es\/aei\/wp-json\/wp\/v2\/media\/1388"}],"wp:attachment":[{"href":"https:\/\/www.unioviedo.es\/aei\/wp-json\/wp\/v2\/media?parent=2083"}],"wp:term":[{"taxonomy":"category","embeddable":true,"href":"https:\/\/www.unioviedo.es\/aei\/wp-json\/wp\/v2\/categories?post=2083"},{"taxonomy":"post_tag","embeddable":true,"href":"https:\/\/www.unioviedo.es\/aei\/wp-json\/wp\/v2\/tags?post=2083"}],"curies":[{"name":"wp","href":"https:\/\/api.w.org\/{rel}","templated":true}]}}