{"id":2205,"date":"2021-11-21T08:53:35","date_gmt":"2021-11-21T07:53:35","guid":{"rendered":"https:\/\/www.unioviedo.es\/aei\/?p=2205"},"modified":"2022-08-13T08:42:59","modified_gmt":"2022-08-13T06:42:59","slug":"cylaei-en-international-conference-alert","status":"publish","type":"post","link":"https:\/\/www.unioviedo.es\/aei\/2021\/11\/21\/cylaei-en-international-conference-alert\/","title":{"rendered":"CyLAEI en International Conference Alert"},"content":{"rendered":"\n<p>La celebraci\u00f3n del \u00ab2nd International Congress on Adults&#8217; Employment and Inclusion\u00bb en ICA.<\/p>\n\n\n\n<p>M\u00e1s informaci\u00f3n <a href=\"https:\/\/conferencealert.com\/conf-detail.php?ev_id=693366&amp;eventname=2nd-international-congress-on-adults--employment-and-inclusion\" data-type=\"URL\" data-id=\"https:\/\/conferencealert.com\/conf-detail.php?ev_id=693366&amp;eventname=2nd-international-congress-on-adults--employment-and-inclusion\" target=\"_blank\" rel=\"noreferrer noopener\">aqu\u00ed<\/a><\/p>\n\n\n\n<figure class=\"wp-block-image size-large\"><a href=\"https:\/\/conferencealert.com\/conf-detail.php?ev_id=693366&amp;eventname=2nd-international-congress-on-adults--employment-and-inclusion\" target=\"_blank\" rel=\"noopener\"><img loading=\"lazy\" decoding=\"async\" width=\"1024\" height=\"887\" src=\"https:\/\/www.unioviedo.es\/aei\/wp-content\/uploads\/2021\/11\/2021_11_21_ICA-1024x887.webp\" alt=\"2nd International Congress on Adults' Employment and Inclusion en ICA\" class=\"wp-image-2206\" srcset=\"https:\/\/www.unioviedo.es\/aei\/wp-content\/uploads\/2021\/11\/2021_11_21_ICA-1024x887.webp 1024w, https:\/\/www.unioviedo.es\/aei\/wp-content\/uploads\/2021\/11\/2021_11_21_ICA-300x260.webp 300w, https:\/\/www.unioviedo.es\/aei\/wp-content\/uploads\/2021\/11\/2021_11_21_ICA-768x665.webp 768w, https:\/\/www.unioviedo.es\/aei\/wp-content\/uploads\/2021\/11\/2021_11_21_ICA.webp 1332w\" sizes=\"auto, (max-width: 1024px) 100vw, 1024px\" \/><\/a><figcaption>2nd International Congress on Adults&#8217; Employment and Inclusion en ICA<\/figcaption><\/figure>\n\n\n\n<p><\/p>\n","protected":false},"excerpt":{"rendered":"<p>La celebraci\u00f3n del \u00ab2nd International Congress on Adults&#8217; Employment and Inclusion\u00bb en ICA. M\u00e1s informaci\u00f3n aqu\u00ed<\/p>\n","protected":false},"author":1,"featured_media":1388,"comment_status":"closed","ping_status":"closed","sticky":false,"template":"","format":"standard","meta":{"footnotes":""},"categories":[1],"tags":[],"class_list":["post-2205","post","type-post","status-publish","format-standard","has-post-thumbnail","hentry","category-blog","content-layout-full"],"_links":{"self":[{"href":"https:\/\/www.unioviedo.es\/aei\/wp-json\/wp\/v2\/posts\/2205","targetHints":{"allow":["GET"]}}],"collection":[{"href":"https:\/\/www.unioviedo.es\/aei\/wp-json\/wp\/v2\/posts"}],"about":[{"href":"https:\/\/www.unioviedo.es\/aei\/wp-json\/wp\/v2\/types\/post"}],"author":[{"embeddable":true,"href":"https:\/\/www.unioviedo.es\/aei\/wp-json\/wp\/v2\/users\/1"}],"replies":[{"embeddable":true,"href":"https:\/\/www.unioviedo.es\/aei\/wp-json\/wp\/v2\/comments?post=2205"}],"version-history":[{"count":0,"href":"https:\/\/www.unioviedo.es\/aei\/wp-json\/wp\/v2\/posts\/2205\/revisions"}],"wp:featuredmedia":[{"embeddable":true,"href":"https:\/\/www.unioviedo.es\/aei\/wp-json\/wp\/v2\/media\/1388"}],"wp:attachment":[{"href":"https:\/\/www.unioviedo.es\/aei\/wp-json\/wp\/v2\/media?parent=2205"}],"wp:term":[{"taxonomy":"category","embeddable":true,"href":"https:\/\/www.unioviedo.es\/aei\/wp-json\/wp\/v2\/categories?post=2205"},{"taxonomy":"post_tag","embeddable":true,"href":"https:\/\/www.unioviedo.es\/aei\/wp-json\/wp\/v2\/tags?post=2205"}],"curies":[{"name":"wp","href":"https:\/\/api.w.org\/{rel}","templated":true}]}}