{"id":2511,"date":"2022-05-25T16:44:24","date_gmt":"2022-05-25T14:44:24","guid":{"rendered":"https:\/\/www.unioviedo.es\/aei\/?p=2511"},"modified":"2022-08-13T08:42:04","modified_gmt":"2022-08-13T06:42:04","slug":"congreso-cylaei-en-la-web-educacyl","status":"publish","type":"post","link":"https:\/\/www.unioviedo.es\/aei\/2022\/05\/25\/congreso-cylaei-en-la-web-educacyl\/","title":{"rendered":"Apendizaje a lo largo de la vida: Congreso CyLAEI"},"content":{"rendered":"\n<p>En la web tem\u00e1tica sobre <a href=\"https:\/\/www.educa.jcyl.es\/adultos\/es\/novedades\/ii-congreso-educacion-personas-adultas-castilla-leon\" data-type=\"URL\" data-id=\"https:\/\/www.educa.jcyl.es\/adultos\/es\/novedades\/ii-congreso-educacion-personas-adultas-castilla-leon\" target=\"_blank\" rel=\"noreferrer noopener\">Aprendizaje a lo largo de la vida<\/a>, dentro del Portal de Educaci\u00f3n de Castilla y Le\u00f3n, se muestra l informaci\u00f3n sobre el proyecto y sobre el congreso cylaei<\/p>\n\n\n\n<div class=\"wp-block-image\"><figure class=\"aligncenter size-full is-resized\"><img loading=\"lazy\" decoding=\"async\" src=\"https:\/\/www.unioviedo.es\/aei\/wp-content\/uploads\/2022\/05\/congreso-en-CastillayLeon.jpg\" alt=\"\" class=\"wp-image-2512\" width=\"779\" height=\"475\" srcset=\"https:\/\/www.unioviedo.es\/aei\/wp-content\/uploads\/2022\/05\/congreso-en-CastillayLeon.jpg 641w, https:\/\/www.unioviedo.es\/aei\/wp-content\/uploads\/2022\/05\/congreso-en-CastillayLeon-300x183.jpg 300w\" sizes=\"auto, (max-width: 779px) 100vw, 779px\" \/><\/figure><\/div>\n\n\n\n<div class=\"wp-block-image\"><figure class=\"aligncenter size-full\"><img loading=\"lazy\" decoding=\"async\" width=\"638\" height=\"359\" src=\"https:\/\/www.unioviedo.es\/aei\/wp-content\/uploads\/2022\/05\/aprendizaje_sobre_la_vida.jpg\" alt=\"\" class=\"wp-image-2513\" srcset=\"https:\/\/www.unioviedo.es\/aei\/wp-content\/uploads\/2022\/05\/aprendizaje_sobre_la_vida.jpg 638w, https:\/\/www.unioviedo.es\/aei\/wp-content\/uploads\/2022\/05\/aprendizaje_sobre_la_vida-300x169.jpg 300w\" sizes=\"auto, (max-width: 638px) 100vw, 638px\" \/><figcaption>Apartado de \u00abNovedades\u00bb de Aprendizaje a lo largo de la vida<\/figcaption><\/figure><\/div>\n","protected":false},"excerpt":{"rendered":"<p>En la web tem\u00e1tica sobre Aprendizaje a lo largo de la vida, dentro del Portal de Educaci\u00f3n de Castilla y Le\u00f3n, se muestra l informaci\u00f3n sobre el proyecto y sobre el congreso cylaei<\/p>\n","protected":false},"author":1,"featured_media":1388,"comment_status":"closed","ping_status":"closed","sticky":false,"template":"","format":"standard","meta":{"footnotes":""},"categories":[1],"tags":[],"class_list":["post-2511","post","type-post","status-publish","format-standard","has-post-thumbnail","hentry","category-blog","content-layout-full"],"_links":{"self":[{"href":"https:\/\/www.unioviedo.es\/aei\/wp-json\/wp\/v2\/posts\/2511","targetHints":{"allow":["GET"]}}],"collection":[{"href":"https:\/\/www.unioviedo.es\/aei\/wp-json\/wp\/v2\/posts"}],"about":[{"href":"https:\/\/www.unioviedo.es\/aei\/wp-json\/wp\/v2\/types\/post"}],"author":[{"embeddable":true,"href":"https:\/\/www.unioviedo.es\/aei\/wp-json\/wp\/v2\/users\/1"}],"replies":[{"embeddable":true,"href":"https:\/\/www.unioviedo.es\/aei\/wp-json\/wp\/v2\/comments?post=2511"}],"version-history":[{"count":0,"href":"https:\/\/www.unioviedo.es\/aei\/wp-json\/wp\/v2\/posts\/2511\/revisions"}],"wp:featuredmedia":[{"embeddable":true,"href":"https:\/\/www.unioviedo.es\/aei\/wp-json\/wp\/v2\/media\/1388"}],"wp:attachment":[{"href":"https:\/\/www.unioviedo.es\/aei\/wp-json\/wp\/v2\/media?parent=2511"}],"wp:term":[{"taxonomy":"category","embeddable":true,"href":"https:\/\/www.unioviedo.es\/aei\/wp-json\/wp\/v2\/categories?post=2511"},{"taxonomy":"post_tag","embeddable":true,"href":"https:\/\/www.unioviedo.es\/aei\/wp-json\/wp\/v2\/tags?post=2511"}],"curies":[{"name":"wp","href":"https:\/\/api.w.org\/{rel}","templated":true}]}}