{"id":871,"date":"2019-10-02T10:00:33","date_gmt":"2019-10-02T08:00:33","guid":{"rendered":"https:\/\/www.unioviedo.es\/aei\/?p=871"},"modified":"2020-04-14T13:22:47","modified_gmt":"2020-04-14T11:22:47","slug":"los-abuelos-universitarios-vuelven-al-aula","status":"publish","type":"post","link":"https:\/\/www.unioviedo.es\/aei\/2019\/10\/02\/los-abuelos-universitarios-vuelven-al-aula\/","title":{"rendered":"Los abuelos universitarios vuelven al aula"},"content":{"rendered":"\n<p><a href=\"https:\/\/afondo.lne.es\/asturias\/los-abuelos-universitarios-vuelven-al-aula.html\" target=\"_blank\" rel=\"noreferrer noopener\" aria-label=\"ver en &quot;A FONDO&quot; La Nueva Espa\u00f1a (abre en una nueva pesta\u00f1a)\">ver en \u00abA FONDO\u00bb La Nueva Espa\u00f1a<\/a><\/p>\n\n\n\n<p><a href=\"https:\/\/afondo.lne.es\/autor\/marian-martinez\/\"><strong>MARI\u00c1N\nMART\u00cdNEZ&nbsp;<\/strong><\/a>02\/10\/2019<\/p>\n\n\n\n<p>El \u00e9xito del programa para mayores PUMUO cumple este curso su mayor\u00eda de  edad. El proyecto que la Universidad de Oviedo puso en marcha hace 18  a\u00f1os ha ido ganando adeptos hasta sumar m\u00e1s de 800 alumnos que s\u00f3lo  tienen que cumplir un requisito: <strong>tener m\u00e1s de 50 a\u00f1os.<\/strong><\/p>\n\n\n\n<p>Las sedes se distribuyen entre Oviedo, Gij\u00f3n, Avil\u00e9s, y Mieres, aunque  el equipo rectoral tiene en mente ampliar horizontes hacia al Occidente y  el Oriente de la regi\u00f3n. En esas aulas no hay distinciones ni  categor\u00edas, y as\u00ed se mezclan y ampl\u00edan conocimientos desde catedr\u00e1ticos  de universidad jubilados hasta personas que cuentan con estudios  b\u00e1sicos. Juntos aprenden y comparten experiencias vitales bajo la batuta  de<strong> 200 profesores universitarios de las m\u00e1s variadas disciplinas<\/strong>&nbsp;que imparten sus clases de forma voluntaria. <\/p>\n\n\n\n<figure class=\"wp-block-image\"><img loading=\"lazy\" decoding=\"async\" width=\"1024\" height=\"683\" src=\"https:\/\/www.unioviedo.es\/aei\/wp-content\/uploads\/2020\/01\/Imagen1-1024x683.png\" alt=\"\" class=\"wp-image-694\" srcset=\"https:\/\/www.unioviedo.es\/aei\/wp-content\/uploads\/2020\/01\/Imagen1-1024x683.png 1024w, https:\/\/www.unioviedo.es\/aei\/wp-content\/uploads\/2020\/01\/Imagen1-300x200.png 300w, https:\/\/www.unioviedo.es\/aei\/wp-content\/uploads\/2020\/01\/Imagen1-768x512.png 768w\" sizes=\"auto, (max-width: 1024px) 100vw, 1024px\" \/><figcaption><strong> <br>\ufeff\u201cQueremos llegar a la cifra m\u00e1gica de los 1.000 alumnos\u201d, asegur\u00f3 ayer el rector de la Universidad de Oviedo, Santiago Garc\u00eda Granda en el acto de inauguraci\u00f3n del nuevo curso de PUMUO<\/strong> <\/figcaption><\/figure>\n\n\n\n<p>Ese es el objetivo a alcanzar manteniendo la esencia del programa, que es \u201cproporcionar formaci\u00f3n universitaria de car\u00e1cter general, promover capacidades y destrezas que faciliten la adaptaci\u00f3n a los cambios de la sociedad actual, ser capaces de entenderla\u201d, afirm\u00f3. Todo eso y adem\u00e1s<strong>&nbsp;\u201cfomentar el asociacionismo y la solidaridad\u201d sin perder \u201cla oportunidad de ser personas&nbsp; m\u00e1s y mejor formadas, con m\u00e1s conocimientos y experiencias\u201d.<\/strong><\/p>\n","protected":false},"excerpt":{"rendered":"<p>ver en \u00abA FONDO\u00bb La Nueva Espa\u00f1a MARI\u00c1N MART\u00cdNEZ&nbsp;02\/10\/2019 El \u00e9xito del programa para mayores PUMUO cumple este curso su mayor\u00eda de edad. El proyecto que la Universidad de Oviedo puso en marcha hace 18 a\u00f1os ha ido ganando adeptos&#8230; <a href=\"https:\/\/www.unioviedo.es\/aei\/2019\/10\/02\/los-abuelos-universitarios-vuelven-al-aula\/\" class=\"readmore\">Leer m\u00e1s<span class=\"screen-reader-text\">Los abuelos universitarios vuelven al aula<\/span><span class=\"fa fa-angle-double-right\" aria-hidden=\"true\"><\/span><\/a><\/p>\n","protected":false},"author":1,"featured_media":1388,"comment_status":"closed","ping_status":"open","sticky":false,"template":"","format":"standard","meta":{"footnotes":""},"categories":[1],"tags":[],"class_list":["post-871","post","type-post","status-publish","format-standard","has-post-thumbnail","hentry","category-blog","content-layout-full"],"_links":{"self":[{"href":"https:\/\/www.unioviedo.es\/aei\/wp-json\/wp\/v2\/posts\/871","targetHints":{"allow":["GET"]}}],"collection":[{"href":"https:\/\/www.unioviedo.es\/aei\/wp-json\/wp\/v2\/posts"}],"about":[{"href":"https:\/\/www.unioviedo.es\/aei\/wp-json\/wp\/v2\/types\/post"}],"author":[{"embeddable":true,"href":"https:\/\/www.unioviedo.es\/aei\/wp-json\/wp\/v2\/users\/1"}],"replies":[{"embeddable":true,"href":"https:\/\/www.unioviedo.es\/aei\/wp-json\/wp\/v2\/comments?post=871"}],"version-history":[{"count":0,"href":"https:\/\/www.unioviedo.es\/aei\/wp-json\/wp\/v2\/posts\/871\/revisions"}],"wp:featuredmedia":[{"embeddable":true,"href":"https:\/\/www.unioviedo.es\/aei\/wp-json\/wp\/v2\/media\/1388"}],"wp:attachment":[{"href":"https:\/\/www.unioviedo.es\/aei\/wp-json\/wp\/v2\/media?parent=871"}],"wp:term":[{"taxonomy":"category","embeddable":true,"href":"https:\/\/www.unioviedo.es\/aei\/wp-json\/wp\/v2\/categories?post=871"},{"taxonomy":"post_tag","embeddable":true,"href":"https:\/\/www.unioviedo.es\/aei\/wp-json\/wp\/v2\/tags?post=871"}],"curies":[{"name":"wp","href":"https:\/\/api.w.org\/{rel}","templated":true}]}}