{"id":1021,"date":"2021-11-24T11:47:38","date_gmt":"2021-11-24T10:47:38","guid":{"rendered":"https:\/\/www.unioviedo.es\/aunas\/?p=1021"},"modified":"2021-11-24T11:48:35","modified_gmt":"2021-11-24T10:48:35","slug":"publicados-los-videos-y-presentaciones-del-seminario-internacional","status":"publish","type":"post","link":"https:\/\/www.unioviedo.es\/aunas\/publicados-los-videos-y-presentaciones-del-seminario-internacional\/","title":{"rendered":"Publicados los v\u00eddeos y presentaciones del seminario internacional"},"content":{"rendered":"\n<figure class=\"wp-block-image size-large\"><img decoding=\"async\" loading=\"lazy\" width=\"1024\" height=\"768\" src=\"https:\/\/www.unioviedo.es\/aunas\/wp-content\/uploads\/2021\/11\/FEAFD019-ECFE-4066-B761-900982B8520F.jpeg\" alt=\"\" class=\"wp-image-958\" srcset=\"https:\/\/www.unioviedo.es\/aunas\/wp-content\/uploads\/2021\/11\/FEAFD019-ECFE-4066-B761-900982B8520F.jpeg 1024w, https:\/\/www.unioviedo.es\/aunas\/wp-content\/uploads\/2021\/11\/FEAFD019-ECFE-4066-B761-900982B8520F-300x225.jpeg 300w, https:\/\/www.unioviedo.es\/aunas\/wp-content\/uploads\/2021\/11\/FEAFD019-ECFE-4066-B761-900982B8520F-768x576.jpeg 768w\" sizes=\"(max-width: 767px) 89vw, (max-width: 1000px) 54vw, (max-width: 1071px) 543px, 580px\" \/><\/figure>\n\n\n\n<p>Ya est\u00e1n disponibles en nuestra p\u00e1gina web los v\u00eddeos de las ponencias y la presentaciones del Seminario Internacional \u00abLa representaci\u00f3n de los trabajadores ante las nuevas realidades empresariales\u00bb, que tuco ligar en la Facultad de Derecho del Universidad de Oviedo, los d\u00edas 11 y 12 de noviembre de 2021<\/p>\n\n\n\n<p>M\u00e1s informaci\u00f3n <a href=\"https:\/\/www.unioviedo.es\/aunas\/seminario-internacional-la-representacion-del-personal-ante-las-nuevas-realidades-empresariales\/\" data-type=\"page\" data-id=\"880\">aqu\u00ed<\/a><\/p>\n","protected":false},"excerpt":{"rendered":"<p>Ya est\u00e1n disponibles en nuestra p\u00e1gina web los v\u00eddeos de las ponencias y la presentaciones del Seminario Internacional \u00abLa representaci\u00f3n de los trabajadores ante las nuevas realidades empresariales\u00bb, que tuco ligar en la Facultad de Derecho del Universidad de Oviedo, los d\u00edas 11 y 12 de noviembre de 2021 M\u00e1s informaci\u00f3n aqu\u00ed<\/p>\n","protected":false},"author":1,"featured_media":0,"comment_status":"closed","ping_status":"closed","sticky":false,"template":"","format":"standard","meta":{"footnotes":""},"categories":[1],"tags":[],"_links":{"self":[{"href":"https:\/\/www.unioviedo.es\/aunas\/wp-json\/wp\/v2\/posts\/1021"}],"collection":[{"href":"https:\/\/www.unioviedo.es\/aunas\/wp-json\/wp\/v2\/posts"}],"about":[{"href":"https:\/\/www.unioviedo.es\/aunas\/wp-json\/wp\/v2\/types\/post"}],"author":[{"embeddable":true,"href":"https:\/\/www.unioviedo.es\/aunas\/wp-json\/wp\/v2\/users\/1"}],"replies":[{"embeddable":true,"href":"https:\/\/www.unioviedo.es\/aunas\/wp-json\/wp\/v2\/comments?post=1021"}],"version-history":[{"count":2,"href":"https:\/\/www.unioviedo.es\/aunas\/wp-json\/wp\/v2\/posts\/1021\/revisions"}],"predecessor-version":[{"id":1023,"href":"https:\/\/www.unioviedo.es\/aunas\/wp-json\/wp\/v2\/posts\/1021\/revisions\/1023"}],"wp:attachment":[{"href":"https:\/\/www.unioviedo.es\/aunas\/wp-json\/wp\/v2\/media?parent=1021"}],"wp:term":[{"taxonomy":"category","embeddable":true,"href":"https:\/\/www.unioviedo.es\/aunas\/wp-json\/wp\/v2\/categories?post=1021"},{"taxonomy":"post_tag","embeddable":true,"href":"https:\/\/www.unioviedo.es\/aunas\/wp-json\/wp\/v2\/tags?post=1021"}],"curies":[{"name":"wp","href":"https:\/\/api.w.org\/{rel}","templated":true}]}}