{"id":1032,"date":"2021-11-26T10:44:48","date_gmt":"2021-11-26T09:44:48","guid":{"rendered":"https:\/\/www.unioviedo.es\/aunas\/?p=1032"},"modified":"2021-11-26T12:53:51","modified_gmt":"2021-11-26T11:53:51","slug":"colaboracion-con-la-escuela-interamericana-de-dialogo-social","status":"publish","type":"post","link":"https:\/\/www.unioviedo.es\/aunas\/colaboracion-con-la-escuela-interamericana-de-dialogo-social\/","title":{"rendered":"Colaboraci\u00f3n con la Escuela Interamericana de Di\u00e1logo Social"},"content":{"rendered":"\n<figure class=\"wp-block-gallery columns-2 is-cropped wp-block-gallery-1 is-layout-flex wp-block-gallery-is-layout-flex\"><ul class=\"blocks-gallery-grid\"><li class=\"blocks-gallery-item\"><figure><img decoding=\"async\" loading=\"lazy\" width=\"1024\" height=\"640\" src=\"https:\/\/www.unioviedo.es\/aunas\/wp-content\/uploads\/2021\/11\/Captura-de-pantalla-2021-11-19-a-las-17.06.46-2-1024x640.png\" alt=\"\" data-id=\"1040\" data-full-url=\"https:\/\/www.unioviedo.es\/aunas\/wp-content\/uploads\/2021\/11\/Captura-de-pantalla-2021-11-19-a-las-17.06.46-2.png\" data-link=\"https:\/\/www.unioviedo.es\/aunas\/?attachment_id=1040\" class=\"wp-image-1040\" srcset=\"https:\/\/www.unioviedo.es\/aunas\/wp-content\/uploads\/2021\/11\/Captura-de-pantalla-2021-11-19-a-las-17.06.46-2-1024x640.png 1024w, https:\/\/www.unioviedo.es\/aunas\/wp-content\/uploads\/2021\/11\/Captura-de-pantalla-2021-11-19-a-las-17.06.46-2-300x188.png 300w, https:\/\/www.unioviedo.es\/aunas\/wp-content\/uploads\/2021\/11\/Captura-de-pantalla-2021-11-19-a-las-17.06.46-2-768x480.png 768w, https:\/\/www.unioviedo.es\/aunas\/wp-content\/uploads\/2021\/11\/Captura-de-pantalla-2021-11-19-a-las-17.06.46-2-1536x960.png 1536w, https:\/\/www.unioviedo.es\/aunas\/wp-content\/uploads\/2021\/11\/Captura-de-pantalla-2021-11-19-a-las-17.06.46-2-2048x1280.png 2048w\" sizes=\"(max-width: 767px) 89vw, (max-width: 1000px) 54vw, (max-width: 1071px) 543px, 580px\" \/><\/figure><\/li><li class=\"blocks-gallery-item\"><figure><img decoding=\"async\" loading=\"lazy\" width=\"1024\" height=\"576\" src=\"https:\/\/www.unioviedo.es\/aunas\/wp-content\/uploads\/2021\/11\/Captura-de-pantalla-25-1-1024x576.png\" alt=\"\" data-id=\"1039\" data-full-url=\"https:\/\/www.unioviedo.es\/aunas\/wp-content\/uploads\/2021\/11\/Captura-de-pantalla-25-1.png\" data-link=\"https:\/\/www.unioviedo.es\/aunas\/?attachment_id=1039\" class=\"wp-image-1039\" srcset=\"https:\/\/www.unioviedo.es\/aunas\/wp-content\/uploads\/2021\/11\/Captura-de-pantalla-25-1-1024x576.png 1024w, https:\/\/www.unioviedo.es\/aunas\/wp-content\/uploads\/2021\/11\/Captura-de-pantalla-25-1-300x169.png 300w, https:\/\/www.unioviedo.es\/aunas\/wp-content\/uploads\/2021\/11\/Captura-de-pantalla-25-1-768x432.png 768w, https:\/\/www.unioviedo.es\/aunas\/wp-content\/uploads\/2021\/11\/Captura-de-pantalla-25-1-1536x864.png 1536w, https:\/\/www.unioviedo.es\/aunas\/wp-content\/uploads\/2021\/11\/Captura-de-pantalla-25-1.png 1920w\" sizes=\"(max-width: 767px) 89vw, (max-width: 1000px) 54vw, (max-width: 1071px) 543px, 580px\" \/><\/figure><\/li><\/ul><\/figure>\n\n\n\n<p>Luis Antonio Fern\u00e1ndez Villaz\u00f3n y Carolina Mart\u00ednez Moreno, miembros del equipo del Proyecto AUNAS, participan como docentes en la Escuela Interamericana de Di\u00e1logo Social, Tripartismo y Resoluci\u00f3n de Conflictos, organizada por la Universidad de Panam\u00e1 y el Ministerio de Trabajo de la Rep\u00fablica de Panam\u00e1. En concreto, colaboran en la ense\u00f1anza de postgrado \u00abEspecializaci\u00f3n en Resoluci\u00f3n Alternativa de Conflictos Laborales\u00bb<\/p>\n\n\n\n<p>Durante dos semanas han impartido una cl\u00ednica sobre mediaci\u00f3n y arbitraje en conflictos colectivos laborales a abogados, responsables de organizaciones sindicales y altos funcionarios de los Ministerios de Trabajo de diversos pa\u00edses americanos. La docencia se ha impartido de forma <em>on line<\/em>.<\/p>\n","protected":false},"excerpt":{"rendered":"<p>Luis Antonio Fern\u00e1ndez Villaz\u00f3n y Carolina Mart\u00ednez Moreno, miembros del equipo del Proyecto AUNAS, participan como docentes en la Escuela Interamericana de Di\u00e1logo Social, Tripartismo y Resoluci\u00f3n de Conflictos, organizada por la Universidad de Panam\u00e1 y el Ministerio de Trabajo de la Rep\u00fablica de Panam\u00e1. En concreto, colaboran en la ense\u00f1anza de postgrado \u00abEspecializaci\u00f3n en &hellip; <\/p>\n<p class=\"link-more\"><a href=\"https:\/\/www.unioviedo.es\/aunas\/colaboracion-con-la-escuela-interamericana-de-dialogo-social\/\" class=\"more-link\">Continuar leyendo<span class=\"screen-reader-text\"> \u00abColaboraci\u00f3n con la Escuela Interamericana de Di\u00e1logo Social\u00bb<\/span><\/a><\/p>\n","protected":false},"author":1,"featured_media":0,"comment_status":"closed","ping_status":"closed","sticky":false,"template":"","format":"standard","meta":{"footnotes":""},"categories":[1],"tags":[],"_links":{"self":[{"href":"https:\/\/www.unioviedo.es\/aunas\/wp-json\/wp\/v2\/posts\/1032"}],"collection":[{"href":"https:\/\/www.unioviedo.es\/aunas\/wp-json\/wp\/v2\/posts"}],"about":[{"href":"https:\/\/www.unioviedo.es\/aunas\/wp-json\/wp\/v2\/types\/post"}],"author":[{"embeddable":true,"href":"https:\/\/www.unioviedo.es\/aunas\/wp-json\/wp\/v2\/users\/1"}],"replies":[{"embeddable":true,"href":"https:\/\/www.unioviedo.es\/aunas\/wp-json\/wp\/v2\/comments?post=1032"}],"version-history":[{"count":2,"href":"https:\/\/www.unioviedo.es\/aunas\/wp-json\/wp\/v2\/posts\/1032\/revisions"}],"predecessor-version":[{"id":1042,"href":"https:\/\/www.unioviedo.es\/aunas\/wp-json\/wp\/v2\/posts\/1032\/revisions\/1042"}],"wp:attachment":[{"href":"https:\/\/www.unioviedo.es\/aunas\/wp-json\/wp\/v2\/media?parent=1032"}],"wp:term":[{"taxonomy":"category","embeddable":true,"href":"https:\/\/www.unioviedo.es\/aunas\/wp-json\/wp\/v2\/categories?post=1032"},{"taxonomy":"post_tag","embeddable":true,"href":"https:\/\/www.unioviedo.es\/aunas\/wp-json\/wp\/v2\/tags?post=1032"}],"curies":[{"name":"wp","href":"https:\/\/api.w.org\/{rel}","templated":true}]}}