{"id":1076,"date":"2022-02-15T15:14:49","date_gmt":"2022-02-15T14:14:49","guid":{"rendered":"https:\/\/www.unioviedo.es\/aunas\/?p=1076"},"modified":"2022-02-15T15:14:49","modified_gmt":"2022-02-15T14:14:49","slug":"ponencia-sobre-expansion-y-alcance-de-los-compromisos-laborales-multilaterales","status":"publish","type":"post","link":"https:\/\/www.unioviedo.es\/aunas\/ponencia-sobre-expansion-y-alcance-de-los-compromisos-laborales-multilaterales\/","title":{"rendered":"Ponencia sobre \u00abExpansi\u00f3n y alcance de los compromisos laborales multilaterales\u00bb"},"content":{"rendered":"\n<figure class=\"wp-block-image size-large\"><img decoding=\"async\" loading=\"lazy\" width=\"1024\" height=\"724\" src=\"https:\/\/www.unioviedo.es\/aunas\/wp-content\/uploads\/2022\/02\/diptico-seminario-diligenciadebida-trabajodecente-cadenasglobalesvalor-febrero2022-01-e1644610399323-1024x724.png\" alt=\"\" class=\"wp-image-1077\" srcset=\"https:\/\/www.unioviedo.es\/aunas\/wp-content\/uploads\/2022\/02\/diptico-seminario-diligenciadebida-trabajodecente-cadenasglobalesvalor-febrero2022-01-e1644610399323-1024x724.png 1024w, https:\/\/www.unioviedo.es\/aunas\/wp-content\/uploads\/2022\/02\/diptico-seminario-diligenciadebida-trabajodecente-cadenasglobalesvalor-febrero2022-01-e1644610399323-300x212.png 300w, https:\/\/www.unioviedo.es\/aunas\/wp-content\/uploads\/2022\/02\/diptico-seminario-diligenciadebida-trabajodecente-cadenasglobalesvalor-febrero2022-01-e1644610399323-768x543.png 768w, https:\/\/www.unioviedo.es\/aunas\/wp-content\/uploads\/2022\/02\/diptico-seminario-diligenciadebida-trabajodecente-cadenasglobalesvalor-febrero2022-01-e1644610399323-1536x1086.png 1536w, https:\/\/www.unioviedo.es\/aunas\/wp-content\/uploads\/2022\/02\/diptico-seminario-diligenciadebida-trabajodecente-cadenasglobalesvalor-febrero2022-01-e1644610399323-2048x1448.png 2048w\" sizes=\"(max-width: 767px) 89vw, (max-width: 1000px) 54vw, (max-width: 1071px) 543px, 580px\" \/><\/figure>\n\n\n\n<p>El profesor Jos\u00e9 Soler Arrebola, miembro de nuestro equipo de investigaci\u00f3n, participar\u00e1 el pr\u00f3ximo 1 de abril en el Seminario Internacional \u00abDiligencia debida y trabajo decente en las cadenas globales  de valor\u00bb, organizado en la Universidad de Salamanca por los profesores Wilfredo Sanguineti Raymond y Juan Bautista Vivero Serrano, en el marco del Proyecto de Investigaci\u00f3n TRANSLAB \u00abLa construcci\u00f3n transnacional del Derecho del Trabajo: de la pir\u00e1mide a la red. La contribuci\u00f3n espa\u00f1ola\u00bb.<\/p>\n\n\n\n<p>La ponencia del profesor Jos\u00e9 Soler lleva por t\u00edtulo \u00abExpansi\u00f3n y alcance de los compromisos laborales multilaterales\u00bb y tendr\u00e1 lugar en el marco de la mesa redonda \u00abLa participaci\u00f3n sindical en la gobernanza trasnacional\u00bb.<\/p>\n\n\n\n<p>Consulte el programa del seminario <a href=\"https:\/\/mcusercontent.com\/58a0da19df827df1f41098067\/files\/d67ea796-c23d-7499-7c2c-9a658d50263e\/DIGITAL_diptico_SEMINARIO_DiligenciaDebida_TrabajoDecente_CadenasGlobalesValor_febrero2022.pdf\">aqu\u00ed<\/a>.<\/p>\n\n\n\n<p>M\u00e1s informaci\u00f3n sobre del proyecto TRANSLAB <a href=\"https:\/\/proyectotranslab.usal.es\">aqu\u00ed<\/a><\/p>\n","protected":false},"excerpt":{"rendered":"<p>El profesor Jos\u00e9 Soler Arrebola, miembro de nuestro equipo de investigaci\u00f3n, participar\u00e1 el pr\u00f3ximo 1 de abril en el Seminario Internacional \u00abDiligencia debida y trabajo decente en las cadenas globales de valor\u00bb, organizado en la Universidad de Salamanca por los profesores Wilfredo Sanguineti Raymond y Juan Bautista Vivero Serrano, en el marco del Proyecto de &hellip; <\/p>\n<p class=\"link-more\"><a href=\"https:\/\/www.unioviedo.es\/aunas\/ponencia-sobre-expansion-y-alcance-de-los-compromisos-laborales-multilaterales\/\" class=\"more-link\">Continuar leyendo<span class=\"screen-reader-text\"> \u00abPonencia sobre \u00abExpansi\u00f3n y alcance de los compromisos laborales multilaterales\u00bb\u00bb<\/span><\/a><\/p>\n","protected":false},"author":1,"featured_media":0,"comment_status":"closed","ping_status":"closed","sticky":false,"template":"","format":"standard","meta":{"footnotes":""},"categories":[1],"tags":[],"_links":{"self":[{"href":"https:\/\/www.unioviedo.es\/aunas\/wp-json\/wp\/v2\/posts\/1076"}],"collection":[{"href":"https:\/\/www.unioviedo.es\/aunas\/wp-json\/wp\/v2\/posts"}],"about":[{"href":"https:\/\/www.unioviedo.es\/aunas\/wp-json\/wp\/v2\/types\/post"}],"author":[{"embeddable":true,"href":"https:\/\/www.unioviedo.es\/aunas\/wp-json\/wp\/v2\/users\/1"}],"replies":[{"embeddable":true,"href":"https:\/\/www.unioviedo.es\/aunas\/wp-json\/wp\/v2\/comments?post=1076"}],"version-history":[{"count":1,"href":"https:\/\/www.unioviedo.es\/aunas\/wp-json\/wp\/v2\/posts\/1076\/revisions"}],"predecessor-version":[{"id":1078,"href":"https:\/\/www.unioviedo.es\/aunas\/wp-json\/wp\/v2\/posts\/1076\/revisions\/1078"}],"wp:attachment":[{"href":"https:\/\/www.unioviedo.es\/aunas\/wp-json\/wp\/v2\/media?parent=1076"}],"wp:term":[{"taxonomy":"category","embeddable":true,"href":"https:\/\/www.unioviedo.es\/aunas\/wp-json\/wp\/v2\/categories?post=1076"},{"taxonomy":"post_tag","embeddable":true,"href":"https:\/\/www.unioviedo.es\/aunas\/wp-json\/wp\/v2\/tags?post=1076"}],"curies":[{"name":"wp","href":"https:\/\/api.w.org\/{rel}","templated":true}]}}