{"id":1081,"date":"2022-02-24T10:40:54","date_gmt":"2022-02-24T09:40:54","guid":{"rendered":"https:\/\/www.unioviedo.es\/aunas\/?p=1081"},"modified":"2022-02-24T12:55:36","modified_gmt":"2022-02-24T11:55:36","slug":"jornadas-sobre-la-reforma-laboral","status":"publish","type":"post","link":"https:\/\/www.unioviedo.es\/aunas\/jornadas-sobre-la-reforma-laboral\/","title":{"rendered":"Jornadas sobre la reforma laboral"},"content":{"rendered":"\n<figure class=\"wp-block-image size-large\"><img decoding=\"async\" loading=\"lazy\" width=\"933\" height=\"663\" src=\"https:\/\/www.unioviedo.es\/aunas\/wp-content\/uploads\/2022\/02\/Screenshot-2022-02-24-at-12-47-37-un-nuevo-rumbo-para-las-relaciones-laborales-pdf.png\" alt=\"\" class=\"wp-image-1089\" srcset=\"https:\/\/www.unioviedo.es\/aunas\/wp-content\/uploads\/2022\/02\/Screenshot-2022-02-24-at-12-47-37-un-nuevo-rumbo-para-las-relaciones-laborales-pdf.png 933w, https:\/\/www.unioviedo.es\/aunas\/wp-content\/uploads\/2022\/02\/Screenshot-2022-02-24-at-12-47-37-un-nuevo-rumbo-para-las-relaciones-laborales-pdf-300x213.png 300w, https:\/\/www.unioviedo.es\/aunas\/wp-content\/uploads\/2022\/02\/Screenshot-2022-02-24-at-12-47-37-un-nuevo-rumbo-para-las-relaciones-laborales-pdf-768x546.png 768w\" sizes=\"(max-width: 767px) 89vw, (max-width: 1000px) 54vw, (max-width: 1071px) 543px, 580px\" \/><\/figure>\n\n\n\n<p>El Grupo de investigaci\u00f3n acreditado de Derecho Social de la Universidad de Oviedo organiza, junto con las facultades de derecho y econom\u00eda y empresa, unas jornadas sobre la reforma laboral, con el t\u00edtulo \u201c\u00bfUn nuevo rumbo para las relaciones laborales?\u201d.<\/p>\n\n\n\n<p>Las jornadas se enmarcan en diversos proyectos de investigaci\u00f3n del grupo, entre los que se encuentra el Proyecto AUNAS, dos de cuyos miembros (Carolina Mart\u00ednez Moreno y Luis Antonio Fern\u00e1ndez Villaz\u00f3n) presentan ponencias.<\/p>\n\n\n\n<p>Las jornadas tendr\u00e1n lugar los d\u00edas 8 y 15 de marzo de 2022.<\/p>\n\n\n\n<div class=\"wp-block-file\"><a href=\"https:\/\/www.unioviedo.es\/aunas\/wp-content\/uploads\/2022\/02\/un-nuevo-rumbo-para-las-relaciones-laborales.pdf\">Consulte aqu\u00ed el programa de las jornadas<\/a><a href=\"https:\/\/www.unioviedo.es\/aunas\/wp-content\/uploads\/2022\/02\/un-nuevo-rumbo-para-las-relaciones-laborales.pdf\" class=\"wp-block-file__button\" download>Descarga<\/a><\/div>\n","protected":false},"excerpt":{"rendered":"<p>El Grupo de investigaci\u00f3n acreditado de Derecho Social de la Universidad de Oviedo organiza, junto con las facultades de derecho y econom\u00eda y empresa, unas jornadas sobre la reforma laboral, con el t\u00edtulo \u201c\u00bfUn nuevo rumbo para las relaciones laborales?\u201d. Las jornadas se enmarcan en diversos proyectos de investigaci\u00f3n del grupo, entre los que se &hellip; <\/p>\n<p class=\"link-more\"><a href=\"https:\/\/www.unioviedo.es\/aunas\/jornadas-sobre-la-reforma-laboral\/\" class=\"more-link\">Continuar leyendo<span class=\"screen-reader-text\"> \u00abJornadas sobre la reforma laboral\u00bb<\/span><\/a><\/p>\n","protected":false},"author":1,"featured_media":0,"comment_status":"closed","ping_status":"closed","sticky":false,"template":"","format":"standard","meta":{"footnotes":""},"categories":[1],"tags":[],"_links":{"self":[{"href":"https:\/\/www.unioviedo.es\/aunas\/wp-json\/wp\/v2\/posts\/1081"}],"collection":[{"href":"https:\/\/www.unioviedo.es\/aunas\/wp-json\/wp\/v2\/posts"}],"about":[{"href":"https:\/\/www.unioviedo.es\/aunas\/wp-json\/wp\/v2\/types\/post"}],"author":[{"embeddable":true,"href":"https:\/\/www.unioviedo.es\/aunas\/wp-json\/wp\/v2\/users\/1"}],"replies":[{"embeddable":true,"href":"https:\/\/www.unioviedo.es\/aunas\/wp-json\/wp\/v2\/comments?post=1081"}],"version-history":[{"count":6,"href":"https:\/\/www.unioviedo.es\/aunas\/wp-json\/wp\/v2\/posts\/1081\/revisions"}],"predecessor-version":[{"id":1091,"href":"https:\/\/www.unioviedo.es\/aunas\/wp-json\/wp\/v2\/posts\/1081\/revisions\/1091"}],"wp:attachment":[{"href":"https:\/\/www.unioviedo.es\/aunas\/wp-json\/wp\/v2\/media?parent=1081"}],"wp:term":[{"taxonomy":"category","embeddable":true,"href":"https:\/\/www.unioviedo.es\/aunas\/wp-json\/wp\/v2\/categories?post=1081"},{"taxonomy":"post_tag","embeddable":true,"href":"https:\/\/www.unioviedo.es\/aunas\/wp-json\/wp\/v2\/tags?post=1081"}],"curies":[{"name":"wp","href":"https:\/\/api.w.org\/{rel}","templated":true}]}}