{"id":1105,"date":"2022-04-26T10:07:12","date_gmt":"2022-04-26T08:07:12","guid":{"rendered":"https:\/\/www.unioviedo.es\/aunas\/?p=1105"},"modified":"2022-04-26T10:09:59","modified_gmt":"2022-04-26T08:09:59","slug":"en-marcha-una-nueva-edicion-del-curso-de-verano-de-cangas-de-narcea","status":"publish","type":"post","link":"https:\/\/www.unioviedo.es\/aunas\/en-marcha-una-nueva-edicion-del-curso-de-verano-de-cangas-de-narcea\/","title":{"rendered":"En marcha una nueva edici\u00f3n del Curso de Verano en Cangas del Narcea (Asturias)"},"content":{"rendered":"\n<figure class=\"wp-block-image size-medium\"><img decoding=\"async\" loading=\"lazy\" width=\"225\" height=\"300\" src=\"https:\/\/www.unioviedo.es\/aunas\/wp-content\/uploads\/2022\/04\/Imagen-Verano-2022-3x4-vertical-225x300.jpg\" alt=\"\" class=\"wp-image-1106\" srcset=\"https:\/\/www.unioviedo.es\/aunas\/wp-content\/uploads\/2022\/04\/Imagen-Verano-2022-3x4-vertical-225x300.jpg 225w, https:\/\/www.unioviedo.es\/aunas\/wp-content\/uploads\/2022\/04\/Imagen-Verano-2022-3x4-vertical-768x1024.jpg 768w, https:\/\/www.unioviedo.es\/aunas\/wp-content\/uploads\/2022\/04\/Imagen-Verano-2022-3x4-vertical-1152x1536.jpg 1152w, https:\/\/www.unioviedo.es\/aunas\/wp-content\/uploads\/2022\/04\/Imagen-Verano-2022-3x4-vertical-1536x2048.jpg 1536w, https:\/\/www.unioviedo.es\/aunas\/wp-content\/uploads\/2022\/04\/Imagen-Verano-2022-3x4-vertical-scaled.jpg 1920w\" sizes=\"(max-width: 225px) 100vw, 225px\" \/><\/figure>\n\n\n\n<p>Nuestra compa\u00f1era Remedios Men\u00e9ndez Calvo organiza un a\u00f1o m\u00e1s este curso de verano de la Universidad de Alcal\u00e1 de Henares en Cangas del Narcea (Asturias), con el t\u00edtulo \u00ab<strong><em>Cuestiones actuales del Derecho del Trabajo: retos socio-econ\u00f3micos y propuestas laborales<\/em><\/strong>\u00ab. En \u00e9l colaboran otros miembrtos del equipo de investigaci\u00f3n, como nuestros IPs (Luis Antonio Fern\u00e1ndez  Villaz\u00f3n y Ana Rosa Arg\u00fcelles Blanco) o Vanesa Rodr\u00edguez \u00c1lvarez.<\/p>\n\n\n\n<p>Consulte la ionformaci\u00f3n completa del curso <a href=\"https:\/\/www.uah.es\/es\/vivir-la-uah\/actividades\/cursos-de-extension-universitaria\/cursos-de-extension\/54-01-Cuestiones-actuales-de-derecho-del-trabajo-retos-socio-economicos-y-propuestas-laborales\/\">aqu\u00ed<\/a><\/p>\n","protected":false},"excerpt":{"rendered":"<p>Nuestra compa\u00f1era Remedios Men\u00e9ndez Calvo organiza un a\u00f1o m\u00e1s este curso de verano de la Universidad de Alcal\u00e1 de Henares en Cangas del Narcea (Asturias), con el t\u00edtulo \u00abCuestiones actuales del Derecho del Trabajo: retos socio-econ\u00f3micos y propuestas laborales\u00ab. En \u00e9l colaboran otros miembrtos del equipo de investigaci\u00f3n, como nuestros IPs (Luis Antonio Fern\u00e1ndez Villaz\u00f3n &hellip; <\/p>\n<p class=\"link-more\"><a href=\"https:\/\/www.unioviedo.es\/aunas\/en-marcha-una-nueva-edicion-del-curso-de-verano-de-cangas-de-narcea\/\" class=\"more-link\">Continuar leyendo<span class=\"screen-reader-text\"> \u00abEn marcha una nueva edici\u00f3n del Curso de Verano en Cangas del Narcea (Asturias)\u00bb<\/span><\/a><\/p>\n","protected":false},"author":1,"featured_media":0,"comment_status":"closed","ping_status":"closed","sticky":false,"template":"","format":"standard","meta":{"footnotes":""},"categories":[1],"tags":[],"_links":{"self":[{"href":"https:\/\/www.unioviedo.es\/aunas\/wp-json\/wp\/v2\/posts\/1105"}],"collection":[{"href":"https:\/\/www.unioviedo.es\/aunas\/wp-json\/wp\/v2\/posts"}],"about":[{"href":"https:\/\/www.unioviedo.es\/aunas\/wp-json\/wp\/v2\/types\/post"}],"author":[{"embeddable":true,"href":"https:\/\/www.unioviedo.es\/aunas\/wp-json\/wp\/v2\/users\/1"}],"replies":[{"embeddable":true,"href":"https:\/\/www.unioviedo.es\/aunas\/wp-json\/wp\/v2\/comments?post=1105"}],"version-history":[{"count":3,"href":"https:\/\/www.unioviedo.es\/aunas\/wp-json\/wp\/v2\/posts\/1105\/revisions"}],"predecessor-version":[{"id":1109,"href":"https:\/\/www.unioviedo.es\/aunas\/wp-json\/wp\/v2\/posts\/1105\/revisions\/1109"}],"wp:attachment":[{"href":"https:\/\/www.unioviedo.es\/aunas\/wp-json\/wp\/v2\/media?parent=1105"}],"wp:term":[{"taxonomy":"category","embeddable":true,"href":"https:\/\/www.unioviedo.es\/aunas\/wp-json\/wp\/v2\/categories?post=1105"},{"taxonomy":"post_tag","embeddable":true,"href":"https:\/\/www.unioviedo.es\/aunas\/wp-json\/wp\/v2\/tags?post=1105"}],"curies":[{"name":"wp","href":"https:\/\/api.w.org\/{rel}","templated":true}]}}