{"id":1135,"date":"2022-06-09T18:06:22","date_gmt":"2022-06-09T16:06:22","guid":{"rendered":"https:\/\/www.unioviedo.es\/aunas\/?p=1135"},"modified":"2022-07-30T19:09:58","modified_gmt":"2022-07-30T17:09:58","slug":"jornada-de-estudio-sobre-negociacion-colectiva-organizada-por-la-ccncc","status":"publish","type":"post","link":"https:\/\/www.unioviedo.es\/aunas\/jornada-de-estudio-sobre-negociacion-colectiva-organizada-por-la-ccncc\/","title":{"rendered":"Jornada de estudio sobre negociaci\u00f3n colectiva y la reforma laboral, organizada por la CCNCC"},"content":{"rendered":"\n<figure class=\"wp-block-image size-medium\"><img decoding=\"async\" loading=\"lazy\" width=\"300\" height=\"225\" src=\"https:\/\/www.unioviedo.es\/aunas\/wp-content\/uploads\/2022\/06\/F696E91E-C23F-41B5-A90E-5F9C1D31ED57-300x225.jpeg\" alt=\"\" class=\"wp-image-1136\" srcset=\"https:\/\/www.unioviedo.es\/aunas\/wp-content\/uploads\/2022\/06\/F696E91E-C23F-41B5-A90E-5F9C1D31ED57-300x225.jpeg 300w, https:\/\/www.unioviedo.es\/aunas\/wp-content\/uploads\/2022\/06\/F696E91E-C23F-41B5-A90E-5F9C1D31ED57-1024x768.jpeg 1024w, https:\/\/www.unioviedo.es\/aunas\/wp-content\/uploads\/2022\/06\/F696E91E-C23F-41B5-A90E-5F9C1D31ED57-768x576.jpeg 768w, https:\/\/www.unioviedo.es\/aunas\/wp-content\/uploads\/2022\/06\/F696E91E-C23F-41B5-A90E-5F9C1D31ED57-1536x1152.jpeg 1536w, https:\/\/www.unioviedo.es\/aunas\/wp-content\/uploads\/2022\/06\/F696E91E-C23F-41B5-A90E-5F9C1D31ED57.jpeg 2000w\" sizes=\"(max-width: 300px) 100vw, 300px\" \/><\/figure>\n\n\n\n<p>Hoy jueves, 9 de junio de 2022, tuvo lugar en Madrid la XXXV Jornada de estudio sobre negociaci\u00f3n colectiva, organizada por la Comisi\u00f3n Consultiva Nacional de Convenios Colectivos, con el t\u00edtulo \u201cLa negociaci\u00f3n colectiva en la reforma laboral de 2021\u201d. En ella ha participado Carolina Mart\u00ednez Moreno, miembro de nuestro equipo de investigaci\u00f3n. Carolina habl\u00f3 sobre \u201cConcurrencia entre convenios. En particular, convenio aplicable a las contratas de obras y servicios\u201d, en el marco de la mesa redonda \u201cLa reforma laboral de 2021 desde la perspectiva de la negociaci\u00f3n colectiva\u201d.<\/p>\n\n\n\n<div class=\"wp-block-file\"><a href=\"https:\/\/www.unioviedo.es\/aunas\/wp-content\/uploads\/2022\/06\/Programa-Jornada-XXXV-2.pdf\">Descargue aqu\u00ed el programa de la jornada<\/a><a href=\"https:\/\/www.unioviedo.es\/aunas\/wp-content\/uploads\/2022\/06\/Programa-Jornada-XXXV-2.pdf\" class=\"wp-block-file__button\" download>Descarga<\/a><\/div>\n\n\n\n<p>Consulte el v\u00eddeo de la jornada <a href=\"https:\/\/youtu.be\/6wjCzHlJhhE\">aqu\u00ed<\/a>.<\/p>\n\n\n\n<p><\/p>\n","protected":false},"excerpt":{"rendered":"<p>Hoy jueves, 9 de junio de 2022, tuvo lugar en Madrid la XXXV Jornada de estudio sobre negociaci\u00f3n colectiva, organizada por la Comisi\u00f3n Consultiva Nacional de Convenios Colectivos, con el t\u00edtulo \u201cLa negociaci\u00f3n colectiva en la reforma laboral de 2021\u201d. En ella ha participado Carolina Mart\u00ednez Moreno, miembro de nuestro equipo de investigaci\u00f3n. Carolina habl\u00f3 &hellip; <\/p>\n<p class=\"link-more\"><a href=\"https:\/\/www.unioviedo.es\/aunas\/jornada-de-estudio-sobre-negociacion-colectiva-organizada-por-la-ccncc\/\" class=\"more-link\">Continuar leyendo<span class=\"screen-reader-text\"> \u00abJornada de estudio sobre negociaci\u00f3n colectiva y la reforma laboral, organizada por la CCNCC\u00bb<\/span><\/a><\/p>\n","protected":false},"author":1,"featured_media":0,"comment_status":"closed","ping_status":"closed","sticky":false,"template":"","format":"standard","meta":{"footnotes":""},"categories":[1],"tags":[],"_links":{"self":[{"href":"https:\/\/www.unioviedo.es\/aunas\/wp-json\/wp\/v2\/posts\/1135"}],"collection":[{"href":"https:\/\/www.unioviedo.es\/aunas\/wp-json\/wp\/v2\/posts"}],"about":[{"href":"https:\/\/www.unioviedo.es\/aunas\/wp-json\/wp\/v2\/types\/post"}],"author":[{"embeddable":true,"href":"https:\/\/www.unioviedo.es\/aunas\/wp-json\/wp\/v2\/users\/1"}],"replies":[{"embeddable":true,"href":"https:\/\/www.unioviedo.es\/aunas\/wp-json\/wp\/v2\/comments?post=1135"}],"version-history":[{"count":3,"href":"https:\/\/www.unioviedo.es\/aunas\/wp-json\/wp\/v2\/posts\/1135\/revisions"}],"predecessor-version":[{"id":1142,"href":"https:\/\/www.unioviedo.es\/aunas\/wp-json\/wp\/v2\/posts\/1135\/revisions\/1142"}],"wp:attachment":[{"href":"https:\/\/www.unioviedo.es\/aunas\/wp-json\/wp\/v2\/media?parent=1135"}],"wp:term":[{"taxonomy":"category","embeddable":true,"href":"https:\/\/www.unioviedo.es\/aunas\/wp-json\/wp\/v2\/categories?post=1135"},{"taxonomy":"post_tag","embeddable":true,"href":"https:\/\/www.unioviedo.es\/aunas\/wp-json\/wp\/v2\/tags?post=1135"}],"curies":[{"name":"wp","href":"https:\/\/api.w.org\/{rel}","templated":true}]}}