{"id":1143,"date":"2022-07-30T20:15:36","date_gmt":"2022-07-30T18:15:36","guid":{"rendered":"https:\/\/www.unioviedo.es\/aunas\/?p=1143"},"modified":"2022-07-31T14:44:45","modified_gmt":"2022-07-31T12:44:45","slug":"cronica-del-curso-de-verano-de-cangas-del-narcea","status":"publish","type":"post","link":"https:\/\/www.unioviedo.es\/aunas\/cronica-del-curso-de-verano-de-cangas-del-narcea\/","title":{"rendered":"Cr\u00f3nica del curso de verano de la Universidad de Alcal\u00e1 en Cangas del Narcea"},"content":{"rendered":"\n<p>Como empieza a ser ya tradicional, ha tenido lugar en Cangas del Narcea el curso de verano de la Universidad de Alcal\u00e1, dirigido por Remedios Men\u00e9ndez Calvo, miembro de  nuestro equipo de investigaci\u00f3n. El curso ha tenido lugar los d\u00edas 27, 28 y 29 de julio y ha tenido por t\u00edtulo : \u00abCuestiones actuales de derecho del trabajo: retos socio-econ\u00f3micos y propuestas laborales\u00bb.<\/p>\n\n\n\n<figure class=\"wp-block-image size-medium\"><img decoding=\"async\" loading=\"lazy\" width=\"225\" height=\"300\" src=\"https:\/\/www.unioviedo.es\/aunas\/wp-content\/uploads\/2022\/04\/Imagen-Verano-2022-3x4-vertical-225x300.jpg\" alt=\"\" class=\"wp-image-1106\" srcset=\"https:\/\/www.unioviedo.es\/aunas\/wp-content\/uploads\/2022\/04\/Imagen-Verano-2022-3x4-vertical-225x300.jpg 225w, https:\/\/www.unioviedo.es\/aunas\/wp-content\/uploads\/2022\/04\/Imagen-Verano-2022-3x4-vertical-768x1024.jpg 768w, https:\/\/www.unioviedo.es\/aunas\/wp-content\/uploads\/2022\/04\/Imagen-Verano-2022-3x4-vertical-1152x1536.jpg 1152w, https:\/\/www.unioviedo.es\/aunas\/wp-content\/uploads\/2022\/04\/Imagen-Verano-2022-3x4-vertical-1536x2048.jpg 1536w, https:\/\/www.unioviedo.es\/aunas\/wp-content\/uploads\/2022\/04\/Imagen-Verano-2022-3x4-vertical-scaled.jpg 1920w\" sizes=\"(max-width: 225px) 100vw, 225px\" \/><\/figure>\n\n\n\n<p>El d\u00eda 27 tuvo lugar la inauguraci\u00f3n del curso a cargo de Pedro Fern\u00e1ndez-Raigoso, Director General de Empleo y Formaci\u00f3n del Gobierno del Principado de Asturias,  La Concejala de Turismo del Ayuntamiento de Cangas del Narcea, Bego\u00f1a Cueto Blanco, Javier Fern\u00e1ndez Lanero, Secretario General de UGT-Asturias y la directora del curso.<\/p>\n\n\n\n<figure class=\"wp-block-image size-large\"><img decoding=\"async\" loading=\"lazy\" width=\"1024\" height=\"768\" src=\"https:\/\/www.unioviedo.es\/aunas\/wp-content\/uploads\/2022\/07\/IMG_0321-2-1024x768.jpg\" alt=\"\" class=\"wp-image-1146\" srcset=\"https:\/\/www.unioviedo.es\/aunas\/wp-content\/uploads\/2022\/07\/IMG_0321-2-1024x768.jpg 1024w, https:\/\/www.unioviedo.es\/aunas\/wp-content\/uploads\/2022\/07\/IMG_0321-2-300x225.jpg 300w, https:\/\/www.unioviedo.es\/aunas\/wp-content\/uploads\/2022\/07\/IMG_0321-2-768x576.jpg 768w, https:\/\/www.unioviedo.es\/aunas\/wp-content\/uploads\/2022\/07\/IMG_0321-2-1536x1152.jpg 1536w, https:\/\/www.unioviedo.es\/aunas\/wp-content\/uploads\/2022\/07\/IMG_0321-2-2048x1536.jpg 2048w\" sizes=\"(max-width: 767px) 89vw, (max-width: 1000px) 54vw, (max-width: 1071px) 543px, 580px\" \/><\/figure>\n\n\n\n<p>A continuaci\u00f3n fue impartida la conferencia \u00abRelaciones laborales y contrato de trabajo en un modelo de gesti\u00f3n empresarial cambiante\u00bb, a cargo de los profesores Juan Jos\u00e9 Fern\u00e1ndez Dom\u00ednguez  y Susana Rodr\u00edguez Escanciano,  de la Universidad de Le\u00f3n. Actu\u00f3 de moderadora  Emma Rodr\u00edguez, profesora de la Universidad de Vigo y asesora del Ministerio de Trabajo y Economia Social del Gobierno de Espa\u00f1a.<\/p>\n\n\n\n<figure class=\"wp-block-image size-large\"><img decoding=\"async\" loading=\"lazy\" width=\"1024\" height=\"768\" src=\"https:\/\/www.unioviedo.es\/aunas\/wp-content\/uploads\/2022\/07\/IMG_0323-1024x768.jpg\" alt=\"\" class=\"wp-image-1147\" srcset=\"https:\/\/www.unioviedo.es\/aunas\/wp-content\/uploads\/2022\/07\/IMG_0323-1024x768.jpg 1024w, https:\/\/www.unioviedo.es\/aunas\/wp-content\/uploads\/2022\/07\/IMG_0323-300x225.jpg 300w, https:\/\/www.unioviedo.es\/aunas\/wp-content\/uploads\/2022\/07\/IMG_0323-768x576.jpg 768w, https:\/\/www.unioviedo.es\/aunas\/wp-content\/uploads\/2022\/07\/IMG_0323-1536x1152.jpg 1536w, https:\/\/www.unioviedo.es\/aunas\/wp-content\/uploads\/2022\/07\/IMG_0323-2048x1536.jpg 2048w\" sizes=\"(max-width: 767px) 89vw, (max-width: 1000px) 54vw, (max-width: 1071px) 543px, 580px\" \/><\/figure>\n\n\n\n<p>La segunda ponencia de la tarde llev\u00f3 por t\u00edtulo \u00abRespuestas de la negociaci\u00f3n colectiva en el actual marco jur\u00eddico-laboral con enfoque de igualdad de g\u00e9nero\u00bb. La ponente, presentada por la Directora del Curso, fue M\u00aa Luisa Molero, de la Universidad Rey Juan Carlos de Madrid. Aunque a la profesora Molero le hubiera gustado estar presente en Cangas, tuvo que impartir la charla por video conferencia.<\/p>\n\n\n\n<figure class=\"wp-block-image size-large\"><img decoding=\"async\" loading=\"lazy\" width=\"1024\" height=\"768\" src=\"https:\/\/www.unioviedo.es\/aunas\/wp-content\/uploads\/2022\/07\/IMG_0324-1024x768.jpg\" alt=\"\" class=\"wp-image-1148\" srcset=\"https:\/\/www.unioviedo.es\/aunas\/wp-content\/uploads\/2022\/07\/IMG_0324-1024x768.jpg 1024w, https:\/\/www.unioviedo.es\/aunas\/wp-content\/uploads\/2022\/07\/IMG_0324-300x225.jpg 300w, https:\/\/www.unioviedo.es\/aunas\/wp-content\/uploads\/2022\/07\/IMG_0324-768x576.jpg 768w, https:\/\/www.unioviedo.es\/aunas\/wp-content\/uploads\/2022\/07\/IMG_0324-1536x1152.jpg 1536w, https:\/\/www.unioviedo.es\/aunas\/wp-content\/uploads\/2022\/07\/IMG_0324-2048x1536.jpg 2048w\" sizes=\"(max-width: 767px) 89vw, (max-width: 1000px) 54vw, (max-width: 1071px) 543px, 580px\" \/><\/figure>\n\n\n\n<p>El d\u00eda 28 era el destinado a las cuestiones de Derecho colectivo de trabajo. La primera ponencia  corri\u00f3 a cargo de Diego \u00c1lvarez Alonso, de la Universidad de Oviedo, con el t\u00edtulo  \u00abLa representaci\u00f3n y participaci\u00f3n del personal en la empresa: debilidades y fortalezas\u00bb. El Profesor \u00c1lvarez fue presentado por Remedios Men\u00e9ndez.<\/p>\n\n\n\n<figure class=\"wp-block-image size-large\"><img decoding=\"async\" loading=\"lazy\" width=\"1024\" height=\"768\" src=\"https:\/\/www.unioviedo.es\/aunas\/wp-content\/uploads\/2022\/07\/IMG_0325-1024x768.jpg\" alt=\"\" class=\"wp-image-1149\" srcset=\"https:\/\/www.unioviedo.es\/aunas\/wp-content\/uploads\/2022\/07\/IMG_0325-1024x768.jpg 1024w, https:\/\/www.unioviedo.es\/aunas\/wp-content\/uploads\/2022\/07\/IMG_0325-300x225.jpg 300w, https:\/\/www.unioviedo.es\/aunas\/wp-content\/uploads\/2022\/07\/IMG_0325-768x576.jpg 768w, https:\/\/www.unioviedo.es\/aunas\/wp-content\/uploads\/2022\/07\/IMG_0325-1536x1152.jpg 1536w, https:\/\/www.unioviedo.es\/aunas\/wp-content\/uploads\/2022\/07\/IMG_0325-2048x1536.jpg 2048w\" sizes=\"(max-width: 767px) 89vw, (max-width: 1000px) 54vw, (max-width: 1071px) 543px, 580px\" \/><\/figure>\n\n\n\n<p>A continuaci\u00f3n se celebr\u00f3 la mesa redonda \u00abDerecho colectivo: enfoque plural\u00bb. En ella participaron Luis Antonio Fern\u00e1ndez Villaz\u00f3n, IP1 del Proyecto AUNAS, Daniel P\u00e9rez del Prado, de la Universidad Carlos III de Madrid (por video conferencia), Patricia Nieto, de la UNED, y Gratiela Moraru, de la Universidad de Castilla-La Mancha. Moder\u00f3 la mesa nuestra IP2, Ana Rosa Arg\u00fcelles Blanco. El profesor Fern\u00e1ndez Villaz\u00f3n present\u00f3 la monograf\u00eda y las jornadas finales del Proyecto AUNAS, adelantando algunas de las conclusiones de la investigaci\u00f3n.<\/p>\n\n\n\n<figure class=\"wp-block-image size-large\"><img decoding=\"async\" loading=\"lazy\" width=\"960\" height=\"720\" src=\"https:\/\/www.unioviedo.es\/aunas\/wp-content\/uploads\/2022\/07\/IMG_0337.jpg\" alt=\"\" class=\"wp-image-1153\" srcset=\"https:\/\/www.unioviedo.es\/aunas\/wp-content\/uploads\/2022\/07\/IMG_0337.jpg 960w, https:\/\/www.unioviedo.es\/aunas\/wp-content\/uploads\/2022\/07\/IMG_0337-300x225.jpg 300w, https:\/\/www.unioviedo.es\/aunas\/wp-content\/uploads\/2022\/07\/IMG_0337-768x576.jpg 768w\" sizes=\"(max-width: 767px) 89vw, (max-width: 1000px) 54vw, (max-width: 1071px) 543px, 580px\" \/><\/figure>\n\n\n\n<p>El tercer y \u00faltimo d\u00eda de la jornada comenz\u00f3 con la conferencia de \u00c1ngeles Ce\u00ednos Su\u00e1rez, profesora de la Universidad de Oviedo, con el t\u00edtulo \u201cDiversidad e inclusi\u00f3n: atenci\u00f3n laboral y social de los colectivos vulnerables\u00bb. Fue presentada por Roc\u00edo Guerrero, profesional de  Ceca Mag\u00e1n Abogados.<\/p>\n\n\n\n<figure class=\"wp-block-image size-large\"><img decoding=\"async\" loading=\"lazy\" width=\"1024\" height=\"768\" src=\"https:\/\/www.unioviedo.es\/aunas\/wp-content\/uploads\/2022\/07\/IMG_0327-1024x768.jpg\" alt=\"\" class=\"wp-image-1150\" srcset=\"https:\/\/www.unioviedo.es\/aunas\/wp-content\/uploads\/2022\/07\/IMG_0327-1024x768.jpg 1024w, https:\/\/www.unioviedo.es\/aunas\/wp-content\/uploads\/2022\/07\/IMG_0327-300x225.jpg 300w, https:\/\/www.unioviedo.es\/aunas\/wp-content\/uploads\/2022\/07\/IMG_0327-768x576.jpg 768w, https:\/\/www.unioviedo.es\/aunas\/wp-content\/uploads\/2022\/07\/IMG_0327-1536x1152.jpg 1536w, https:\/\/www.unioviedo.es\/aunas\/wp-content\/uploads\/2022\/07\/IMG_0327-2048x1536.jpg 2048w\" sizes=\"(max-width: 767px) 89vw, (max-width: 1000px) 54vw, (max-width: 1071px) 543px, 580px\" \/><\/figure>\n\n\n\n<p>La \u00faltima sesi\u00f3n la ocup\u00f3 la mesa redonda  \u00abPraxis laboral: realidad socio productiva y pr\u00e1ctica procesal\u00bb. En ella intervinieron Marcos O. Mart\u00ednez, Presidente del Colegio de Graduados Sociales de Asturias ,Vanesa Rodr\u00edguez, miembro de nuestro equipo de investigaci\u00f3n, Virginia Hern\u00e1nz, de la  Universidad de Alcal\u00e1 y Nerea Monroy, Vicesecretaria General de UGT-Asturias. Moder\u00f3 M\u00aa Encarnaci\u00f3n Gil, de la Universidad de Castilla-La Mancha. La profesora Vanesa Rodr\u00edguez expuso las l\u00edneas principales de su investigaci\u00f3n para el proyecto AUNAS, acerca de la valoraci\u00f3n social de los sindicatos en Espa\u00f1a.<\/p>\n\n\n\n<figure class=\"wp-block-image size-large\"><img decoding=\"async\" loading=\"lazy\" width=\"1024\" height=\"768\" src=\"https:\/\/www.unioviedo.es\/aunas\/wp-content\/uploads\/2022\/07\/IMG_0329-1024x768.jpg\" alt=\"\" class=\"wp-image-1151\" srcset=\"https:\/\/www.unioviedo.es\/aunas\/wp-content\/uploads\/2022\/07\/IMG_0329-1024x768.jpg 1024w, https:\/\/www.unioviedo.es\/aunas\/wp-content\/uploads\/2022\/07\/IMG_0329-300x225.jpg 300w, https:\/\/www.unioviedo.es\/aunas\/wp-content\/uploads\/2022\/07\/IMG_0329-768x576.jpg 768w, https:\/\/www.unioviedo.es\/aunas\/wp-content\/uploads\/2022\/07\/IMG_0329-1536x1152.jpg 1536w, https:\/\/www.unioviedo.es\/aunas\/wp-content\/uploads\/2022\/07\/IMG_0329-2048x1536.jpg 2048w\" sizes=\"(max-width: 767px) 89vw, (max-width: 1000px) 54vw, (max-width: 1071px) 543px, 580px\" \/><\/figure>\n\n\n\n<p>La clausura del curso fue a cargo de Maravillas Esp\u00edn, Directora General de Trabajo Aut\u00f3nomo del Ministerio de Trabajo del Gobierno de Espa\u00f1a, compa\u00f1era profesora de Derecho del Trabajo y miembro del equipo de trabajo del Proyecto AUNAS.<\/p>\n\n\n\n<figure class=\"wp-block-image size-large\"><img decoding=\"async\" loading=\"lazy\" width=\"1024\" height=\"768\" src=\"https:\/\/www.unioviedo.es\/aunas\/wp-content\/uploads\/2022\/07\/IMG_0330-1024x768.jpg\" alt=\"\" class=\"wp-image-1152\" srcset=\"https:\/\/www.unioviedo.es\/aunas\/wp-content\/uploads\/2022\/07\/IMG_0330-1024x768.jpg 1024w, https:\/\/www.unioviedo.es\/aunas\/wp-content\/uploads\/2022\/07\/IMG_0330-300x225.jpg 300w, https:\/\/www.unioviedo.es\/aunas\/wp-content\/uploads\/2022\/07\/IMG_0330-768x576.jpg 768w, https:\/\/www.unioviedo.es\/aunas\/wp-content\/uploads\/2022\/07\/IMG_0330-1536x1152.jpg 1536w, https:\/\/www.unioviedo.es\/aunas\/wp-content\/uploads\/2022\/07\/IMG_0330-2048x1536.jpg 2048w\" sizes=\"(max-width: 767px) 89vw, (max-width: 1000px) 54vw, (max-width: 1071px) 543px, 580px\" \/><\/figure>\n\n\n\n<p>En esta fecha tambi\u00e9n tuvo lugar la \u00faltima reuni\u00f3n de coordinaci\u00f3n del Proyecto AUNAS para organizar las \u00faltimas actividades, como la divulgaci\u00f3n de las conclusiones y los preparativos de las jornadas finales .<\/p>\n\n\n\n<p>Fueron tres d\u00edas muy productivos, de intercambio muy enriquecedor con profesores, profesionales e investigadores de toda Espa\u00f1a. Aunque el centro lo ocup\u00f3, obviamente, el Derecho del Trabajo tambi\u00e9n participaron especialistas de otras disciplinas, como la Sociolog\u00eda del Trabajo o la Econom\u00eda. <\/p>\n\n\n\n<p>Hubo tiempo tambi\u00e9n para los aspectos culturales y l\u00fadicos, con una excelente programaci\u00f3n de eventos complementarios, organizada con mimo y excelente gusto por Remedios Men\u00e9ndez Calvo, con la colaboraci\u00f3n del Ayuntamiento de Cangas del Narcea y el Consejo Regulador de la Denominaci\u00f3n Origen Protegida \u00abCangas\u00bb. Un evento inolvidable en lo profesional, pero tambi\u00e9n en lo personal. Se anuncia nueva edici\u00f3n para el a\u00f1o que viene&#8230;<\/p>\n","protected":false},"excerpt":{"rendered":"<p>Como empieza a ser ya tradicional, ha tenido lugar en Cangas del Narcea el curso de verano de la Universidad de Alcal\u00e1, dirigido por Remedios Men\u00e9ndez Calvo, miembro de nuestro equipo de investigaci\u00f3n. El curso ha tenido lugar los d\u00edas 27, 28 y 29 de julio y ha tenido por t\u00edtulo : \u00abCuestiones actuales de &hellip; <\/p>\n<p class=\"link-more\"><a href=\"https:\/\/www.unioviedo.es\/aunas\/cronica-del-curso-de-verano-de-cangas-del-narcea\/\" class=\"more-link\">Continuar leyendo<span class=\"screen-reader-text\"> \u00abCr\u00f3nica del curso de verano de la Universidad de Alcal\u00e1 en Cangas del Narcea\u00bb<\/span><\/a><\/p>\n","protected":false},"author":1,"featured_media":0,"comment_status":"closed","ping_status":"closed","sticky":false,"template":"","format":"standard","meta":{"footnotes":""},"categories":[1],"tags":[],"_links":{"self":[{"href":"https:\/\/www.unioviedo.es\/aunas\/wp-json\/wp\/v2\/posts\/1143"}],"collection":[{"href":"https:\/\/www.unioviedo.es\/aunas\/wp-json\/wp\/v2\/posts"}],"about":[{"href":"https:\/\/www.unioviedo.es\/aunas\/wp-json\/wp\/v2\/types\/post"}],"author":[{"embeddable":true,"href":"https:\/\/www.unioviedo.es\/aunas\/wp-json\/wp\/v2\/users\/1"}],"replies":[{"embeddable":true,"href":"https:\/\/www.unioviedo.es\/aunas\/wp-json\/wp\/v2\/comments?post=1143"}],"version-history":[{"count":7,"href":"https:\/\/www.unioviedo.es\/aunas\/wp-json\/wp\/v2\/posts\/1143\/revisions"}],"predecessor-version":[{"id":1160,"href":"https:\/\/www.unioviedo.es\/aunas\/wp-json\/wp\/v2\/posts\/1143\/revisions\/1160"}],"wp:attachment":[{"href":"https:\/\/www.unioviedo.es\/aunas\/wp-json\/wp\/v2\/media?parent=1143"}],"wp:term":[{"taxonomy":"category","embeddable":true,"href":"https:\/\/www.unioviedo.es\/aunas\/wp-json\/wp\/v2\/categories?post=1143"},{"taxonomy":"post_tag","embeddable":true,"href":"https:\/\/www.unioviedo.es\/aunas\/wp-json\/wp\/v2\/tags?post=1143"}],"curies":[{"name":"wp","href":"https:\/\/api.w.org\/{rel}","templated":true}]}}